{"id":10210,"date":"2025-06-09T16:07:58","date_gmt":"2025-06-09T16:07:58","guid":{"rendered":"https:\/\/www.upo.es\/patio-colorado\/?p=10210"},"modified":"2025-06-09T16:07:58","modified_gmt":"2025-06-09T16:07:58","slug":"los-toros-en-andalucia-mas-publicos-que-nunca","status":"publish","type":"post","link":"https:\/\/www.upo.es\/patio-colorado\/2025\/06\/09\/los-toros-en-andalucia-mas-publicos-que-nunca\/","title":{"rendered":"Los toros en Andaluc\u00eda: m\u00e1s p\u00fablicos que nunca"},"content":{"rendered":"<p><span style=\"font-weight: 400\">Para bien o para mal, la cultura taurina ha estado hist\u00f3ricamente asociada a Andaluc\u00eda y tambi\u00e9n a la ciudad de Sevilla. De hecho, un atractivo muy potente de la Feria de Sevilla para muchos, sean turistas o aut\u00f3ctonos, es el inicio de la temporada taurina en la Plaza de la Maestranza, cuya fecha suele ser muy cercana a la de la semana grande sevillana.<\/span><\/p>\n<p>&nbsp;<\/p>\n<p><span style=\"font-weight: 400\">Precisamente este a\u00f1o, y en medio de la ya mencionada feria, nace un proyecto muy ambicioso y de caracter\u00edsticas nunca vistas con anterioridad: \u201cTauroCromos\u201d, la mayor colecci\u00f3n de cromos taurinos de la historia. Esta colecci\u00f3n se podr\u00e1 adquirir desde el d\u00eda 9 de mayo e incluye una recopilaci\u00f3n de 558 cromos, de los cuales se han editado 25.000 ejemplares y casi 14 millones de im\u00e1genes relacionadas con el mundo del toreo: desde plaza de toros, a toreros y una secci\u00f3n m\u00e1s art\u00edstica.<\/span><\/p>\n<p>&nbsp;<\/p>\n<p><span style=\"font-weight: 400\">Un aspecto destacable de la colecci\u00f3n que acerca la escena taurina a las nuevas tecnolog\u00edas es la adhesi\u00f3n de un c\u00f3digo QR a cada carta. De esta forma el coleccionista podr\u00e1 acceder a una p\u00e1gina web con datos de inter\u00e9s sobre su cromo y otros aspectos relacionados.<\/span><\/p>\n<p>&nbsp;<\/p>\n<p><span style=\"font-weight: 400\">La pol\u00e9mica no tard\u00f3 en aparecer cuando se dio a conocer que la Junta de Andaluc\u00eda respaldar\u00eda el proyecto a trav\u00e9s de publicidad institucional, posicion\u00e1ndose claramente a favor de una iniciativa que sin embargo no gusta entre un gran sector poblacional antitaurino. Antonio Sanz, consejero andaluz de Presidencia ha defendido que el Gobierno andaluz no puede tener complejos a la hora de defender tanto las iniciativas privadas como los toros porque son arte, cultura, econom\u00eda y turismo.<\/span><\/p>\n<p>&nbsp;<\/p>\n<p><span style=\"font-weight: 400\">Esta pol\u00e9mica se suma a otra ya existente por la recuperaci\u00f3n de la emisi\u00f3n de los eventos taurinos en la televisi\u00f3n andaluza Canal Sur, sobre lo que Sanz tambi\u00e9n ha hablando de forma favorable, recalcando el car\u00e1cter positivo de la transmisi\u00f3n gratuita de los festejos taurinos en todos los continentes, que seg\u00fan \u00e9l ser\u00e1 muy agradecida tanto por mayores como por j\u00f3venes.<\/span><\/p>\n<p>&nbsp;<\/p>\n<p><span style=\"font-weight: 400\">Como mencionamos antes, si bien es evidente que la tradici\u00f3n taurina est\u00e1 inexorablemente ligada a varias de las tradiciones sevillanas, tambi\u00e9n es cierto que a medida que avanzamos en el tiempo, son m\u00e1s las voces que se alzan en contra de estos espect\u00e1culos, incluso dentro de Sevilla, alegando que no se trata de representaciones art\u00edsticas, sino m\u00e1s bien de celebraciones crueles, sangrientas e innecesarias, que por tanto deber\u00edan desaparecer. Por ello, llama la atenci\u00f3n la posici\u00f3n tan firme que adopta el Gobierno auton\u00f3mico en torno a esta cuesti\u00f3n, incluso aportando financiaci\u00f3n p\u00fablica a \u00e1mbitos tan tradicionales como pol\u00e9micos. Tendremos que esperar para ver c\u00f3mo se desarrollan los acontecimientos pr\u00f3ximamente y conocer cu\u00e1l es la respuesta popular mayoritaria que surja en consecuencia.<\/span><\/p>\n<p><img loading=\"lazy\" decoding=\"async\" class=\"alignnone size-medium wp-image-10211\" src=\"https:\/\/www.upo.es\/patio-colorado\/wp-content\/uploads\/2025\/06\/Home-983x1024-1-288x300.png\" alt=\"\" width=\"288\" height=\"300\" srcset=\"https:\/\/www.upo.es\/patio-colorado\/wp-content\/uploads\/2025\/06\/Home-983x1024-1-288x300.png 288w, https:\/\/www.upo.es\/patio-colorado\/wp-content\/uploads\/2025\/06\/Home-983x1024-1-768x800.png 768w, https:\/\/www.upo.es\/patio-colorado\/wp-content\/uploads\/2025\/06\/Home-983x1024-1.png 983w\" sizes=\"auto, (max-width: 288px) 100vw, 288px\" \/><\/p>\n<p><span style=\"font-weight: 400\">A.M.R. (6 de mayo de 2025). Nace \u00abTauroCromos\u00bb, el mayor coleccionable con casi 14 millones de estampitas dedicada a los toreros. <\/span><i><span style=\"font-weight: 400\">El Correo de Andaluc\u00eda<\/span><\/i><span style=\"font-weight: 400\">. <a href=\"https:\/\/www.elcorreoweb.es\/cultura\/2025\/05\/06\/nace-taurocromos-mayor-coleccionable-14-117078909.html\">https:\/\/www.elcorreoweb.es\/cultura\/2025\/05\/06\/nace-taurocromos-mayor-coleccionable-14-117078909.html<\/a><\/span><\/p>\n<p>&nbsp;<\/p>\n<p><span style=\"font-weight: 400\">Navarro, P. (5 de mayo de 2025). As\u00ed es \u00abTauroCromos\u00bb, la esperad\u00edsima colecci\u00f3n sobre Tauromaquia, que ha puesto de acuerdo a todos. <\/span><i><span style=\"font-weight: 400\">La Raz\u00f3n<\/span><\/i><span style=\"font-weight: 400\">. <a href=\"https:\/\/www.larazon.es\/cultura\/toros\/asi-taurocromos-esperadisima-coleccion-tauromaquia-que-han-volcado-todos-toreros_202505056818a8f95d71dc778a992a0f.html\">https:\/\/www.larazon.es\/cultura\/toros\/asi-taurocromos-esperadisima-coleccion-tauromaquia-que-han-volcado-todos-toreros_202505056818a8f95d71dc778a992a0f.html<\/a><\/span><\/p>\n<p>&nbsp;<\/p>\n","protected":false},"excerpt":{"rendered":"<p>Para bien o para mal, la cultura taurina ha estado hist\u00f3ricamente asociada a Andaluc\u00eda y tambi\u00e9n a la ciudad de Sevilla. De hecho, un atractivo muy potente de la Feria de Sevilla para muchos, sean turistas o aut\u00f3ctonos, es el inicio de la temporada taurina en la Plaza de la Maestranza, cuya fecha suele ser [&hellip;]<\/p>\n","protected":false},"author":168,"featured_media":10211,"comment_status":"open","ping_status":"open","sticky":false,"template":"","format":"standard","meta":{"_acf_changed":false,"_monsterinsights_skip_tracking":false,"_monsterinsights_sitenote_active":false,"_monsterinsights_sitenote_note":"","_monsterinsights_sitenote_category":0,"footnotes":""},"categories":[169,1110,301],"tags":[55,6,1173,1174],"class_list":["post-10210","post","type-post","status-publish","format-standard","has-post-thumbnail","hentry","category-cine-artes-audiovisuales","category-noticias","category-sevilla","tag-andalucia","tag-sevilla","tag-tauromaquia","tag-toros"],"blocksy_meta":[],"acf":[],"jetpack_featured_media_url":"https:\/\/www.upo.es\/patio-colorado\/wp-content\/uploads\/2025\/06\/Home-983x1024-1.png","_links":{"self":[{"href":"https:\/\/www.upo.es\/patio-colorado\/wp-json\/wp\/v2\/posts\/10210","targetHints":{"allow":["GET"]}}],"collection":[{"href":"https:\/\/www.upo.es\/patio-colorado\/wp-json\/wp\/v2\/posts"}],"about":[{"href":"https:\/\/www.upo.es\/patio-colorado\/wp-json\/wp\/v2\/types\/post"}],"author":[{"embeddable":true,"href":"https:\/\/www.upo.es\/patio-colorado\/wp-json\/wp\/v2\/users\/168"}],"replies":[{"embeddable":true,"href":"https:\/\/www.upo.es\/patio-colorado\/wp-json\/wp\/v2\/comments?post=10210"}],"version-history":[{"count":1,"href":"https:\/\/www.upo.es\/patio-colorado\/wp-json\/wp\/v2\/posts\/10210\/revisions"}],"predecessor-version":[{"id":10212,"href":"https:\/\/www.upo.es\/patio-colorado\/wp-json\/wp\/v2\/posts\/10210\/revisions\/10212"}],"wp:featuredmedia":[{"embeddable":true,"href":"https:\/\/www.upo.es\/patio-colorado\/wp-json\/wp\/v2\/media\/10211"}],"wp:attachment":[{"href":"https:\/\/www.upo.es\/patio-colorado\/wp-json\/wp\/v2\/media?parent=10210"}],"wp:term":[{"taxonomy":"category","embeddable":true,"href":"https:\/\/www.upo.es\/patio-colorado\/wp-json\/wp\/v2\/categories?post=10210"},{"taxonomy":"post_tag","embeddable":true,"href":"https:\/\/www.upo.es\/patio-colorado\/wp-json\/wp\/v2\/tags?post=10210"}],"curies":[{"name":"wp","href":"https:\/\/api.w.org\/{rel}","templated":true}]}}