{"id":10213,"date":"2025-06-09T16:12:58","date_gmt":"2025-06-09T16:12:58","guid":{"rendered":"https:\/\/www.upo.es\/patio-colorado\/?p=10213"},"modified":"2025-06-09T16:12:58","modified_gmt":"2025-06-09T16:12:58","slug":"leon-xiv-un-viejo-conocido-de-andalucia-es-nombrado-papa","status":"publish","type":"post","link":"https:\/\/www.upo.es\/patio-colorado\/2025\/06\/09\/leon-xiv-un-viejo-conocido-de-andalucia-es-nombrado-papa\/","title":{"rendered":"Le\u00f3n XIV, un viejo conocido de Andaluc\u00eda, es nombrado papa"},"content":{"rendered":"<p><span style=\"font-weight: 400\">\u00a1Hola color\u00e1s y coloraos!<\/span><\/p>\n<p>&nbsp;<\/p>\n<p><span style=\"font-weight: 400\">El 8 de mayo de 2025, numerosas iglesias en Espa\u00f1a y el mundo hicieron sonar sus campanas tras la tan esperada elecci\u00f3n de un nuevo papa. Tras el fallecimiento del papa Francisco, el asunto primordial para la Iglesia Cat\u00f3lica en las \u00faltimas semanas ha sido la elecci\u00f3n de un nuevo papa. Sobre las 18:00 del segundo jueves de mayo, se pudo ver por fin la fumata blanca en el Vaticano que anteced\u00eda la presentaci\u00f3n oficial de Robert Prevost, el papa n\u00famero 267 en la historia cat\u00f3lica, y que adoptar\u00e1 el nombre de Le\u00f3n XIV para su mandato. M\u00e1s cerca de nuestro escenario, en Sevilla, se pudo o\u00edr la Giralda y su \u201cPino de Primera Clase\u201d, un repique de cinco minutos reservado para ocasiones especiales, y con el que en este caso se buscaba celebrar la elecci\u00f3n del ya citado pont\u00edfice.<\/span><\/p>\n<p>&nbsp;<\/p>\n<p><span style=\"font-weight: 400\">Prevost, de madre espa\u00f1ola y cuya figura ha estado muy ligada a Per\u00fa, pa\u00eds en el que ha ejercido como misionero durante m\u00e1s de cuatro d\u00e9cadas, decidi\u00f3 dar parte de su discurso de presentaci\u00f3n en castellano, para la alegr\u00eda e ilusi\u00f3n de los creyentes cat\u00f3licos hispanoparlantes. Por si fuera poco, Prevost no solo habla espa\u00f1ol con fluidez, sino que en el pasado visit\u00f3 Andaluc\u00eda como superior de la Orden de los Agustinos.<\/span><\/p>\n<p>&nbsp;<\/p>\n<p><span style=\"font-weight: 400\">En 2010, Prevost visit\u00f3 Huelva para celebrar el 500 aniversario de la Fundaci\u00f3n del Monasterio de las Agustinas de la ciudad onubense y en 2002 tambi\u00e9n visit\u00f3 el colegio de \u201cLos Olivos\u201d que supervisa el funcionamiento de la Orden de San Agust\u00edn en la ciudad de M\u00e1laga. Respecto a Sevilla, Le\u00f3n XIV visit\u00f3 la ciudad en 2007 para conocer la organizaci\u00f3n agustina hispalense, y tambi\u00e9n tuvo una reuni\u00f3n con el arzobispo de Sevilla, Saiz Menese, qui\u00e9n define al papa como una persona cercana y sencilla, muy unida al papa Francisco.<\/span><\/p>\n<p>&nbsp;<\/p>\n<p><span style=\"font-weight: 400\">Las declaraciones del presidente de Andaluc\u00eda, Juan Manuel Moreno, no han tardado en llegar. Moreno ha apelado al v\u00ednculo que conecta su autonom\u00eda con el papa y ha celebrado profusamente que hable espa\u00f1ol y su labor como misionero. De la misma manera tambi\u00e9n lo ha invitado p\u00fablicamente a \u201crevisitar\u201d\u00a0 Andaluc\u00eda, d\u00f3nde\u00a0 seg\u00fan ha dicho, le encantar\u00eda recibirle con los brazos abiertos.<\/span><\/p>\n<p><img loading=\"lazy\" decoding=\"async\" class=\"alignnone size-full wp-image-10214\" src=\"https:\/\/www.upo.es\/patio-colorado\/wp-content\/uploads\/2025\/06\/descarga-2.jpeg\" alt=\"\" width=\"299\" height=\"168\" \/><\/p>\n<p><span style=\"font-weight: 400\">An\u00f3nimo. (8 de mayo de 2025). Las campanas de Andaluc\u00eda repican con j\u00fabilo por la elecci\u00f3n del papa Le\u00f3n XIV. <\/span><i><span style=\"font-weight: 400\">El Debate<\/span><\/i><span style=\"font-weight: 400\">. <\/span><a href=\"https:\/\/www.eldebate.com\/espana\/andalucia\/20250508\/campanas-andalucia-repican-jubilo-eleccion-papa-leon-xiv_295240.html\"><span style=\"font-weight: 400\">https:\/\/www.eldebate.com\/espana\/andalucia\/20250508\/campanas-andalucia-repican-jubilo-eleccion-papa-leon-xiv_295240.html<\/span><\/a><\/p>\n<p>&nbsp;<\/p>\n<p><span style=\"font-weight: 400\">Godino, P. (8 de mayo de 2025). Un Papa que conoce Andaluc\u00eda: Robert Prevost ha visitado Sevilla, Huelva y M\u00e1laga como superior de los Agustinos. <\/span><i><span style=\"font-weight: 400\">El Correo de Andaluc\u00eda<\/span><\/i><span style=\"font-weight: 400\">. <a href=\"https:\/\/www.elcorreoweb.es\/andalucia\/2025\/05\/08\/papa-conoce-andalucia-robert-prevost-117180853.html\">https:\/\/www.elcorreoweb.es\/andalucia\/2025\/05\/08\/papa-conoce-andalucia-robert-prevost-117180853.html<\/a><\/span><\/p>\n<p>&nbsp;<\/p>\n","protected":false},"excerpt":{"rendered":"<p>\u00a1Hola color\u00e1s y coloraos! &nbsp; El 8 de mayo de 2025, numerosas iglesias en Espa\u00f1a y el mundo hicieron sonar sus campanas tras la tan esperada elecci\u00f3n de un nuevo papa. Tras el fallecimiento del papa Francisco, el asunto primordial para la Iglesia Cat\u00f3lica en las \u00faltimas semanas ha sido la elecci\u00f3n de un nuevo [&hellip;]<\/p>\n","protected":false},"author":168,"featured_media":10214,"comment_status":"open","ping_status":"open","sticky":false,"template":"","format":"standard","meta":{"_acf_changed":false,"_monsterinsights_skip_tracking":false,"_monsterinsights_sitenote_active":false,"_monsterinsights_sitenote_note":"","_monsterinsights_sitenote_category":0,"footnotes":""},"categories":[46,403,1110],"tags":[55,1175,1176],"class_list":["post-10213","post","type-post","status-publish","format-standard","has-post-thumbnail","hentry","category-en-la-prensa","category-historias-y-mucho-mas","category-noticias","tag-andalucia","tag-leon-xiv","tag-papa"],"blocksy_meta":[],"acf":[],"jetpack_featured_media_url":"https:\/\/www.upo.es\/patio-colorado\/wp-content\/uploads\/2025\/06\/descarga-2.jpeg","_links":{"self":[{"href":"https:\/\/www.upo.es\/patio-colorado\/wp-json\/wp\/v2\/posts\/10213","targetHints":{"allow":["GET"]}}],"collection":[{"href":"https:\/\/www.upo.es\/patio-colorado\/wp-json\/wp\/v2\/posts"}],"about":[{"href":"https:\/\/www.upo.es\/patio-colorado\/wp-json\/wp\/v2\/types\/post"}],"author":[{"embeddable":true,"href":"https:\/\/www.upo.es\/patio-colorado\/wp-json\/wp\/v2\/users\/168"}],"replies":[{"embeddable":true,"href":"https:\/\/www.upo.es\/patio-colorado\/wp-json\/wp\/v2\/comments?post=10213"}],"version-history":[{"count":1,"href":"https:\/\/www.upo.es\/patio-colorado\/wp-json\/wp\/v2\/posts\/10213\/revisions"}],"predecessor-version":[{"id":10215,"href":"https:\/\/www.upo.es\/patio-colorado\/wp-json\/wp\/v2\/posts\/10213\/revisions\/10215"}],"wp:featuredmedia":[{"embeddable":true,"href":"https:\/\/www.upo.es\/patio-colorado\/wp-json\/wp\/v2\/media\/10214"}],"wp:attachment":[{"href":"https:\/\/www.upo.es\/patio-colorado\/wp-json\/wp\/v2\/media?parent=10213"}],"wp:term":[{"taxonomy":"category","embeddable":true,"href":"https:\/\/www.upo.es\/patio-colorado\/wp-json\/wp\/v2\/categories?post=10213"},{"taxonomy":"post_tag","embeddable":true,"href":"https:\/\/www.upo.es\/patio-colorado\/wp-json\/wp\/v2\/tags?post=10213"}],"curies":[{"name":"wp","href":"https:\/\/api.w.org\/{rel}","templated":true}]}}