{"id":10216,"date":"2025-06-10T12:13:31","date_gmt":"2025-06-10T12:13:31","guid":{"rendered":"https:\/\/www.upo.es\/patio-colorado\/?p=10216"},"modified":"2025-06-10T12:14:35","modified_gmt":"2025-06-10T12:14:35","slug":"las-mejores-playas-de-cadiz","status":"publish","type":"post","link":"https:\/\/www.upo.es\/patio-colorado\/2025\/06\/10\/las-mejores-playas-de-cadiz\/","title":{"rendered":"Las mejores playas de C\u00e1diz"},"content":{"rendered":"<p><span style=\"font-weight: 400\">\u00a1Hola color\u00e1s y coloraos!\u00a0<\/span><\/p>\n<p><span style=\"font-weight: 400\">Os traigo una nueva entrada con una tem\u00e1tica distinta aprovechando que el verano est\u00e1 a la vuelta de la esquina y que el calor ya se est\u00e1 haciendo notar estas semanas. Por ello, en esta entrada os voy a hablar de algunas de las mejores playas de la provincia de C\u00e1diz, por si os anim\u00e1is este verano a disfrutar de ellas y de su belleza.<\/span><\/p>\n<p>&nbsp;<\/p>\n<p><span style=\"font-weight: 400\">Personalmente, llevo desde que nac\u00ed veraneando en una de ellas y con el paso de los a\u00f1os he ido descubriendo otras que son igual de bonitas. Por ello, las playas que aqu\u00ed voy a mencionar van a ser algunas de las mejores desde mi opini\u00f3n, de esas que no te recomendar\u00eda que te perdieses. Por eso mismo, evitar\u00e9 mencionar playas m\u00e1s conocidas como pueden ser Chipiona o Sanl\u00facar de Barrameda.\u00a0<\/span><\/p>\n<p>&nbsp;<\/p>\n<p><b>Playa de Bolonia<\/b><\/p>\n<p><img loading=\"lazy\" decoding=\"async\" class=\"size-full wp-image-10219 aligncenter\" src=\"https:\/\/www.upo.es\/patio-colorado\/wp-content\/uploads\/2025\/06\/bolonia.jpg\" alt=\"\" width=\"275\" height=\"184\" \/><\/p>\n<p><span style=\"font-weight: 400\">La primera playa es la playa de Bolonia en Tarifa, que concretamente este a\u00f1o podr\u00eda ser elegida como la mejor de Espa\u00f1a en 2025. Esta playa es conocida por su extensa y blanca arena fina que hace contraste con las aguas cristalinas de color turquesa. Adem\u00e1s, a esta imagen hay que sumarle su espectacular entorno natural pues se encuentra dentro del Parque Natural del Estrecho. Por si todo lo anterior no fuese suficiente para animarse a ir, tambi\u00e9n cuenta con una extensa duna de m\u00e1s de 30 metros de altura y 200 metros de anchura declarada Monumento Natural en 2001.\u00a0<\/span><\/p>\n<p>&nbsp;<\/p>\n<p><span style=\"font-weight: 400\">Tambi\u00e9n, esta playa cuenta con las ruinas de Baelo Claudia que fue una ciudad romana fundada en el II a.C. y que se considera como uno de los yacimientos mejor conservados e importantes de Andaluc\u00eda.<\/span><span style=\"font-weight: 400\">\u00a0<\/span><\/p>\n<p><img loading=\"lazy\" decoding=\"async\" class=\"size-medium wp-image-10220 aligncenter\" src=\"https:\/\/www.upo.es\/patio-colorado\/wp-content\/uploads\/2025\/06\/baelo1-1-300x200.jpg\" alt=\"\" width=\"300\" height=\"200\" srcset=\"https:\/\/www.upo.es\/patio-colorado\/wp-content\/uploads\/2025\/06\/baelo1-1-300x200.jpg 300w, https:\/\/www.upo.es\/patio-colorado\/wp-content\/uploads\/2025\/06\/baelo1-1-1024x681.jpg 1024w, https:\/\/www.upo.es\/patio-colorado\/wp-content\/uploads\/2025\/06\/baelo1-1-768x511.jpg 768w, https:\/\/www.upo.es\/patio-colorado\/wp-content\/uploads\/2025\/06\/baelo1-1-1536x1022.jpg 1536w, https:\/\/www.upo.es\/patio-colorado\/wp-content\/uploads\/2025\/06\/baelo1-1.jpg 1623w\" sizes=\"auto, (max-width: 300px) 100vw, 300px\" \/><\/p>\n<p><span style=\"font-weight: 400\">Como curiosidad, si este a\u00f1o es nombrada como mejor playa de Espa\u00f1a no ser\u00eda la primera vez que lo obtiene, ya que ya fue calificada en 2023 por lo mismo. Adem\u00e1s, la playa de Valdevaqueros (tambi\u00e9n en Tarifa) de igual modo lo obtuvo, siendo ya dos playas de C\u00e1diz las que lo obtienen.\u00a0<\/span><\/p>\n<p>&nbsp;<\/p>\n<p><b>Playa de los Alemanes<\/b><\/p>\n<p><img loading=\"lazy\" decoding=\"async\" class=\"size-full wp-image-10218 aligncenter\" src=\"https:\/\/www.upo.es\/patio-colorado\/wp-content\/uploads\/2025\/06\/playa-de-los-alemanes.jpg\" alt=\"\" width=\"259\" height=\"195\" \/><\/p>\n<p><span style=\"font-weight: 400\">Denominada como una de las mejores playas de Espa\u00f1a encontramos la Playa de los Alemanes entre el cabo de Gracia y el cabo de Plata. Este sitio, para muchos un lugar m\u00e1gico y uno de los mejores rincones de la costa gaditana, cuenta con 1500 metros de largo. En esta playa una vez m\u00e1s volvemos a encontrar el contraste entre la belleza y el entorno salvaje.\u00a0<\/span><\/p>\n<p>&nbsp;<\/p>\n<p><span style=\"font-weight: 400\">En este entorno con sus aguas cristalinas y su arena blanca y fina r\u00e1pidamente puedes teletransportarte al Caribe sin salir de Andaluc\u00eda. Adem\u00e1s, esta playa sigue siendo virgen y s\u00ed hay que tener en cuenta que el acceso no es tan f\u00e1cil, ya que no cuenta con paseo mar\u00edtimo ni estructuras que aseguren una buena bajada.\u00a0<\/span><\/p>\n<p>&nbsp;<\/p>\n<p><span style=\"font-weight: 400\">Su nombre, como es de esperar, guarda una historia detr\u00e1s y no es por la cantidad de alemanes que todos los a\u00f1os vienen a la costa gaditana a veranear. M\u00e1s bien tenemos que remontarnos casi un siglo atr\u00e1s, ya que durante la Segunda Guerra Mundial sirvi\u00f3 como refugi\u00f3 para los nazis que hu\u00edan del avance de los aliados. De hecho, una vez finalizada la guerra algunos de ellos se quedaron a vivir por la zona y esto todav\u00eda interfiri\u00f3 m\u00e1s para que la playa recibiese este nombre.\u00a0<\/span><\/p>\n<p>&nbsp;<\/p>\n<p><b>Cala Encendida<\/b><\/p>\n<p><img loading=\"lazy\" decoding=\"async\" class=\"size-medium wp-image-10217 aligncenter\" src=\"https:\/\/www.upo.es\/patio-colorado\/wp-content\/uploads\/2025\/06\/cala-encendida-300x169.jpg\" alt=\"\" width=\"300\" height=\"169\" srcset=\"https:\/\/www.upo.es\/patio-colorado\/wp-content\/uploads\/2025\/06\/cala-encendida-300x169.jpg 300w, https:\/\/www.upo.es\/patio-colorado\/wp-content\/uploads\/2025\/06\/cala-encendida-768x432.jpg 768w, https:\/\/www.upo.es\/patio-colorado\/wp-content\/uploads\/2025\/06\/cala-encendida.jpg 1000w\" sizes=\"auto, (max-width: 300px) 100vw, 300px\" \/><\/p>\n<p><span style=\"font-weight: 400\">Por \u00faltimo, os traigo una de las que yo m\u00e1s suelo frecuentar en verano. Esta cala se llama Encendida y pertenece al conjunto conocido como las Calas de Conil que se encuentra dentro de la urbanizaci\u00f3n de Roche (Conil de la Frontera). Es conocida, sobre todo por las personas de alrededor, por ser el mejor lugar donde resguardarse y seguir disfrutando de la playa los d\u00edas de levante.\u00a0<\/span><\/p>\n<p>&nbsp;<\/p>\n<p><span style=\"font-weight: 400\">Esta cala cuenta apenas con 75 metros de longitud estando protegida por unos acantilados y un entorno virgen que hace que la estampa sea muy cautivadora. Su agua vuelve a ser cristalina como en las anteriores pero su arena coge un color dorado en comparaci\u00f3n con las anteriores.\u00a0<\/span><\/p>\n<p>&nbsp;<\/p>\n<p><span style=\"font-weight: 400\">Una vez m\u00e1s, su nombre tiene significado y este se debe al peculiar tono anaranjado que toman las rocas al atardecer, justo cuando el sol ba\u00f1a los acantilados y crea un espect\u00e1culo de luz digno de ver. Adem\u00e1s, sus accesos est\u00e1n adaptados con pasarelas de madera para facilitar la entrada.\u00a0<\/span><\/p>\n<p>&nbsp;<\/p>\n<p><span style=\"font-weight: 400\">Tambi\u00e9n, cuenta con un mirador natural desde el cual se pueden capturar incre\u00edbles fotograf\u00edas y un sendero por arriba de las calas desde donde se puede ir viendo las distintas calas que componen el conjunto de las Calas de Conil.\u00a0<\/span><\/p>\n<p>&nbsp;<\/p>\n<p><span style=\"font-weight: 400\">Sin m\u00e1s que a\u00f1adir, aunque s\u00e9 que me dejo algunas playas igual de impresionantes, estas son mis tres playas recomendadas por su belleza y su encanto natural. Yo tengo claro que cada una se merece m\u00ednimo una visita este verano, ya queda en vosotros comprobar de primera mano lo que aqu\u00ed os he contado.\u00a0<\/span><\/p>\n<p>&nbsp;<\/p>\n<p><span style=\"font-weight: 400\">Bibliograf\u00eda<\/span><\/p>\n<p><a href=\"https:\/\/www.lavozdigital.es\/provincia\/tarifa-zahara-playa-cadiz-opta-mejor-espana-20250527115927-ntv.html\"><span style=\"font-weight: 400\">https:\/\/www.lavozdigital.es\/provincia\/tarifa-zahara-playa-cadiz-opta-mejor-espana-20250527115927-ntv.html<\/span><\/a><span style=\"font-weight: 400\">\u00a0<\/span><\/p>\n<p><a href=\"https:\/\/www.eleconomista.es\/evasion\/noticias\/13199261\/01\/25\/esta-playa-de-cadiz-no-tiene-nada-que-envidiarle-a-punta-cana-con-aguas-cristalinas-y-arena-blanca-iguales-a-las-del-caribe.html\"><span style=\"font-weight: 400\">https:\/\/www.eleconomista.es\/evasion\/noticias\/13199261\/01\/25\/esta-playa-de-cadiz-no-tiene-nada-que-envidiarle-a-punta-cana-con-aguas-cristalinas-y-arena-blanca-iguales-a-las-del-caribe.html<\/span><\/a><span style=\"font-weight: 400\">\u00a0<\/span><\/p>\n<p><a href=\"https:\/\/www.lavozdelsur.es\/ediciones\/provincia-cadiz\/cala-encendida-lugar-casi-secreto-cadiz-combatir-levante_335193_102.html\"><span style=\"font-weight: 400\">https:\/\/www.lavozdelsur.es\/ediciones\/provincia-cadiz\/cala-encendida-lugar-casi-secreto-cadiz-combatir-levante_335193_102.html<\/span><\/a><\/p>\n","protected":false},"excerpt":{"rendered":"<p>\u00a1Hola color\u00e1s y coloraos!\u00a0 Os traigo una nueva entrada con una tem\u00e1tica distinta aprovechando que el verano est\u00e1 a la vuelta de la esquina y que el calor ya se est\u00e1 haciendo notar estas semanas. Por ello, en esta entrada os voy a hablar de algunas de las mejores playas de la provincia de C\u00e1diz, [&hellip;]<\/p>\n","protected":false},"author":160,"featured_media":10220,"comment_status":"open","ping_status":"open","sticky":false,"template":"","format":"standard","meta":{"_acf_changed":false,"_monsterinsights_skip_tracking":false,"_monsterinsights_sitenote_active":false,"_monsterinsights_sitenote_note":"","_monsterinsights_sitenote_category":0,"footnotes":""},"categories":[302,1110],"tags":[514,558,300,505],"class_list":["post-10216","post","type-post","status-publish","format-standard","has-post-thumbnail","hentry","category-cadiz","category-noticias","tag-verano","tag-agua","tag-cadiz","tag-playa"],"blocksy_meta":[],"acf":[],"jetpack_featured_media_url":"https:\/\/www.upo.es\/patio-colorado\/wp-content\/uploads\/2025\/06\/baelo1-1.jpg","_links":{"self":[{"href":"https:\/\/www.upo.es\/patio-colorado\/wp-json\/wp\/v2\/posts\/10216","targetHints":{"allow":["GET"]}}],"collection":[{"href":"https:\/\/www.upo.es\/patio-colorado\/wp-json\/wp\/v2\/posts"}],"about":[{"href":"https:\/\/www.upo.es\/patio-colorado\/wp-json\/wp\/v2\/types\/post"}],"author":[{"embeddable":true,"href":"https:\/\/www.upo.es\/patio-colorado\/wp-json\/wp\/v2\/users\/160"}],"replies":[{"embeddable":true,"href":"https:\/\/www.upo.es\/patio-colorado\/wp-json\/wp\/v2\/comments?post=10216"}],"version-history":[{"count":2,"href":"https:\/\/www.upo.es\/patio-colorado\/wp-json\/wp\/v2\/posts\/10216\/revisions"}],"predecessor-version":[{"id":10222,"href":"https:\/\/www.upo.es\/patio-colorado\/wp-json\/wp\/v2\/posts\/10216\/revisions\/10222"}],"wp:featuredmedia":[{"embeddable":true,"href":"https:\/\/www.upo.es\/patio-colorado\/wp-json\/wp\/v2\/media\/10220"}],"wp:attachment":[{"href":"https:\/\/www.upo.es\/patio-colorado\/wp-json\/wp\/v2\/media?parent=10216"}],"wp:term":[{"taxonomy":"category","embeddable":true,"href":"https:\/\/www.upo.es\/patio-colorado\/wp-json\/wp\/v2\/categories?post=10216"},{"taxonomy":"post_tag","embeddable":true,"href":"https:\/\/www.upo.es\/patio-colorado\/wp-json\/wp\/v2\/tags?post=10216"}],"curies":[{"name":"wp","href":"https:\/\/api.w.org\/{rel}","templated":true}]}}