{"id":10225,"date":"2025-06-11T10:05:00","date_gmt":"2025-06-11T10:05:00","guid":{"rendered":"https:\/\/www.upo.es\/patio-colorado\/?p=10225"},"modified":"2025-06-11T10:12:33","modified_gmt":"2025-06-11T10:12:33","slug":"comic-con-llega-a-malaga-en-2025-su-primera-edicion-fuera-de-san-diego","status":"publish","type":"post","link":"https:\/\/www.upo.es\/patio-colorado\/2025\/06\/11\/comic-con-llega-a-malaga-en-2025-su-primera-edicion-fuera-de-san-diego\/","title":{"rendered":"Comic-Con llega a M\u00e1laga en 2025, su primera edici\u00f3n fuera de San Diego"},"content":{"rendered":"<p><strong>\u00a1Hola, color\u00e1s y color\u00e1os!<\/strong> \u00bfEst\u00e1is preparados para lo que viene este a\u00f1o? La convenci\u00f3n de cultura friki m\u00e1s importante del mundo, la Comic-Con, se celebrar\u00e1 por primera vez en sus 54 a\u00f1os de historia fuera de su lugar habitual en San Diego, California, y, esta vez, la ciudad elegida para este evento hist\u00f3rico es M\u00e1laga, Espa\u00f1a.<\/p>\n<p><img loading=\"lazy\" decoding=\"async\" class=\"size-medium wp-image-10226 aligncenter\" src=\"https:\/\/www.upo.es\/patio-colorado\/wp-content\/uploads\/2025\/06\/imagen_2025-06-11_115830154-300x169.png\" alt=\"\" width=\"300\" height=\"169\" srcset=\"https:\/\/www.upo.es\/patio-colorado\/wp-content\/uploads\/2025\/06\/imagen_2025-06-11_115830154-300x169.png 300w, https:\/\/www.upo.es\/patio-colorado\/wp-content\/uploads\/2025\/06\/imagen_2025-06-11_115830154-1024x576.png 1024w, https:\/\/www.upo.es\/patio-colorado\/wp-content\/uploads\/2025\/06\/imagen_2025-06-11_115830154-768x432.png 768w, https:\/\/www.upo.es\/patio-colorado\/wp-content\/uploads\/2025\/06\/imagen_2025-06-11_115830154-1536x864.png 1536w, https:\/\/www.upo.es\/patio-colorado\/wp-content\/uploads\/2025\/06\/imagen_2025-06-11_115830154.png 1706w\" sizes=\"auto, (max-width: 300px) 100vw, 300px\" \/><\/p>\n<p style=\"text-align: center\">Asistentes de la Comic-Con en California<\/p>\n<p><span style=\"font-weight: 400\">El evento, fruto de meses de negociaci\u00f3n entre la Junta de Andaluc\u00eda, el Ayuntamiento de M\u00e1laga y los organizadores, fue presentado oficialmente el 10 de marzo. Se desarrollar\u00e1 principalmente en el Palacio de Ferias y Congresos de M\u00e1laga (Fycma), aunque habr\u00e1 actividades adicionales distribuidas por toda la ciudad. Esta primera edici\u00f3n fuera de Estados Unidos est\u00e1 prevista para los d\u00edas 25 al 28 de septiembre de 2025, con planes para que la convenci\u00f3n se celebre en M\u00e1laga durante este a\u00f1o y los dos siguientes.<\/span><\/p>\n<p>Se espera que Comic-Con M\u00e1laga 2025 atraiga a miles de seguidores de c\u00f3mics, cine, series, literatura, ciencia ficci\u00f3n, fantas\u00eda y cultura friki, pues esta convenci\u00f3n es conocida por ser un espacio donde los asistentes suelen disfrazarse de sus personajes favoritos (cosplay) y donde se presentan primicias y contenidos exclusivos sobre videojuegos y anime (series de animaci\u00f3n japonesas).<\/p>\n<p>El programa, aunque a\u00fan est\u00e1 en desarrollo, incluir\u00e1 estrenos, exhibiciones, paneles con profesionales de la industria, experiencias inmersivas, concursos de disfraces y firmas de invitados. Incluso, se anticipa la participaci\u00f3n de grandes estudios y plataformas como Marvel, DC, Disney y Netflix. Aunque la lista completa de invitados est\u00e1 por confirmarse, se ha anunciado a Santiago Segura como maestro de ceremonias y la asistencia de figuras del cine espa\u00f1ol como Daniel S\u00e1nchez Ar\u00e9valo, Ic\u00edar Bolla\u00edn, Carlos Areces, Paco Plaza, \u00c1lex de la Iglesia y Joaqu\u00edn Maz\u00f3n, entre otros.<\/p>\n<p>El impacto econ\u00f3mico y medi\u00e1tico de la Comic-Con M\u00e1laga se estima en m\u00e1s de 30 millones de euros, con una oferta de 300 horas de contenido. Esperan alcanzar una afluencia de 120.000 visitantes acumulados durante los cuatro d\u00edas del evento en Fycma, que tiene una capacidad para 60.000 personas aproximadamente. Las entradas a\u00fan no est\u00e1n a la venta, pero los interesados deber\u00e1n registrarse previamente en el \u00e1rea de miembros de la web oficial \u00abSan Diego Comic-Con M\u00e1laga\u00bb para poder adquirirlas y reservar acceso a eventos exclusivos, pues es muy probable que salgan pronto y se agoten apenas unas horas despu\u00e9s.<\/p>\n<p><strong>Bibliograf\u00eda<\/strong><\/p>\n<ul>\n<li style=\"font-weight: 400\"><span style=\"font-weight: 400\">La Voz del Sur. (2024, marzo 28). <\/span><i><span style=\"font-weight: 400\">La Comic Con, la feria de cultura pop m\u00e1s importante del mundo, se celebrar\u00e1 en Andaluc\u00eda: sale de California por primera vez.<\/span><\/i> <a href=\"https:\/\/www.lavozdelsur.es\/cultura\/comic-con-feria-cultura-pop-mas-importante-mundo-se-celebrara-en-andalucia-sale-california-por-primera-vez_329990_102.html\"><span style=\"font-weight: 400\">https:\/\/www.lavozdelsur.es\/cultura\/comic-con-feria-cultura-pop-mas-importante-mundo-se-celebrara-en-andalucia-sale-california-por-primera-vez_329990_102.html<\/span><\/a><span style=\"font-weight: 400\">\u00a0<\/span><\/li>\n<li style=\"font-weight: 400\"><span style=\"font-weight: 400\">El Espa\u00f1ol. (2025, marzo 29). <\/span><i><span style=\"font-weight: 400\">Todo lo que se sabe de la Comic Con en M\u00e1laga: cu\u00e1ndo ser\u00e1 y c\u00f3mo conseguir entradas. <\/span><\/i><a href=\"https:\/\/www.elespanol.com\/malaga\/cultura\/20250329\/cuenta-comic-con-malaga-conseguir-entradas\/934656939_0.html\"><span style=\"font-weight: 400\">https:\/\/www.elespanol.com\/malaga\/cultura\/20250329\/cuenta-comic-con-malaga-conseguir-entradas\/934656939_0.html<\/span><\/a><span style=\"font-weight: 400\">\u00a0<\/span><\/li>\n<\/ul>\n","protected":false},"excerpt":{"rendered":"<p>\u00a1Hola, color\u00e1s y color\u00e1os! \u00bfEst\u00e1is preparados para lo que viene este a\u00f1o? La convenci\u00f3n de cultura friki m\u00e1s importante del mundo, la Comic-Con, se celebrar\u00e1 por primera vez en sus 54 a\u00f1os de historia fuera de su lugar habitual en San Diego, California, y, esta vez, la ciudad elegida para este evento hist\u00f3rico es M\u00e1laga, [&hellip;]<\/p>\n","protected":false},"author":153,"featured_media":10226,"comment_status":"open","ping_status":"open","sticky":false,"template":"","format":"standard","meta":{"_acf_changed":false,"_monsterinsights_skip_tracking":false,"_monsterinsights_sitenote_active":false,"_monsterinsights_sitenote_note":"","_monsterinsights_sitenote_category":0,"footnotes":""},"categories":[12,311,1110],"tags":[1179,1177,1180,705,1178,359],"class_list":["post-10225","post","type-post","status-publish","format-standard","has-post-thumbnail","hentry","category-eventos","category-malaga","category-noticias","tag-anime","tag-comic-con","tag-cultura-pop","tag-evento","tag-manga","tag-malaga"],"blocksy_meta":[],"acf":[],"jetpack_featured_media_url":"https:\/\/www.upo.es\/patio-colorado\/wp-content\/uploads\/2025\/06\/imagen_2025-06-11_115830154.png","_links":{"self":[{"href":"https:\/\/www.upo.es\/patio-colorado\/wp-json\/wp\/v2\/posts\/10225","targetHints":{"allow":["GET"]}}],"collection":[{"href":"https:\/\/www.upo.es\/patio-colorado\/wp-json\/wp\/v2\/posts"}],"about":[{"href":"https:\/\/www.upo.es\/patio-colorado\/wp-json\/wp\/v2\/types\/post"}],"author":[{"embeddable":true,"href":"https:\/\/www.upo.es\/patio-colorado\/wp-json\/wp\/v2\/users\/153"}],"replies":[{"embeddable":true,"href":"https:\/\/www.upo.es\/patio-colorado\/wp-json\/wp\/v2\/comments?post=10225"}],"version-history":[{"count":2,"href":"https:\/\/www.upo.es\/patio-colorado\/wp-json\/wp\/v2\/posts\/10225\/revisions"}],"predecessor-version":[{"id":10232,"href":"https:\/\/www.upo.es\/patio-colorado\/wp-json\/wp\/v2\/posts\/10225\/revisions\/10232"}],"wp:featuredmedia":[{"embeddable":true,"href":"https:\/\/www.upo.es\/patio-colorado\/wp-json\/wp\/v2\/media\/10226"}],"wp:attachment":[{"href":"https:\/\/www.upo.es\/patio-colorado\/wp-json\/wp\/v2\/media?parent=10225"}],"wp:term":[{"taxonomy":"category","embeddable":true,"href":"https:\/\/www.upo.es\/patio-colorado\/wp-json\/wp\/v2\/categories?post=10225"},{"taxonomy":"post_tag","embeddable":true,"href":"https:\/\/www.upo.es\/patio-colorado\/wp-json\/wp\/v2\/tags?post=10225"}],"curies":[{"name":"wp","href":"https:\/\/api.w.org\/{rel}","templated":true}]}}