{"id":10238,"date":"2025-06-11T10:25:05","date_gmt":"2025-06-11T10:25:05","guid":{"rendered":"https:\/\/www.upo.es\/patio-colorado\/?p=10238"},"modified":"2025-06-11T10:25:05","modified_gmt":"2025-06-11T10:25:05","slug":"feria-de-abril-de-sevilla-2025","status":"publish","type":"post","link":"https:\/\/www.upo.es\/patio-colorado\/2025\/06\/11\/feria-de-abril-de-sevilla-2025\/","title":{"rendered":"Feria de abril de Sevilla 2025"},"content":{"rendered":"<p><strong>\u00a1Hola, color\u00e1s y coloraos!<\/strong> Como sab\u00e9is, La Feria de Abril de Sevilla es mucho m\u00e1s que una fiesta para nosotros. Es un sentimiento que se ha vuelto hasta el punto de que transforma la capital de Andaluc\u00eda en un mundo de color, m\u00fasica y tradici\u00f3n.<\/p>\n<p><strong>El Real: Un paseo por la tradici\u00f3n y la alegr\u00eda<\/strong><br \/>\nEl centro de esta celebraci\u00f3n se da en el Real de la Feria, una zona al sur de la ciudad. Sus calles, nombradas como toreros muy aclamados en nuestra tierra, nos invitan a pasear entre las casetas t\u00edpicas donde nace la fiesta. Estas estructuras portables las decoran con mucho esmero y, aunque muchas son privadas, tambi\u00e9n hay casetas p\u00fablicas que abren sus puertas a todo el mundo para que se pueda vivir el ambiente festivo, los bailes tradicionales y la m\u00fasica flamenca desde dentro. Pero eso no es todo, sino que la entrada principal al Real en s\u00ed es ya una obra de arte: la Portada. Cada a\u00f1o su dise\u00f1o es distinto, convirti\u00e9ndose en un s\u00edmbolo distintivo de esta edici\u00f3n de la Feria. De hecho, en 2025, la Portada hace referencia al Pabell\u00f3n de Chile de la Exposici\u00f3n Iberoamericana de 1929. El momento cumbre de la inauguraci\u00f3n es el <em>alumbrao<\/em>, cuando miles de bombillas dan vida a la Portada y al Real y marcan el inicio oficial de la Feria de Sevilla.<\/p>\n<p><img loading=\"lazy\" decoding=\"async\" class=\"size-medium wp-image-10239 aligncenter\" src=\"https:\/\/www.upo.es\/patio-colorado\/wp-content\/uploads\/2025\/06\/imagen_2025-06-11_122140540-300x200.png\" alt=\"\" width=\"300\" height=\"200\" srcset=\"https:\/\/www.upo.es\/patio-colorado\/wp-content\/uploads\/2025\/06\/imagen_2025-06-11_122140540-300x200.png 300w, https:\/\/www.upo.es\/patio-colorado\/wp-content\/uploads\/2025\/06\/imagen_2025-06-11_122140540-1024x684.png 1024w, https:\/\/www.upo.es\/patio-colorado\/wp-content\/uploads\/2025\/06\/imagen_2025-06-11_122140540-768x513.png 768w, https:\/\/www.upo.es\/patio-colorado\/wp-content\/uploads\/2025\/06\/imagen_2025-06-11_122140540-1536x1025.png 1536w, https:\/\/www.upo.es\/patio-colorado\/wp-content\/uploads\/2025\/06\/imagen_2025-06-11_122140540.png 2000w\" sizes=\"auto, (max-width: 300px) 100vw, 300px\" \/><\/p>\n<p style=\"text-align: center\">Portada de la Feria de Sevilla<\/p>\n<p><strong>Gastronom\u00eda y m\u00fasica tradicional<\/strong><br \/>\nLa banda sonora de la Feria por excelencia son, por supuesto, las sevillanas. Este canto y baile folcl\u00f3rico resuena en cada rinc\u00f3n, invitando a todo el mundo a disfrutar de la fiesta. En esta edici\u00f3n de 2025, un grupo legendario como son los Cantores de H\u00edspalis han vuelto a brillar, ya que han sido las estrellas del acto del <em>alumbrao<\/em>, celebrando con sus canciones d\u00e9cadas de \u00e9xitos y su profundo v\u00ednculo con la Feria.<\/p>\n<p>Por otro lado, he de remarcar la gastronom\u00eda. Aunque quiz\u00e1 sea complicado por la gran cantidad de gente presente, este es el lugar perfecto para disfrutar del aut\u00e9ntico <em>pesca\u00edto<\/em> frito, crujiente y delicioso, acompa\u00f1ado de una refrescante manzanilla, la bebida por excelencia de las comidas de la feria.<\/p>\n<p>&nbsp;<\/p>\n<p><strong>Tradici\u00f3n y espect\u00e1culo<\/strong><br \/>\nLa vestimenta juega un papel crucial en la inmersi\u00f3n ferial. Aunque no hay un c\u00f3digo estricto para acceder, vestir el traje de gitana en el caso de las mujeres o de chaqueta para los hombres es una forma de adaptarse y recordar el origen de las fiestas. Otro de los momentos m\u00e1s especiales del d\u00eda son los paseos en carruajes. Durante la ma\u00f1ana, las calles de la Feria se llenan de enganches y jinetes con trajes tradicionales que nos transportan a otra \u00e9poca.<\/p>\n<p>Por otra parte, para los sedientos de adrenalina, la Calle del Infierno es el lugar perfecto. Esta \u00e1rea, plagada de atracciones (cacharritos, como se les suele llamar) de todo tipo, garantiza diversi\u00f3n en un gran abanico de edad y se vuelve el mayor parque de atracciones temporal de Espa\u00f1a.<\/p>\n<p>&nbsp;<\/p>\n<p><strong>An\u00e9cdotas y misterios de la Feria<\/strong><br \/>\nLa Feria de Abril tiene muchas curiosidades que remarcan su historia y encanto. \u00bfSab\u00e9is que su origen, a mediados del siglo XIX, fue una feria de ganado? Con el tiempo, ese prop\u00f3sito mercantil evolucion\u00f3 a la fiesta que conocemos hoy. Los farolillos, que hoy nos parecen sin\u00f3nimo de la Feria, se a\u00f1adieron en 1877 y est\u00e1n inspirados en las l\u00e1mparas tradicionales chinas. Por \u00faltimo, el ic\u00f3nico traje de gitana (que no de flamenca, en realidad) tiene sus ra\u00edces en la vestimenta de las campesinas andaluzas que iban con sus maridos a vender el ganado.<\/p>\n<p>La Feria de Abril de Sevilla es una experiencia \u00fanica en el mundo. No hay mejor momento para sumergirse en la cultura andaluza, disfrutar de su energ\u00eda y crear recuerdos inolvidables. \u00a1Si ten\u00e9is la oportunidad, no dud\u00e9is en vivirla!<\/p>\n<p>&nbsp;<\/p>\n<p><strong>Bibliograf\u00eda<\/strong><\/p>\n<ul>\n<li style=\"font-weight: 400\"><span style=\"font-weight: 400\">El Correo de Andaluc\u00eda. (2025, mayo 2). <\/span><i><span style=\"font-weight: 400\">Cantores de H\u00edspalis encienden el Lunes del Pesca\u00edto en la Feria de Abril 2025<\/span><\/i><span style=\"font-weight: 400\">. <\/span><a href=\"https:\/\/www.elcorreoweb.es\/sevilla\/2025\/05\/02\/cantores-hispalis-lunes-de-pescaito-feria-de-abril-116961519.html\"><span style=\"font-weight: 400\">https:\/\/www.elcorreoweb.es\/sevilla\/2025\/05\/02\/cantores-hispalis-lunes-de-pescaito-feria-de-abril-116961519.html<\/span><\/a><\/li>\n<li style=\"font-weight: 400\"><span style=\"font-weight: 400\">El Correo de Andaluc\u00eda. (2025, abril 23). <\/span><i><span style=\"font-weight: 400\">La nueva portada de la Feria de Sevilla 2025.<\/span><\/i> <a href=\"https:\/\/www.elcorreoweb.es\/sevilla\/2025\/04\/23\/nueva-portada-feria-sevilla-2025-116646555.html\"><span style=\"font-weight: 400\">https:\/\/www.elcorreoweb.es\/sevilla\/2025\/04\/23\/nueva-portada-feria-sevilla-2025-116646555.html<\/span><\/a><span style=\"font-weight: 400\">\u00a0<\/span><\/li>\n<li style=\"font-weight: 400\"><span style=\"font-weight: 400\">ABC de Sevilla. (2025, mayo 5). <\/span><i><span style=\"font-weight: 400\">Diez curiosidades que no sab\u00edas de la Feria de Abril de Sevilla 2025<\/span><\/i><span style=\"font-weight: 400\">. <\/span><a href=\"https:\/\/www.abc.es\/sevilla\/feria-abril\/diez-curiosidades-sabias-feria-abril-sevilla-2025-20250505182035-nts.html\"><span style=\"font-weight: 400\">https:\/\/www.abc.es\/sevilla\/feria-abril\/diez-curiosidades-sabias-feria-abril-sevilla-2025-20250505182035-nts.html<\/span><\/a><span style=\"font-weight: 400\">\u00a0<\/span><\/li>\n<li style=\"font-weight: 400\"><span style=\"font-weight: 400\">Diario de Sevilla. (2025, mayo 5). <\/span><i><span style=\"font-weight: 400\">Gu\u00eda completa para disfrutar de la Feria de Abril de Sevilla 2025.<\/span><\/i> <a href=\"https:\/\/www.diariodesevilla.es\/feria_de_abril\/guia-completa-feria-abril-sevilla_0_2003841662.html\"><span style=\"font-weight: 400\">https:\/\/www.diariodesevilla.es\/feria_de_abril\/guia-completa-feria-abril-sevilla_0_2003841662.html<\/span><\/a><span style=\"font-weight: 400\">\u00a0<\/span><\/li>\n<li style=\"font-weight: 400\"><span style=\"font-weight: 400\">Telecinco. (2025, mayo 5). <\/span><i><span style=\"font-weight: 400\">Cantores de H\u00edspalis encienden la Feria de Sevilla con 50 a\u00f1os de sevillanas.<\/span><\/i> <a href=\"https:\/\/www.telecinco.es\/noticias\/andalucia\/20250505\/cantores-hispalis-encienden-feria-sevilla-50-anos-sevillanas_18_015477180.html?amp=true\"><span style=\"font-weight: 400\">https:\/\/www.telecinco.es\/noticias\/andalucia\/20250505\/cantores-hispalis-encienden-feria-sevilla-50-anos-sevillanas_18_015477180.html?amp=true<\/span><\/a><span style=\"font-weight: 400\">\u00a0<\/span><\/li>\n<\/ul>\n","protected":false},"excerpt":{"rendered":"<p>\u00a1Hola, color\u00e1s y coloraos! Como sab\u00e9is, La Feria de Abril de Sevilla es mucho m\u00e1s que una fiesta para nosotros. Es un sentimiento que se ha vuelto hasta el punto de que transforma la capital de Andaluc\u00eda en un mundo de color, m\u00fasica y tradici\u00f3n. El Real: Un paseo por la tradici\u00f3n y la alegr\u00eda [&hellip;]<\/p>\n","protected":false},"author":153,"featured_media":10240,"comment_status":"open","ping_status":"open","sticky":false,"template":"","format":"standard","meta":{"_acf_changed":false,"_monsterinsights_skip_tracking":false,"_monsterinsights_sitenote_active":false,"_monsterinsights_sitenote_note":"","_monsterinsights_sitenote_category":0,"footnotes":""},"categories":[12,35,170,23,309,301],"tags":[114,116],"class_list":["post-10238","post","type-post","status-publish","format-standard","has-post-thumbnail","hentry","category-eventos","category-fiestas-tradiciones","category-monumentos-y-turismo","category-patrimonio-vivo","category-provincias","category-sevilla","tag-feria","tag-feriadeabril"],"blocksy_meta":[],"acf":[],"jetpack_featured_media_url":"https:\/\/www.upo.es\/patio-colorado\/wp-content\/uploads\/2025\/06\/imagen_2025-06-11_122344299.png","_links":{"self":[{"href":"https:\/\/www.upo.es\/patio-colorado\/wp-json\/wp\/v2\/posts\/10238","targetHints":{"allow":["GET"]}}],"collection":[{"href":"https:\/\/www.upo.es\/patio-colorado\/wp-json\/wp\/v2\/posts"}],"about":[{"href":"https:\/\/www.upo.es\/patio-colorado\/wp-json\/wp\/v2\/types\/post"}],"author":[{"embeddable":true,"href":"https:\/\/www.upo.es\/patio-colorado\/wp-json\/wp\/v2\/users\/153"}],"replies":[{"embeddable":true,"href":"https:\/\/www.upo.es\/patio-colorado\/wp-json\/wp\/v2\/comments?post=10238"}],"version-history":[{"count":1,"href":"https:\/\/www.upo.es\/patio-colorado\/wp-json\/wp\/v2\/posts\/10238\/revisions"}],"predecessor-version":[{"id":10241,"href":"https:\/\/www.upo.es\/patio-colorado\/wp-json\/wp\/v2\/posts\/10238\/revisions\/10241"}],"wp:featuredmedia":[{"embeddable":true,"href":"https:\/\/www.upo.es\/patio-colorado\/wp-json\/wp\/v2\/media\/10240"}],"wp:attachment":[{"href":"https:\/\/www.upo.es\/patio-colorado\/wp-json\/wp\/v2\/media?parent=10238"}],"wp:term":[{"taxonomy":"category","embeddable":true,"href":"https:\/\/www.upo.es\/patio-colorado\/wp-json\/wp\/v2\/categories?post=10238"},{"taxonomy":"post_tag","embeddable":true,"href":"https:\/\/www.upo.es\/patio-colorado\/wp-json\/wp\/v2\/tags?post=10238"}],"curies":[{"name":"wp","href":"https:\/\/api.w.org\/{rel}","templated":true}]}}