{"id":10242,"date":"2025-06-11T10:28:51","date_gmt":"2025-06-11T10:28:51","guid":{"rendered":"https:\/\/www.upo.es\/patio-colorado\/?p=10242"},"modified":"2025-06-11T10:28:51","modified_gmt":"2025-06-11T10:28:51","slug":"los-cantores-de-hispalis-patrimonio-andaluz-musical","status":"publish","type":"post","link":"https:\/\/www.upo.es\/patio-colorado\/2025\/06\/11\/los-cantores-de-hispalis-patrimonio-andaluz-musical\/","title":{"rendered":"Los Cantores de H\u00edspalis, patrimonio andaluz musical"},"content":{"rendered":"<p><strong>\u00a1Hola, color\u00e1s y coloraos!<\/strong> \u00bfConoc\u00e9is a los Cantores de H\u00edspalis? Es un grupo sevillano que ha marcado un antes y un despu\u00e9s en la historia de Andaluc\u00eda hasta el punto de que se han vuelto los iconos de gran parte de nuestras festividades con su m\u00fasica. Su gran trayectoria no es solo la historia de un \u00e9xito musical, sino tambi\u00e9n el reflejo de una pasi\u00f3n extraordinaria por nuestras ra\u00edces andaluzas.<\/p>\n<p><img loading=\"lazy\" decoding=\"async\" class=\"size-medium wp-image-10243 aligncenter\" src=\"https:\/\/www.upo.es\/patio-colorado\/wp-content\/uploads\/2025\/06\/imagen_2025-06-11_122608080-300x197.png\" alt=\"\" width=\"300\" height=\"197\" srcset=\"https:\/\/www.upo.es\/patio-colorado\/wp-content\/uploads\/2025\/06\/imagen_2025-06-11_122608080-300x197.png 300w, https:\/\/www.upo.es\/patio-colorado\/wp-content\/uploads\/2025\/06\/imagen_2025-06-11_122608080.png 741w\" sizes=\"auto, (max-width: 300px) 100vw, 300px\" \/><\/p>\n<p style=\"text-align: center\">Cantores de H\u00edspalis<\/p>\n<p>Cantores de H\u00edspalis como grupo naci\u00f3 en Salamanca en 1976, bajo el nombre de Los Macarenos. Los integrantes originalmente eran Juan Luis Calceteiro (apodado Juani), Jos\u00e9 Antonio R\u00faa, Ricardo Pujol y Rafael Ojeda (conocido como Fal\u00edn). Poco despu\u00e9s se uni\u00f3 Pascual Gonz\u00e1lez, reemplazando a Ricardo Pujol, y con \u00e9l, el grupo pas\u00f3 a llamarse Cantores de H\u00edspalis, pues decidieron darle un homenaje a la ciudad que se convertir\u00eda en su fuente de inspiraci\u00f3n, cari\u00f1o y, por supuesto, en su escenario principal. En un principio, su m\u00fasica no eran \u00fanicamente sevillanas, sino canciones protesta. Su primer \u00e1lbum, Cosas de mi tierra (1978), fue grabado en Suiza por las restricciones que hab\u00eda en Espa\u00f1a en esa \u00e9poca. A\u00fan as\u00ed, consiguieron avanzar en su camino musical sin problemas. La buena acogida de una sevillana en uno de sus conciertos les inspir\u00f3 a continuar por ese g\u00e9nero y as\u00ed fue c\u00f3mo se especializaron en este hasta nuestros d\u00edas. Sus letras se han centrado sobre todo en temas amorosos, tradicionales, en la Semana Santa y, por supuesto, de la Feria de Abril. Es m\u00e1s, sus sevillanas se han vuelto himnos de fiestas tradicionales, romer\u00edas y ferias por toda Espa\u00f1a e incluso del extranjero.<\/p>\n<p>La d\u00e9cada de los 80 fue la \u00e9poca de auge por excelencia de los Cantores de H\u00edspalis. \u00c1lbumes como A nuestro aire (1982), con Cantar\u00e9, y El carrusel de la alegr\u00eda (1983) los lanzaron a la fama, pero fue con Adelante (1984) cuando alcanzaron el nivel de leyenda, pues se podr\u00eda decir que es una de sus obras maestras y, adem\u00e1s, el disco m\u00e1s vendido del a\u00f1o.<br \/>\nLos Cantores de H\u00edspalis no se limitaron a seguir los c\u00e1nones establecidos, sino que aprovecharon su creatividad e ilusi\u00f3n por innovar y experimentaron con arreglos nuevos, incorporaron elementos orquestales y prestaron especial atenci\u00f3n a los detalles en sus producciones. De este esfuerzo naci\u00f3 el \u00e1lbum Danza (1988), un trabajo ambicioso en el que participaron con la Orquesta Filarm\u00f3nica de Londres y que les hizo ganar el premio Gold Premium \u00abLa Voz de su Amo\u00bb de la Sociedad Fonogr\u00e1fica Europea.<\/p>\n<p>A pesar de su separaci\u00f3n temporal a mediados de los 90, el grupo volvi\u00f3 en el 2000 con Pascual Gonz\u00e1lez y Cantores de H\u00edspalis, y probaron que su pasi\u00f3n por la m\u00fasica y su conexi\u00f3n con el p\u00fablico segu\u00edan intactas a pesar de todo. Aunque la trayectoria ha tenido momentos dif\u00edciles, como el fallecimiento de Fal\u00edn en 2008 o el de Pascual, el m\u00e1s reciente, el grupo ha sabido sobreponerse y seguir adelante, manteniendo viva la llama de las sevillanas y su uni\u00f3n como compa\u00f1eros en este trayecto.<\/p>\n<p>Hoy en d\u00eda, los Cantores de H\u00edspalis siguen innovando y un ejemplo reciente es su nuevo espect\u00e1culo: El Mes\u00edas, una gran obra de tem\u00e1tica espiritual que narra la vida de Jes\u00fas de Nazaret a trav\u00e9s de la m\u00fasica y la palabra y esto nos sirve para ver que los Cantores de H\u00edspalis son mucho m\u00e1s que un simple grupo musical, son parte de la identidad cultural de Andaluc\u00eda.<\/p>\n<p>&nbsp;<\/p>\n<p><strong>Bibliograf\u00eda<\/strong><\/p>\n<ul>\n<li style=\"font-weight: 400\"><span style=\"font-weight: 400\">Canal Sevillanas. (s.f.). <\/span><i><span style=\"font-weight: 400\">Cantores de H\u00edspalis<\/span><\/i><span style=\"font-weight: 400\">. <\/span><a href=\"https:\/\/www.canalsevillanas.com\/artistas\/cantores-de-hispalis\/cantores-de-hispalis.php\"><span style=\"font-weight: 400\">https:\/\/www.canalsevillanas.com\/artistas\/cantores-de-hispalis\/cantores-de-hispalis.php<\/span><\/a><span style=\"font-weight: 400\">\u00a0<\/span><\/li>\n<li style=\"font-weight: 400\"><span style=\"font-weight: 400\">Escena en Sevilla. (s.f.). <\/span><i><span style=\"font-weight: 400\">Cantores de H\u00edspalis.<\/span><\/i> <a href=\"https:\/\/www.escenaensevilla.es\/artistas\/cantores-de-hispalis#google_vignette\"><span style=\"font-weight: 400\">https:\/\/www.escenaensevilla.es\/artistas\/cantores-de-hispalis#google_vignette<\/span><\/a><span style=\"font-weight: 400\">\u00a0<\/span><\/li>\n<li style=\"font-weight: 400\"><span style=\"font-weight: 400\">Canal Sur. (2021, marzo 24). <\/span><i><span style=\"font-weight: 400\">Sevillanas de Cantores de H\u00edspalis (1991)<\/span><\/i><span style=\"font-weight: 400\"> [Entrada de blog]. <\/span><a href=\"https:\/\/blogs.canalsur.es\/documentacionyarchivo\/sevillanas-de-cantores-de-hispalis-1991\/\"><span style=\"font-weight: 400\">https:\/\/blogs.canalsur.es\/documentacionyarchivo\/sevillanas-de-cantores-de-hispalis-1991\/<\/span><\/a><span style=\"font-weight: 400\">\u00a0<\/span><\/li>\n<li style=\"font-weight: 400\"><span style=\"font-weight: 400\">Ayuntamiento de Jerez. (s.f.). <\/span><i><span style=\"font-weight: 400\">Cantores de H\u00edspalis.<\/span><\/i> <a href=\"https:\/\/www.jerez.es\/evento-simple-portada\/cantores-de-hispalis\"><span style=\"font-weight: 400\">https:\/\/www.jerez.es\/evento-simple-portada\/cantores-de-hispalis<\/span><\/a><span style=\"font-weight: 400\">\u00a0<\/span><\/li>\n<\/ul>\n","protected":false},"excerpt":{"rendered":"<p>\u00a1Hola, color\u00e1s y coloraos! \u00bfConoc\u00e9is a los Cantores de H\u00edspalis? Es un grupo sevillano que ha marcado un antes y un despu\u00e9s en la historia de Andaluc\u00eda hasta el punto de que se han vuelto los iconos de gran parte de nuestras festividades con su m\u00fasica. Su gran trayectoria no es solo la historia de [&hellip;]<\/p>\n","protected":false},"author":153,"featured_media":10244,"comment_status":"open","ping_status":"open","sticky":false,"template":"","format":"standard","meta":{"_acf_changed":false,"_monsterinsights_skip_tracking":false,"_monsterinsights_sitenote_active":false,"_monsterinsights_sitenote_note":"","_monsterinsights_sitenote_category":0,"footnotes":""},"categories":[12,186,23],"tags":[53,1184,1185],"class_list":["post-10242","post","type-post","status-publish","format-standard","has-post-thumbnail","hentry","category-eventos","category-literatura-musica","category-patrimonio-vivo","tag-musica","tag-cantores-de-hispalis","tag-el-mesias"],"blocksy_meta":[],"acf":[],"jetpack_featured_media_url":"https:\/\/www.upo.es\/patio-colorado\/wp-content\/uploads\/2025\/06\/imagen_2025-06-11_122741451.png","_links":{"self":[{"href":"https:\/\/www.upo.es\/patio-colorado\/wp-json\/wp\/v2\/posts\/10242","targetHints":{"allow":["GET"]}}],"collection":[{"href":"https:\/\/www.upo.es\/patio-colorado\/wp-json\/wp\/v2\/posts"}],"about":[{"href":"https:\/\/www.upo.es\/patio-colorado\/wp-json\/wp\/v2\/types\/post"}],"author":[{"embeddable":true,"href":"https:\/\/www.upo.es\/patio-colorado\/wp-json\/wp\/v2\/users\/153"}],"replies":[{"embeddable":true,"href":"https:\/\/www.upo.es\/patio-colorado\/wp-json\/wp\/v2\/comments?post=10242"}],"version-history":[{"count":1,"href":"https:\/\/www.upo.es\/patio-colorado\/wp-json\/wp\/v2\/posts\/10242\/revisions"}],"predecessor-version":[{"id":10245,"href":"https:\/\/www.upo.es\/patio-colorado\/wp-json\/wp\/v2\/posts\/10242\/revisions\/10245"}],"wp:featuredmedia":[{"embeddable":true,"href":"https:\/\/www.upo.es\/patio-colorado\/wp-json\/wp\/v2\/media\/10244"}],"wp:attachment":[{"href":"https:\/\/www.upo.es\/patio-colorado\/wp-json\/wp\/v2\/media?parent=10242"}],"wp:term":[{"taxonomy":"category","embeddable":true,"href":"https:\/\/www.upo.es\/patio-colorado\/wp-json\/wp\/v2\/categories?post=10242"},{"taxonomy":"post_tag","embeddable":true,"href":"https:\/\/www.upo.es\/patio-colorado\/wp-json\/wp\/v2\/tags?post=10242"}],"curies":[{"name":"wp","href":"https:\/\/api.w.org\/{rel}","templated":true}]}}