{"id":10246,"date":"2025-06-11T10:33:02","date_gmt":"2025-06-11T10:33:02","guid":{"rendered":"https:\/\/www.upo.es\/patio-colorado\/?p=10246"},"modified":"2025-06-11T10:33:02","modified_gmt":"2025-06-11T10:33:02","slug":"sandra-ruiz-morales-y-la-identidad-andaluza","status":"publish","type":"post","link":"https:\/\/www.upo.es\/patio-colorado\/2025\/06\/11\/sandra-ruiz-morales-y-la-identidad-andaluza\/","title":{"rendered":"Sandra Ruiz Morales y la identidad andaluza"},"content":{"rendered":"<p><strong>\u00a1Hola, color\u00e1s y coloraos!<\/strong> \u00bfCu\u00e1ntos personajes de pel\u00edculas o series con acento conoc\u00e9is? \u00bfA que son personajes s\u00faper secundarios o que \u00fanicamente se dedican a aportar unas risas? Como hemos podido notar, es casi imposible encontrar un personaje con acento regional que no cumpla estas caracter\u00edsticas\u2026 Y este es un mel\u00f3n que Sandra Morales Ruiz ha abierto hace poco. Esta historiadora jerezana, que ha ganado renombre gracias a su presencia en redes sociales y su participaci\u00f3n en programas de televisi\u00f3n como El condensador de fluzo de La 2, ha puesto sobre la mesa un debate necesario y complicado: el del acento andaluz en los medios de comunicaci\u00f3n y su percepci\u00f3n.<\/p>\n<p><img loading=\"lazy\" decoding=\"async\" class=\"size-medium wp-image-10248 aligncenter\" src=\"https:\/\/www.upo.es\/patio-colorado\/wp-content\/uploads\/2025\/06\/imagen_2025-06-11_123049034-300x169.png\" alt=\"\" width=\"300\" height=\"169\" srcset=\"https:\/\/www.upo.es\/patio-colorado\/wp-content\/uploads\/2025\/06\/imagen_2025-06-11_123049034-300x169.png 300w, https:\/\/www.upo.es\/patio-colorado\/wp-content\/uploads\/2025\/06\/imagen_2025-06-11_123049034-1024x576.png 1024w, https:\/\/www.upo.es\/patio-colorado\/wp-content\/uploads\/2025\/06\/imagen_2025-06-11_123049034-768x432.png 768w, https:\/\/www.upo.es\/patio-colorado\/wp-content\/uploads\/2025\/06\/imagen_2025-06-11_123049034-1536x864.png 1536w, https:\/\/www.upo.es\/patio-colorado\/wp-content\/uploads\/2025\/06\/imagen_2025-06-11_123049034.png 1600w\" sizes=\"auto, (max-width: 300px) 100vw, 300px\" \/><\/p>\n<p style=\"text-align: center\">La jerezana Sandra Morales<\/p>\n<p>Con su acento andaluz marcado y sin complejos, Sandra Morales se ha convertido en una divulgadora muy seguida en redes. Sin embargo, por alguna raz\u00f3n, su naturalidad al hablar en un registro formal y en un medio de gran alcance ha generado todo tipo de reacciones, para variar. Adem\u00e1s de una buena cantidad de mensajes de apoyo por mostrar con orgullo su identidad ling\u00fc\u00edstica, han surgido tambi\u00e9n cr\u00edticas que, en ocasiones, rozan lo que muchos llaman \u00abandalufobia\u00bb. Estos comentarios que cuestionan su conocimiento de la lengua o sugieren que deber\u00eda \u00abhablar bien\u00bb muestran los prejuicios arraigados sobre los acentos no normativos y la creencia de que solo existe una \u00fanica forma \u00abcorrecta\u00bb de hablar en los medios. Esta situaci\u00f3n nos lleva a reflexionar sobre el papel de los acentos en la configuraci\u00f3n de la identidad y la representatividad en el espacio p\u00fablico. Al fin y al cabo, durante a\u00f1os, la prevalencia de un castellano neutro en los medios pudo transmitir, consciente o inconscientemente, la idea de que otras formas de hablar eran menos v\u00e1lidas o apropiadas para ciertos contextos, especialmente los de divulgaci\u00f3n o informativos.<\/p>\n<p>El \u201cfen\u00f3meno Sandra Morales\u201d y este debate demuestran que la sociedad actual demanda una mayor pluralidad, representaci\u00f3n y autenticidad en los medios. La audiencia valora positivamente la cercan\u00eda y la diversidad ling\u00fc\u00edstica, pues reconoce lo rica culturalmente hablando que es Espa\u00f1a.<\/p>\n<p>En este sentido, figuras como Sandra Morales son muy importantes para nosotros como icono o figura de referencia. Esto es porque ella est\u00e1 abriendo camino para que otras personas con acentos regionales se sientan representadas y animadas a no renunciar a su forma de hablar, est\u00e1 desafiando los estereotipos y contribuyendo a normalizar la diversidad de acentos en \u00e1mbitos donde antes no era com\u00fan verlos.<\/p>\n<p>La discusi\u00f3n en torno al acento de Sandra Morales tambi\u00e9n muestra la necesidad de una mayor educaci\u00f3n y concienciaci\u00f3n sobre la diversidad ling\u00fc\u00edstica de nuestro pa\u00eds. Es muy importante entender que las distintas variaciones del castellano, incluyendo el andaluz con sus caracter\u00edsticas fon\u00e9ticas \u00fanicas como el ceceo o el seseo, son tan v\u00e1lidas y ricas como cualquier otra y que ninguna prevalece sobre otra, pues todas albergan la identidad cultural e historia de quien las habla.<\/p>\n<p>&nbsp;<\/p>\n<p><strong>Bibliograf\u00eda<\/strong><\/p>\n<ul>\n<li style=\"font-weight: 400\"><span style=\"font-weight: 400\">El Mundo. (2025, febrero 28). <\/span><i><span style=\"font-weight: 400\">Sandra Morales: \u201cMi acento andaluz no es un problema, es mi identidad\u201d<\/span><\/i><span style=\"font-weight: 400\">. <\/span><a href=\"https:\/\/www.elmundo.es\/papel\/lideres\/2025\/02\/28\/67c031efe85ece33478b4577.html\"><span style=\"font-weight: 400\">https:\/\/www.elmundo.es\/papel\/lideres\/2025\/02\/28\/67c031efe85ece33478b4577.html<\/span><\/a><span style=\"font-weight: 400\">\u00a0<\/span><\/li>\n<li style=\"font-weight: 400\"><span style=\"font-weight: 400\">Diario de Sevilla. (2024, abril 16). <\/span><i><span style=\"font-weight: 400\">Sandra Morales, la reportera que triunfa con su acento andaluz en televisi\u00f3n<\/span><\/i><span style=\"font-weight: 400\">. <\/span><a href=\"https:\/\/www.diariodesevilla.es\/television\/sandra-morales-reportera-acento-andaluz_0_2003170778.html\"><span style=\"font-weight: 400\">https:\/\/www.diariodesevilla.es\/television\/sandra-morales-reportera-acento-andaluz_0_2003170778.html<\/span><\/a><span style=\"font-weight: 400\">\u00a0<\/span><\/li>\n<\/ul>\n","protected":false},"excerpt":{"rendered":"<p>\u00a1Hola, color\u00e1s y coloraos! \u00bfCu\u00e1ntos personajes de pel\u00edculas o series con acento conoc\u00e9is? \u00bfA que son personajes s\u00faper secundarios o que \u00fanicamente se dedican a aportar unas risas? Como hemos podido notar, es casi imposible encontrar un personaje con acento regional que no cumpla estas caracter\u00edsticas\u2026 Y este es un mel\u00f3n que Sandra Morales Ruiz [&hellip;]<\/p>\n","protected":false},"author":153,"featured_media":10247,"comment_status":"open","ping_status":"open","sticky":false,"template":"","format":"standard","meta":{"_acf_changed":false,"_monsterinsights_skip_tracking":false,"_monsterinsights_sitenote_active":false,"_monsterinsights_sitenote_note":"","_monsterinsights_sitenote_category":0,"footnotes":""},"categories":[171,23],"tags":[312,726,55,320,1187,1186],"class_list":["post-10246","post","type-post","status-publish","format-standard","has-post-thumbnail","hentry","category-opinion","category-patrimonio-vivo","tag-acento","tag-acentos","tag-andalucia","tag-jerez","tag-andalufobia","tag-sandra-morales"],"blocksy_meta":[],"acf":[],"jetpack_featured_media_url":"https:\/\/www.upo.es\/patio-colorado\/wp-content\/uploads\/2025\/06\/imagen_2025-06-11_123026361.png","_links":{"self":[{"href":"https:\/\/www.upo.es\/patio-colorado\/wp-json\/wp\/v2\/posts\/10246","targetHints":{"allow":["GET"]}}],"collection":[{"href":"https:\/\/www.upo.es\/patio-colorado\/wp-json\/wp\/v2\/posts"}],"about":[{"href":"https:\/\/www.upo.es\/patio-colorado\/wp-json\/wp\/v2\/types\/post"}],"author":[{"embeddable":true,"href":"https:\/\/www.upo.es\/patio-colorado\/wp-json\/wp\/v2\/users\/153"}],"replies":[{"embeddable":true,"href":"https:\/\/www.upo.es\/patio-colorado\/wp-json\/wp\/v2\/comments?post=10246"}],"version-history":[{"count":1,"href":"https:\/\/www.upo.es\/patio-colorado\/wp-json\/wp\/v2\/posts\/10246\/revisions"}],"predecessor-version":[{"id":10249,"href":"https:\/\/www.upo.es\/patio-colorado\/wp-json\/wp\/v2\/posts\/10246\/revisions\/10249"}],"wp:featuredmedia":[{"embeddable":true,"href":"https:\/\/www.upo.es\/patio-colorado\/wp-json\/wp\/v2\/media\/10247"}],"wp:attachment":[{"href":"https:\/\/www.upo.es\/patio-colorado\/wp-json\/wp\/v2\/media?parent=10246"}],"wp:term":[{"taxonomy":"category","embeddable":true,"href":"https:\/\/www.upo.es\/patio-colorado\/wp-json\/wp\/v2\/categories?post=10246"},{"taxonomy":"post_tag","embeddable":true,"href":"https:\/\/www.upo.es\/patio-colorado\/wp-json\/wp\/v2\/tags?post=10246"}],"curies":[{"name":"wp","href":"https:\/\/api.w.org\/{rel}","templated":true}]}}