{"id":10250,"date":"2025-06-11T10:37:22","date_gmt":"2025-06-11T10:37:22","guid":{"rendered":"https:\/\/www.upo.es\/patio-colorado\/?p=10250"},"modified":"2025-06-11T10:37:22","modified_gmt":"2025-06-11T10:37:22","slug":"iconica-santalucia-sevilla-fest-2025","status":"publish","type":"post","link":"https:\/\/www.upo.es\/patio-colorado\/2025\/06\/11\/iconica-santalucia-sevilla-fest-2025\/","title":{"rendered":"Ic\u00f3nica Santaluc\u00eda Sevilla Fest 2025"},"content":{"rendered":"<p><strong>\u00a1Hola, color\u00e1s y coloraos!<\/strong> Sevilla se prepara un verano m\u00e1s para acoger uno de los eventos musicales m\u00e1s esperados nacional e internacionalmente: el Ic\u00f3nica Santaluc\u00eda Sevilla Fest. Pero esto no es solo un festival, sino que es una experiencia que fusiona la historia y la arquitectura tradicional de la Plaza de Espa\u00f1a con una gran programaci\u00f3n musical. En 2025, Ic\u00f3nica regresa del 30 de mayo al 14 de julio.<\/p>\n<p><img loading=\"lazy\" decoding=\"async\" class=\" wp-image-10252 aligncenter\" src=\"https:\/\/www.upo.es\/patio-colorado\/wp-content\/uploads\/2025\/06\/imagen_2025-06-11_123530582-300x169.png\" alt=\"\" width=\"355\" height=\"200\" srcset=\"https:\/\/www.upo.es\/patio-colorado\/wp-content\/uploads\/2025\/06\/imagen_2025-06-11_123530582-300x169.png 300w, https:\/\/www.upo.es\/patio-colorado\/wp-content\/uploads\/2025\/06\/imagen_2025-06-11_123530582-1024x576.png 1024w, https:\/\/www.upo.es\/patio-colorado\/wp-content\/uploads\/2025\/06\/imagen_2025-06-11_123530582-768x432.png 768w, https:\/\/www.upo.es\/patio-colorado\/wp-content\/uploads\/2025\/06\/imagen_2025-06-11_123530582.png 1200w\" sizes=\"auto, (max-width: 355px) 100vw, 355px\" \/><\/p>\n<p style=\"text-align: center\">R\u00f3tulo del Ic\u00f3nica Sevilla Fest<\/p>\n<p>La elecci\u00f3n de la Plaza de Espa\u00f1a como escenario no es pura casualidad. Este lugar brinda al festival una atm\u00f3sfera \u00fanica y m\u00e1gica que le ayudar\u00e1 a brillar a\u00fan m\u00e1s. Asistir a un concierto en este entorno es un privilegio que trasciende la m\u00fasica en s\u00ed, es sumergirse en nuestro bello patrimonio, que es lo que buscamos en el Patio Colorao, \u00bfno?<\/p>\n<p>Una de las se\u00f1as de identidad de Ic\u00f3nica es la diversidad de su propuesta musical, que apuesta por una gran variedad de g\u00e9neros. En su edici\u00f3n de 2025, tenemos nombres que van desde iconos del pop y el R&amp;B hasta figuras de la electr\u00f3nica, pasando por la m\u00fasica latina, el rock, el rap o incluso el regional mexicano y la salsa. Justin Timberlake es uno de los grandes focos de atenci\u00f3n, que mantiene ansiosos a sus fans, pero la lista es larga: Pet Shop Boys, Megadeth, Jean-Michel Jarre, Man\u00e1, Residente, Chayanne, Myke Towers, Emilia, Leiva, Black Coffee, Anto\u00f1ito Molina, Los Ca\u00f1os, Kaleo, Cypress Hill, Molotov, Ozuna, Abraham Mateo, Henry M\u00e9ndez, Mafalda Cardenal, Gynebra, Parov Stelar, Vitalic, Car\u00edn Le\u00f3n, Gilberto Santa Rosa, Rigoberta Bandini y Zahara. Desde grandes nombres internacionales hasta artistas nacionales consolidados y propuestas emergentes, Ic\u00f3nica es un festival m\u00fasical imposible de perder para cualquiera.<\/p>\n<p>Pero Ic\u00f3nica es m\u00e1s que todo eso. El festival tambi\u00e9n ofrece diferentes espacios y actividades para disfrutar antes y despu\u00e9s de las actuaciones. \u00abThe Village\u00bb es el punto de encuentro, un \u00e1rea donde se combinan la gastronom\u00eda y el ocio, permitiendo al p\u00fablico disfrutar a\u00fan m\u00e1s de la velada en un ambiente animado. Los \u00abPalcos Endesa Music Sessions\u00bb ofrecen una experiencia m\u00e1s premium que combina la comodidad con la posibilidad de disfrutar de la m\u00fasica de una manera diferente. Las \u00abIc\u00f3nica Sessions\u00bb y \u00abNoches Ic\u00f3nicas\u00bb complementan la programaci\u00f3n principal con m\u00e1s propuestas musicales y eventos especiales.<\/p>\n<p>El festival tambi\u00e9n ha servido para impulsar cultural y tur\u00edsticamente a la ciudad de Sevilla. Atrae a miles de visitantes cada a\u00f1o y contribuye a proyectar la imagen de la ciudad como un buen destino cultural, si no lo era antes ya. Adem\u00e1s, la edici\u00f3n de 2025 ha anunciado su compromiso con la celebraci\u00f3n del Orgullo LGTBIQ+, pues da la bienvenida a todo el mundo a disfrutar de lo que ofrecen y, por supuesto, no excluye a nadie.<\/p>\n<p>Desde su primera edici\u00f3n, Ic\u00f3nica ha evolucionado y se ha pulido, consolid\u00e1ndose como un referente de los festivales musicales en Espa\u00f1a. Su capacidad para atraer a artistas de renombre mundial y su apuesta por la calidad en todos los aspectos de la producci\u00f3n lo han formalizado como una cita imprescindible para los amantes de la m\u00fasica en directo. La organizaci\u00f3n, a cargo de Green Cow Music en colaboraci\u00f3n con el Ayuntamiento de Sevilla, demuestra a\u00f1o tras a\u00f1o un compromiso firme con la excelencia.<\/p>\n<p>&nbsp;<\/p>\n<p><strong>Bibliograf\u00eda<\/strong><\/p>\n<ul>\n<li style=\"font-weight: 400\"><span style=\"font-weight: 400\">Ic\u00f3nica Fest. (s.f.). <\/span><i><span style=\"font-weight: 400\">Ic\u00f3nica Santaluc\u00eda Sevilla Fest<\/span><\/i><span style=\"font-weight: 400\">. <\/span><a href=\"https:\/\/iconicafest.com\"><span style=\"font-weight: 400\">https:\/\/iconicafest.com<\/span><\/a><span style=\"font-weight: 400\">\u00a0<\/span><\/li>\n<li style=\"font-weight: 400\"><span style=\"font-weight: 400\">Turismo de Sevilla. (2024). <\/span><i><span style=\"font-weight: 400\">Festival Ic\u00f3nica Sevilla Fest 2024<\/span><\/i><span style=\"font-weight: 400\">. <\/span><a href=\"https:\/\/www.turismosevilla.org\/es\/eventos-y-fiestas\/festival-iconica-sevilla-fest-2024\"><span style=\"font-weight: 400\">https:\/\/www.turismosevilla.org\/es\/eventos-y-fiestas\/festival-iconica-sevilla-fest-2024<\/span><\/a><span style=\"font-weight: 400\">\u00a0<\/span><\/li>\n<li style=\"font-weight: 400\"><span style=\"font-weight: 400\">DOD Magazine. (s.f.). <\/span><i><span style=\"font-weight: 400\">Ic\u00f3nica Sevilla Fest<\/span><\/i><span style=\"font-weight: 400\">. <\/span><a href=\"https:\/\/www.dodmagazine.es\/festivales\/iconica-sevilla-fest\/\"><span style=\"font-weight: 400\">https:\/\/www.dodmagazine.es\/festivales\/iconica-sevilla-fest\/<\/span><\/a><span style=\"font-weight: 400\">\u00a0<\/span><\/li>\n<li style=\"font-weight: 400\"><span style=\"font-weight: 400\">Madrid Diferente. (2025, abril 24). <\/span><i><span style=\"font-weight: 400\">Ic\u00f3nica Santaluc\u00eda Sevilla Fest 2025: el festival de m\u00fasica pop, electr\u00f3nica y latina en un lugar \u00fanico<\/span><\/i><span style=\"font-weight: 400\">. <\/span><a href=\"https:\/\/madriddiferente.com\/ocio\/iconica-santalucia-sevilla-fest-2025-festival-musica-pop-electronica-latina\/\"><span style=\"font-weight: 400\">https:\/\/madriddiferente.com\/ocio\/iconica-santalucia-sevilla-fest-2025-festival-musica-pop-electronica-latina\/<\/span><\/a><span style=\"font-weight: 400\">\u00a0<\/span><\/li>\n<li style=\"font-weight: 400\"><span style=\"font-weight: 400\">elDiario.es. (2025, mayo 3). <\/span><i><span style=\"font-weight: 400\">Justin Timberlake y Kylie Minogue, entre las 25 noches de m\u00fasica del Ic\u00f3nica Santaluc\u00eda Sevilla Fest 2025<\/span><\/i><span style=\"font-weight: 400\">. <\/span><a href=\"https:\/\/www.eldiario.es\/sevilla\/justin-timberlake-kylie-minogue-25-noches-musica-iconica-santalucia-sevilla-fest-2025_1_12258799.html\"><span style=\"font-weight: 400\">https:\/\/www.eldiario.es\/sevilla\/justin-timberlake-kylie-minogue-25-noches-musica-iconica-santalucia-sevilla-fest-2025_1_12258799.html<\/span><\/a><span style=\"font-weight: 400\">\u00a0<\/span><\/li>\n<\/ul>\n","protected":false},"excerpt":{"rendered":"<p>\u00a1Hola, color\u00e1s y coloraos! Sevilla se prepara un verano m\u00e1s para acoger uno de los eventos musicales m\u00e1s esperados nacional e internacionalmente: el Ic\u00f3nica Santaluc\u00eda Sevilla Fest. Pero esto no es solo un festival, sino que es una experiencia que fusiona la historia y la arquitectura tradicional de la Plaza de Espa\u00f1a con una gran [&hellip;]<\/p>\n","protected":false},"author":153,"featured_media":10251,"comment_status":"open","ping_status":"open","sticky":false,"template":"","format":"standard","meta":{"_acf_changed":false,"_monsterinsights_skip_tracking":false,"_monsterinsights_sitenote_active":false,"_monsterinsights_sitenote_note":"","_monsterinsights_sitenote_category":0,"footnotes":""},"categories":[12,186,1110,23,301],"tags":[53,436,1188],"class_list":["post-10250","post","type-post","status-publish","format-standard","has-post-thumbnail","hentry","category-eventos","category-literatura-musica","category-noticias","category-patrimonio-vivo","category-sevilla","tag-musica","tag-festival","tag-iconica-fest"],"blocksy_meta":[],"acf":[],"jetpack_featured_media_url":"https:\/\/www.upo.es\/patio-colorado\/wp-content\/uploads\/2025\/06\/imagen_2025-06-11_123431089.png","_links":{"self":[{"href":"https:\/\/www.upo.es\/patio-colorado\/wp-json\/wp\/v2\/posts\/10250","targetHints":{"allow":["GET"]}}],"collection":[{"href":"https:\/\/www.upo.es\/patio-colorado\/wp-json\/wp\/v2\/posts"}],"about":[{"href":"https:\/\/www.upo.es\/patio-colorado\/wp-json\/wp\/v2\/types\/post"}],"author":[{"embeddable":true,"href":"https:\/\/www.upo.es\/patio-colorado\/wp-json\/wp\/v2\/users\/153"}],"replies":[{"embeddable":true,"href":"https:\/\/www.upo.es\/patio-colorado\/wp-json\/wp\/v2\/comments?post=10250"}],"version-history":[{"count":1,"href":"https:\/\/www.upo.es\/patio-colorado\/wp-json\/wp\/v2\/posts\/10250\/revisions"}],"predecessor-version":[{"id":10253,"href":"https:\/\/www.upo.es\/patio-colorado\/wp-json\/wp\/v2\/posts\/10250\/revisions\/10253"}],"wp:featuredmedia":[{"embeddable":true,"href":"https:\/\/www.upo.es\/patio-colorado\/wp-json\/wp\/v2\/media\/10251"}],"wp:attachment":[{"href":"https:\/\/www.upo.es\/patio-colorado\/wp-json\/wp\/v2\/media?parent=10250"}],"wp:term":[{"taxonomy":"category","embeddable":true,"href":"https:\/\/www.upo.es\/patio-colorado\/wp-json\/wp\/v2\/categories?post=10250"},{"taxonomy":"post_tag","embeddable":true,"href":"https:\/\/www.upo.es\/patio-colorado\/wp-json\/wp\/v2\/tags?post=10250"}],"curies":[{"name":"wp","href":"https:\/\/api.w.org\/{rel}","templated":true}]}}