{"id":10258,"date":"2025-06-11T10:47:15","date_gmt":"2025-06-11T10:47:15","guid":{"rendered":"https:\/\/www.upo.es\/patio-colorado\/?p=10258"},"modified":"2025-06-11T10:47:15","modified_gmt":"2025-06-11T10:47:15","slug":"senalizan-la-antigua-juderia-en-la-nueva-calle-mateos-gago","status":"publish","type":"post","link":"https:\/\/www.upo.es\/patio-colorado\/2025\/06\/11\/senalizan-la-antigua-juderia-en-la-nueva-calle-mateos-gago\/","title":{"rendered":"Se\u00f1alizan la Antigua Juder\u00eda en la nueva calle Mateos Gago"},"content":{"rendered":"<p><strong>\u00a1Hola, color\u00e1s y coloraos!<\/strong> Volvemos a Sevilla, una ciudad que respira tradici\u00f3n y cultura, donde cada piedra o edificio nos cuenta una amplia historia. Recuperar y hacer visible ese pasado, especialmente aquellas partes menos conocidas o m\u00e1s controversiales, necesita de memoria hist\u00f3rica y de un amplio estudio cultural. Un ejemplo de esto lo encontramos en la reci\u00e9n reurbanizada calle Mateos Gago, donde el \u00c1rea de Urbanismo del Ayuntamiento de Sevilla, en coordinaci\u00f3n con el Distrito Casco Antiguo, ha llevado a cabo una iniciativa para se\u00f1alizar el trazado de la antigua muralla de la Juder\u00eda, desaparecida tras lo ocurrido en 1391.<\/p>\n<p><img loading=\"lazy\" decoding=\"async\" class=\"size-medium wp-image-10259 aligncenter\" src=\"https:\/\/www.upo.es\/patio-colorado\/wp-content\/uploads\/2025\/06\/imagen_2025-06-11_124354809-300x146.png\" alt=\"\" width=\"300\" height=\"146\" srcset=\"https:\/\/www.upo.es\/patio-colorado\/wp-content\/uploads\/2025\/06\/imagen_2025-06-11_124354809-300x146.png 300w, https:\/\/www.upo.es\/patio-colorado\/wp-content\/uploads\/2025\/06\/imagen_2025-06-11_124354809-1024x498.png 1024w, https:\/\/www.upo.es\/patio-colorado\/wp-content\/uploads\/2025\/06\/imagen_2025-06-11_124354809-768x373.png 768w, https:\/\/www.upo.es\/patio-colorado\/wp-content\/uploads\/2025\/06\/imagen_2025-06-11_124354809-1536x747.png 1536w, https:\/\/www.upo.es\/patio-colorado\/wp-content\/uploads\/2025\/06\/imagen_2025-06-11_124354809-2048x996.png 2048w\" sizes=\"auto, (max-width: 300px) 100vw, 300px\" \/><\/p>\n<p style=\"text-align: center\">Delegados de H\u00e1bitat Urbano y Casco Antiguo leen el QR de la placa instalada<\/p>\n<p>La Juder\u00eda de Sevilla fue, durante much\u00edsimo tiempo, un barrio variado y pr\u00f3spero, hogar de una importante comunidad jud\u00eda que conviv\u00eda con la poblaci\u00f3n cristiana de la ciudad del momento, que formaba la mayor\u00eda en comparaci\u00f3n con las personas de otras religiones. Este barrio, como muchos otros barrios jud\u00edos medievales, estaba delimitado y protegido por una muralla propia, que serv\u00eda tanto de defensa como para diferenciar zonas dentro de la propia ciudad. Hoy en d\u00eda, pasa, en parte, por lugares como la calle Fabiola y ocupa, m\u00e1s o menos, unas 15 hect\u00e1reas. El a\u00f1o 1391 fue un a\u00f1o especialmente relevante en la historia de la Juder\u00eda de Sevilla y para las comunidades jud\u00edas que habitaban aqu\u00ed. Los disturbios antijud\u00edos que estallaron en junio de ese a\u00f1o en Sevilla, instigados por el arcediano Ferr\u00e1n Mart\u00ednez, tuvieron consecuencias devastadoras. La Juder\u00eda fue asaltada, sus habitantes fueron masacrados o forzados a dejar su religi\u00f3n y el barrio acab\u00f3 siendo destruido, como resultado. Al final, tras esos conflictos, su muralla perdi\u00f3 su funci\u00f3n y se fue borrando del paisaje urbano con el tiempo.<\/p>\n<p>Siglos despu\u00e9s, en el siglo XXI, cuando iban a reurbanizar una de las calles m\u00e1s emblem\u00e1ticas del centro hist\u00f3rico, la calle Mateos Gago, los encargados piensan en rescatar del olvido este fragmento de la historia sevillana. La iniciativa de se\u00f1alizar el trazado de la antigua muralla sirve para hacer visible esa realidad pasada en el presente. No se intenta reconstruir la muralla f\u00edsica, sino marcar su antigua ubicaci\u00f3n y dimensiones en el propio pavimento de la calle, de manera que quienes pasen por all\u00ed sepan que ah\u00ed antes hab\u00eda una muralla como esa.<\/p>\n<p>La forma en que se ha llevado a cabo esta se\u00f1alizaci\u00f3n es simple y pr\u00e1ctica. Al delinear el suelo se recrea el trazado y la anchura aproximada de la muralla desaparecida, despu\u00e9s, para compaginar la marcaci\u00f3n f\u00edsica, se han instalado dos placas informativas en el pavimento con c\u00f3digos QR que enlazan la informaci\u00f3n detallada sobre la historia de la muralla y del barrio de Santa Cruz (que surgi\u00f3 sobre los terrenos de la antigua Juder\u00eda). As\u00ed, cualquier persona puede aprender este pedacito de historia de Sevilla solo con tener un m\u00f3vil al alcance, algo muy sencillo a d\u00eda de hoy. El hecho de que hayan decidido hacer este \u201ctrabajo extra\u201d con tal de educarnos y hacernos la historia de la ciudad m\u00e1s accesible tiene un fuerte valor simb\u00f3lico e hist\u00f3rico: por un lado, de nuevo, recupera la memoria de la antigua Juder\u00eda de Sevilla y, por otro, enriquece la experiencia urbana al permitir imaginar el pasado y entender la evoluci\u00f3n de la ciudad. Adem\u00e1s, destaca el papel del urbanismo como medio para preservar y difundir el patrimonio, integrando la historia en el dise\u00f1o actual del espacio p\u00fablico. As\u00ed, es mucho m\u00e1s divertido e interesante salir a caminar, \u00bfverdad?<\/p>\n<p>&nbsp;<\/p>\n<p><strong>Bibliograf\u00eda<\/strong><\/p>\n<ul>\n<li style=\"font-weight: 400\"><span style=\"font-weight: 400\">Urbanismo Sevilla. (2025, abril 10). <\/span><i><span style=\"font-weight: 400\">Urbanismo se\u00f1aliza en la nueva calle Mateos Gago el trazado de la antigua muralla de la juder\u00eda desaparecida en 1391<\/span><\/i><span style=\"font-weight: 400\">. <\/span><a href=\"https:\/\/www.urbanismosevilla.org\/noticias\/urbanismo-senaliza-en-la-nueva-calle-mateos-gago-el-trazado-de-la-antigua-muralla-de-la-juderia-desaparecida-en-1391\"><span style=\"font-weight: 400\">https:\/\/www.urbanismosevilla.org\/noticias\/urbanismo-senaliza-en-la-nueva-calle-mateos-gago-el-trazado-de-la-antigua-muralla-de-la-juderia-desaparecida-en-1391<\/span><\/a><\/li>\n<li style=\"font-weight: 400\">elDiario.es. (2025, abril 10). <i><span>El Ayuntamiento de Sevilla se\u00f1aliza en la nueva calle Mateos Gago el trazado de la muralla de la juder\u00eda desaparecida en 1391<\/span><\/i><span>. <\/span><a href=\"https:\/\/www.eldiario.es\/sevilla\/ayuntamiento-sevilla-senaliza-nueva-calle-mateos-gago-trazado-muralla-juderia-desaparecida-1391_1_8016294.html\"><span>https:\/\/www.eldiario.es\/sevilla\/ayuntamiento-sevilla-senaliza-nueva-calle-mateos-gago-trazado-muralla-juderia-desaparecida-1391_1_8016294.html<\/span><\/a><\/li>\n<\/ul>\n","protected":false},"excerpt":{"rendered":"<p>\u00a1Hola, color\u00e1s y coloraos! Volvemos a Sevilla, una ciudad que respira tradici\u00f3n y cultura, donde cada piedra o edificio nos cuenta una amplia historia. Recuperar y hacer visible ese pasado, especialmente aquellas partes menos conocidas o m\u00e1s controversiales, necesita de memoria hist\u00f3rica y de un amplio estudio cultural. Un ejemplo de esto lo encontramos en [&hellip;]<\/p>\n","protected":false},"author":153,"featured_media":10259,"comment_status":"open","ping_status":"open","sticky":false,"template":"","format":"standard","meta":{"_acf_changed":false,"_monsterinsights_skip_tracking":false,"_monsterinsights_sitenote_active":false,"_monsterinsights_sitenote_note":"","_monsterinsights_sitenote_category":0,"footnotes":""},"categories":[24,166,677,44,301],"tags":[1160,1194,1192,1193,6],"class_list":["post-10258","post","type-post","status-publish","format-standard","has-post-thumbnail","hentry","category-conservacion-y-restauracion","category-historia-arqueologia","category-lugares-reconditos-de-sevilla","category-patrimonio","category-sevilla","tag-urbanismo","tag-calle-mateos-gago","tag-juderia","tag-juderia-de-sevilla","tag-sevilla"],"blocksy_meta":[],"acf":[],"jetpack_featured_media_url":"https:\/\/www.upo.es\/patio-colorado\/wp-content\/uploads\/2025\/06\/imagen_2025-06-11_124354809-scaled.png","_links":{"self":[{"href":"https:\/\/www.upo.es\/patio-colorado\/wp-json\/wp\/v2\/posts\/10258","targetHints":{"allow":["GET"]}}],"collection":[{"href":"https:\/\/www.upo.es\/patio-colorado\/wp-json\/wp\/v2\/posts"}],"about":[{"href":"https:\/\/www.upo.es\/patio-colorado\/wp-json\/wp\/v2\/types\/post"}],"author":[{"embeddable":true,"href":"https:\/\/www.upo.es\/patio-colorado\/wp-json\/wp\/v2\/users\/153"}],"replies":[{"embeddable":true,"href":"https:\/\/www.upo.es\/patio-colorado\/wp-json\/wp\/v2\/comments?post=10258"}],"version-history":[{"count":1,"href":"https:\/\/www.upo.es\/patio-colorado\/wp-json\/wp\/v2\/posts\/10258\/revisions"}],"predecessor-version":[{"id":10260,"href":"https:\/\/www.upo.es\/patio-colorado\/wp-json\/wp\/v2\/posts\/10258\/revisions\/10260"}],"wp:featuredmedia":[{"embeddable":true,"href":"https:\/\/www.upo.es\/patio-colorado\/wp-json\/wp\/v2\/media\/10259"}],"wp:attachment":[{"href":"https:\/\/www.upo.es\/patio-colorado\/wp-json\/wp\/v2\/media?parent=10258"}],"wp:term":[{"taxonomy":"category","embeddable":true,"href":"https:\/\/www.upo.es\/patio-colorado\/wp-json\/wp\/v2\/categories?post=10258"},{"taxonomy":"post_tag","embeddable":true,"href":"https:\/\/www.upo.es\/patio-colorado\/wp-json\/wp\/v2\/tags?post=10258"}],"curies":[{"name":"wp","href":"https:\/\/api.w.org\/{rel}","templated":true}]}}