{"id":10265,"date":"2025-06-20T08:57:08","date_gmt":"2025-06-20T08:57:08","guid":{"rendered":"https:\/\/www.upo.es\/patio-colorado\/?p=10265"},"modified":"2025-06-20T09:07:08","modified_gmt":"2025-06-20T09:07:08","slug":"una-alhambra-sevillana-hecha-a-mano","status":"publish","type":"post","link":"https:\/\/www.upo.es\/patio-colorado\/2025\/06\/20\/una-alhambra-sevillana-hecha-a-mano\/","title":{"rendered":"Una Alhambra sevillana hecha a mano"},"content":{"rendered":"<p><span style=\"font-weight: 400\">\u00a1Hola color\u00e1s y coloraos!<\/span><\/p>\n<p><span style=\"font-weight: 400\">Hoy os traigo una historia digna de cuento y que nos transporta directamente a los patios, fuentes y arcos de la Alhambra&#8230; \u00a1pero sin salir de la campi\u00f1a sevillana! Os hablo del \u201cCarmen de los Arrayanes\u201d, una joya arquitect\u00f3nica en el coraz\u00f3n del municipio de Paradas, creada con paciencia, pasi\u00f3n y 125.000 azulejos.<\/span><\/p>\n<p><span style=\"font-weight: 400\">La historia comienza con Jos\u00e9 Luis Romero N\u00fa\u00f1ez, vecino de Paradas y enamorado confeso del arte andalus\u00ed desde que era un ni\u00f1o. Todo cambi\u00f3 para \u00e9l el d\u00eda que cay\u00f3 en sus manos un libro sobre la Alhambra que pertenec\u00eda a su madre. Ese libro fue la chispa que encendi\u00f3 un sue\u00f1o: construir su propia versi\u00f3n del palacio nazar\u00ed en su pueblo.<\/span><\/p>\n<p><span style=\"font-weight: 400\">Y no fue un simple capricho: Romero visit\u00f3 m\u00e1s de 140 veces la Alhambra de Granada, tom\u00f3 apuntes, dibujos, habl\u00f3 con artesanos y se empap\u00f3 del esp\u00edritu nazar\u00ed. As\u00ed, en 1993 compr\u00f3 una casa, la derrib\u00f3 y se puso manos a la obra para convertir esos 500 metros cuadrados en un rinc\u00f3n que parece sacado directamente del siglo XIV.<\/span><\/p>\n<p><span style=\"font-weight: 400\">Aunque no era arquitecto, Romero dise\u00f1\u00f3 cada detalle del \u201cCarmen de los Arrayanes\u201d. Durante 12 a\u00f1os trabaj\u00f3 junto a alba\u00f1iles, escayolistas del pueblo y artesanos de Granada y alrededores para dar forma a su sue\u00f1o. Us\u00f3 m\u00e1s de 100 moldes de silicona para reproducir con fidelidad las yeser\u00edas y se trajo los 125.000 azulejos que hoy decoran paredes, fuentes y columnas.<\/span><\/p>\n<p><span style=\"font-weight: 400\">El resultado es tan impresionante que muchos visitantes creen estar en Granada en lugar de Sevilla. No falta ni un detalle: arcos de herradura, estucos, fuentes centrales, y un ambiente que invita al silencio y la contemplaci\u00f3n, igual que en los patios de la Alhambra original.<\/span><\/p>\n<p><span style=\"font-weight: 400\">Lo mejor de todo es que esta maravilla no se queda solo para disfrutarla desde fuera. El Carmen de los Arrayanes est\u00e1 abierto al p\u00fablico y se puede visitar, siendo una de las grandes sorpresas para quien pasa por Paradas.<\/span><\/p>\n<p><span style=\"font-weight: 400\">As\u00ed que ya sab\u00e9is, si alguna vez hab\u00e9is so\u00f1ado con perderos en los rincones de la Alhambra pero est\u00e1is por tierras sevillanas, no hace falta irse tan lejos. En la campi\u00f1a os espera una versi\u00f3n hecha con tanto amor y detalle que os dejar\u00e1 boquiabiertos.<\/span><\/p>\n<p><span style=\"font-weight: 400\">\u00a1Nos vemos entre azulejos y fuentes!<\/span><\/p>\n<p>&nbsp;<\/p>\n<p><b>Referencias\u00a0<\/b><\/p>\n<p><span style=\"font-weight: 400\">Baus\u00e1n Garc\u00eda, S. (2025, 17 de Junio). <\/span><i><span style=\"font-weight: 400\">Sevilla tiene su propia Alhambra: su due\u00f1o visit\u00f3 m\u00e1s de 140 veces el monumento y us\u00f3 125.000 azulejos para construirla<\/span><\/i><span style=\"font-weight: 400\">. El Correo de Andaluc\u00eda. <\/span><a href=\"https:\/\/www.elcorreoweb.es\/sevilla\/2025\/06\/17\/sevilla-propia-alhambra-granada-dueno-visito-140-veces-monumento-uso-125000-azulejos-paradas-dv-118702813.html\"><span style=\"font-weight: 400\">https:\/\/www.elcorreoweb.es\/sevilla\/2025\/06\/17\/sevilla-propia-alhambra-granada-dueno-visito-140-veces-monumento-uso-125000-azulejos-paradas-dv-118702813.html<\/span><\/a><span style=\"font-weight: 400\">\u00a0<\/span><\/p>\n","protected":false},"excerpt":{"rendered":"<p>\u00a1Hola color\u00e1s y coloraos! Hoy os traigo una historia digna de cuento y que nos transporta directamente a los patios, fuentes y arcos de la Alhambra&#8230; \u00a1pero sin salir de la campi\u00f1a sevillana! Os hablo del \u201cCarmen de los Arrayanes\u201d, una joya arquitect\u00f3nica en el coraz\u00f3n del municipio de Paradas, creada con paciencia, pasi\u00f3n y [&hellip;]<\/p>\n","protected":false},"author":166,"featured_media":10266,"comment_status":"open","ping_status":"open","sticky":false,"template":"","format":"standard","meta":{"_acf_changed":false,"_monsterinsights_skip_tracking":false,"_monsterinsights_sitenote_active":false,"_monsterinsights_sitenote_note":"","_monsterinsights_sitenote_category":0,"footnotes":""},"categories":[403],"tags":[932],"class_list":["post-10265","post","type-post","status-publish","format-standard","has-post-thumbnail","hentry","category-historias-y-mucho-mas","tag-historia-patrimoniohistorico"],"blocksy_meta":[],"acf":[],"jetpack_featured_media_url":"https:\/\/www.upo.es\/patio-colorado\/wp-content\/uploads\/2025\/06\/alhambra.webp","_links":{"self":[{"href":"https:\/\/www.upo.es\/patio-colorado\/wp-json\/wp\/v2\/posts\/10265","targetHints":{"allow":["GET"]}}],"collection":[{"href":"https:\/\/www.upo.es\/patio-colorado\/wp-json\/wp\/v2\/posts"}],"about":[{"href":"https:\/\/www.upo.es\/patio-colorado\/wp-json\/wp\/v2\/types\/post"}],"author":[{"embeddable":true,"href":"https:\/\/www.upo.es\/patio-colorado\/wp-json\/wp\/v2\/users\/166"}],"replies":[{"embeddable":true,"href":"https:\/\/www.upo.es\/patio-colorado\/wp-json\/wp\/v2\/comments?post=10265"}],"version-history":[{"count":1,"href":"https:\/\/www.upo.es\/patio-colorado\/wp-json\/wp\/v2\/posts\/10265\/revisions"}],"predecessor-version":[{"id":10267,"href":"https:\/\/www.upo.es\/patio-colorado\/wp-json\/wp\/v2\/posts\/10265\/revisions\/10267"}],"wp:featuredmedia":[{"embeddable":true,"href":"https:\/\/www.upo.es\/patio-colorado\/wp-json\/wp\/v2\/media\/10266"}],"wp:attachment":[{"href":"https:\/\/www.upo.es\/patio-colorado\/wp-json\/wp\/v2\/media?parent=10265"}],"wp:term":[{"taxonomy":"category","embeddable":true,"href":"https:\/\/www.upo.es\/patio-colorado\/wp-json\/wp\/v2\/categories?post=10265"},{"taxonomy":"post_tag","embeddable":true,"href":"https:\/\/www.upo.es\/patio-colorado\/wp-json\/wp\/v2\/tags?post=10265"}],"curies":[{"name":"wp","href":"https:\/\/api.w.org\/{rel}","templated":true}]}}