{"id":10269,"date":"2025-06-20T09:06:25","date_gmt":"2025-06-20T09:06:25","guid":{"rendered":"https:\/\/www.upo.es\/patio-colorado\/?p=10269"},"modified":"2025-06-20T09:06:25","modified_gmt":"2025-06-20T09:06:25","slug":"mas-de-un-millon-de-euros-para-cuidar-la-historia-bajo-el-mar","status":"publish","type":"post","link":"https:\/\/www.upo.es\/patio-colorado\/2025\/06\/20\/mas-de-un-millon-de-euros-para-cuidar-la-historia-bajo-el-mar\/","title":{"rendered":"M\u00e1s de un mill\u00f3n de euros para cuidar la historia\u2026 bajo el mar"},"content":{"rendered":"<p><span style=\"font-weight: 400\">\u00a1Hola color\u00e1s y coloraos!<\/span><\/p>\n<p>Hoy os traigo una noticia que huele a sal, ciencia y mucho patrimonio. Y es que C\u00e1diz y su playa de La Caleta est\u00e1n de enhorabuena: el m\u00edtico Balneario de Nuestra Se\u00f1ora de la Palma y del Real, que muchos conocen por su imponente silueta junto al mar, se somete a una profunda renovaci\u00f3n. \u00a1Se trata de la mayor inversi\u00f3n p\u00fablica en este edificio desde los a\u00f1os 90!<\/p>\n<p>Este hist\u00f3rico edificio, declarado Bien de Inter\u00e9s Cultural (BIC), es la sede del Centro de Arqueolog\u00eda Subacu\u00e1tica (CAS), una unidad del Instituto Andaluz del Patrimonio Hist\u00f3rico (IAPH), que se dedica a investigar, conservar y difundir el patrimonio que duerme bajo las aguas andaluzas.<\/p>\n<p>Gracias a la Consejer\u00eda de Cultura y Deporte, el CAS recibir\u00e1 una inversi\u00f3n de m\u00e1s de 1 mill\u00f3n de euros para obras que van desde arreglos estructurales hasta la compra de equipamiento cient\u00edfico de \u00faltima generaci\u00f3n.<\/p>\n<p>La parte m\u00e1s grande del presupuesto \u2014m\u00e1s de 830.000 euros\u2014 se va a destinar a mejorar la eficiencia energ\u00e9tica del edificio: menos gasto, menos huella de carbono y m\u00e1s confort para quienes trabajan all\u00ed. Cambiar\u00e1n el sistema de climatizaci\u00f3n, aislar\u00e1n mejor el edificio y todo estar\u00e1 en l\u00ednea con la filosof\u00eda de la Nueva Bauhaus Europea, esa que apuesta por edificios bonitos, sostenibles e inclusivos.<\/p>\n<p>Y no es para menos. Al estar tan cerca del mar, el balneario ha sufrido durante a\u00f1os los efectos del salitre. Aunque se han ido haciendo arreglos, ya era hora de ponerse serios. Solo en 2024 se gastaron m\u00e1s de 100.000 euros en reparaciones urgentes para evitar desprendimientos peligrosos. Pero esto es solo el principio: entre 2026 y 2027 se invertir\u00e1n otros 450.000 euros para dejar el edificio como nuevo.<\/p>\n<p>La otra gran novedad es que el CAS se equipa por fin con tecnolog\u00eda de vanguardia. Por m\u00e1s de 350.000 euros, contar\u00e1n con nuevo instrumental para documentar restos sumergidos en 3D, hacer an\u00e1lisis cient\u00edficos y \u00a1hasta un veh\u00edculo laboratorio m\u00f3vil! Y en 2026, una nueva embarcaci\u00f3n equipada con todo lo necesario para estudiar el fondo marino andaluz.<\/p>\n<p>Entre las adquisiciones m\u00e1s chulas: c\u00e1maras clim\u00e1ticas, estufas de circulaci\u00f3n forzada, GPS, sondas, balanzas ultrafinas y mucho m\u00e1s. Todo para seguir protegiendo ese patrimonio que no siempre se ve&#8230; pero que forma parte de nuestra historia.<\/p>\n<p>As\u00ed que ya sab\u00e9is, el Balneario de la Palma no solo es un s\u00edmbolo arquitect\u00f3nico junto al mar, \u00a1tambi\u00e9n es el coraz\u00f3n de la arqueolog\u00eda subacu\u00e1tica andaluza! Y con esta inversi\u00f3n, C\u00e1diz se convierte, a\u00fan m\u00e1s, en un faro de ciencia, historia y futuro.<\/p>\n<p>&nbsp;<\/p>\n<p><b>Referencias<\/b><\/p>\n<p><span style=\"font-weight: 400\">Instituto Andaluz del Patrimonio Hist\u00f3rico. (2025, 12 de junio). <\/span><i><span style=\"font-weight: 400\">La Consejer\u00eda de Cultura acomete la mayor inversi\u00f3n p\u00fablica en el Balneario de la Palma desde su rehabilitaci\u00f3n integral en los a\u00f1os noventa<\/span><\/i><span style=\"font-weight: 400\">. Junta de Andaluc\u00eda. <\/span><a href=\"https:\/\/www.juntadeandalucia.es\/organismos\/iaph\/servicios\/actualidad\/noticias\/detalle\/592486.html\"><span style=\"font-weight: 400\">https:\/\/www.juntadeandalucia.es\/organismos\/iaph\/servicios\/actualidad\/noticias\/detalle\/592486.html<\/span><\/a><\/p>\n<p>&nbsp;<\/p>\n","protected":false},"excerpt":{"rendered":"<p>\u00a1Hola color\u00e1s y coloraos! Hoy os traigo una noticia que huele a sal, ciencia y mucho patrimonio. Y es que C\u00e1diz y su playa de La Caleta est\u00e1n de enhorabuena: el m\u00edtico Balneario de Nuestra Se\u00f1ora de la Palma y del Real, que muchos conocen por su imponente silueta junto al mar, se somete a [&hellip;]<\/p>\n","protected":false},"author":166,"featured_media":10270,"comment_status":"open","ping_status":"open","sticky":false,"template":"","format":"standard","meta":{"_acf_changed":false,"_monsterinsights_skip_tracking":false,"_monsterinsights_sitenote_active":false,"_monsterinsights_sitenote_note":"","_monsterinsights_sitenote_category":0,"footnotes":""},"categories":[24,1110],"tags":[19,18],"class_list":["post-10269","post","type-post","status-publish","format-standard","has-post-thumbnail","hentry","category-conservacion-y-restauracion","category-noticias","tag-conservacion","tag-restauracion"],"blocksy_meta":[],"acf":[],"jetpack_featured_media_url":"https:\/\/www.upo.es\/patio-colorado\/wp-content\/uploads\/2025\/06\/IAPH_CAS-inversiones.jpg","_links":{"self":[{"href":"https:\/\/www.upo.es\/patio-colorado\/wp-json\/wp\/v2\/posts\/10269","targetHints":{"allow":["GET"]}}],"collection":[{"href":"https:\/\/www.upo.es\/patio-colorado\/wp-json\/wp\/v2\/posts"}],"about":[{"href":"https:\/\/www.upo.es\/patio-colorado\/wp-json\/wp\/v2\/types\/post"}],"author":[{"embeddable":true,"href":"https:\/\/www.upo.es\/patio-colorado\/wp-json\/wp\/v2\/users\/166"}],"replies":[{"embeddable":true,"href":"https:\/\/www.upo.es\/patio-colorado\/wp-json\/wp\/v2\/comments?post=10269"}],"version-history":[{"count":1,"href":"https:\/\/www.upo.es\/patio-colorado\/wp-json\/wp\/v2\/posts\/10269\/revisions"}],"predecessor-version":[{"id":10271,"href":"https:\/\/www.upo.es\/patio-colorado\/wp-json\/wp\/v2\/posts\/10269\/revisions\/10271"}],"wp:featuredmedia":[{"embeddable":true,"href":"https:\/\/www.upo.es\/patio-colorado\/wp-json\/wp\/v2\/media\/10270"}],"wp:attachment":[{"href":"https:\/\/www.upo.es\/patio-colorado\/wp-json\/wp\/v2\/media?parent=10269"}],"wp:term":[{"taxonomy":"category","embeddable":true,"href":"https:\/\/www.upo.es\/patio-colorado\/wp-json\/wp\/v2\/categories?post=10269"},{"taxonomy":"post_tag","embeddable":true,"href":"https:\/\/www.upo.es\/patio-colorado\/wp-json\/wp\/v2\/tags?post=10269"}],"curies":[{"name":"wp","href":"https:\/\/api.w.org\/{rel}","templated":true}]}}