{"id":10287,"date":"2025-07-05T18:32:54","date_gmt":"2025-07-05T18:32:54","guid":{"rendered":"https:\/\/www.upo.es\/patio-colorado\/?p=10287"},"modified":"2025-07-05T18:45:13","modified_gmt":"2025-07-05T18:45:13","slug":"exposicion-en-el-palacio-de-los-archivos-en-el-archivo-historico-de-sevilla","status":"publish","type":"post","link":"https:\/\/www.upo.es\/patio-colorado\/2025\/07\/05\/exposicion-en-el-palacio-de-los-archivos-en-el-archivo-historico-de-sevilla\/","title":{"rendered":"Exposici\u00f3n en el Palacio de los Archivos en el Archivo Hist\u00f3rico de Sevilla:"},"content":{"rendered":"<p>\u00a1Hola, color\u00e1s y coloraos!<\/p>\n<p>Todos y todas sabemos lo que se dice sobre Sevilla en verano, y ciertamente el calor no invita a asomarse fuera de casa, pero, teniendo una oferta cultural tan variada incluso en los meses estivales, \u00bfpor qu\u00e9 no aprovechar las pocas horas de fresco que podamos rescatar para ir a visitar espacios propiamente acondicionados?<\/p>\n<p>Desde el \u00c1rea de Turismo y Cultura el Ayuntamiento de Sevilla ha inaugurado la exposici\u00f3n \u201cEl Palacio de los Archivos\u201d que puede verse en el antiguo Palacio de Justicia, reacondicionado en \u2026 como Archivo Hist\u00f3rico Provincial y Archivo Municipal del Ayuntamiento de Sevilla.<\/p>\n<p>\u00bfY cu\u00e1l es el inter\u00e9s?<\/p>\n<p>Los archivos no son necesariamente lugares donde nunca brilla el sol y el polvo se acumula sobre pergaminos amarillentos que se deshacen al apoyarles el dedo. Bueno, en realidad, en un Archivo bien cuidado no brillar\u00e1 el sol, puesto que deteriorar\u00eda los documentos, pero estos se suelen encontrar en un estado de conservaci\u00f3n m\u00e1s o menos aceptable, en gran parte gracias a la labor infatigable de los archiveros, esos grandes olvidados.<span class=\"Apple-converted-space\">\u00a0<\/span><\/p>\n<p>Tampoco estamos hablando de un mont\u00f3n de papeluchos con relaciones y recibos sin ning\u00fan tipo de funci\u00f3n m\u00e1s all\u00e1 de la conservaci\u00f3n. Los archivos constituyen un acervo cultural de memoria escrita inconmensurable y contienen , junto con el registro arqueol\u00f3gico, las principales fuentes primarias de que se sirven los historiadores para sus labores de investigaci\u00f3n.<\/p>\n<p>En el Palacio de los Archivos podr\u00e1n consultarse, entre otros, relaciones de casos judiciales a lo largo de varios siglos, que no son solo de inter\u00e9s para los versados en Derecho, sino tambi\u00e9n para quien quiera saber algo de la realidad social, jur\u00eddica y cultural cambiante de Sevilla, as\u00ed como un documento o conjunto documental destacado como \u201cDocumento del mes\u201d.<\/p>\n<p>En la calle Almirante Apodaca n\u00ba 4 la exposici\u00f3n podr\u00e1 visitarse hasta finales de verano de lunes a viernes de 9:00 a 14:00.<\/p>\n<p>Webgraf\u00eda:<\/p>\n<p>Ayuntamiento de Sevilla (2025). \u00a0El Ayuntamiento inaugura la exposici\u00f3n \u2018El Palacio de los Archivos\u2019, en el antiguo Palacio de Justicia. https:\/\/www.sevilla.org\/actualidad\/noticias\/2025\/el-ayuntamiento-inaugura-la-exposicion-2018el-palacio-de-los-archivos2019-en-el-antiguo-palacio-de-justicia<\/p>\n<p>Patrimonio de Sevilla (2025). Exposici\u00f3n \u00abEl Palacio de los Archivos\u00bb. https:\/\/www.patrimoniodesevilla.es\/exposicion-el-palacio-de-los-archivos<\/p>\n<p>&nbsp;<\/p>\n","protected":false},"excerpt":{"rendered":"<p>\u00a1Hola, color\u00e1s y coloraos! Todos y todas sabemos lo que se dice sobre Sevilla en verano, y ciertamente el calor no invita a asomarse fuera de casa, pero, teniendo una oferta cultural tan variada incluso en los meses estivales, \u00bfpor qu\u00e9 no aprovechar las pocas horas de fresco que podamos rescatar para ir a visitar [&hellip;]<\/p>\n","protected":false},"author":169,"featured_media":10302,"comment_status":"open","ping_status":"open","sticky":false,"template":"","format":"standard","meta":{"_acf_changed":false,"_monsterinsights_skip_tracking":false,"_monsterinsights_sitenote_active":false,"_monsterinsights_sitenote_note":"","_monsterinsights_sitenote_category":0,"footnotes":""},"categories":[1,44],"tags":[],"class_list":["post-10287","post","type-post","status-publish","format-standard","has-post-thumbnail","hentry","category-sin-categoria","category-patrimonio"],"blocksy_meta":[],"acf":[],"jetpack_featured_media_url":"https:\/\/www.upo.es\/patio-colorado\/wp-content\/uploads\/2025\/07\/IMG_8955.jpeg","_links":{"self":[{"href":"https:\/\/www.upo.es\/patio-colorado\/wp-json\/wp\/v2\/posts\/10287","targetHints":{"allow":["GET"]}}],"collection":[{"href":"https:\/\/www.upo.es\/patio-colorado\/wp-json\/wp\/v2\/posts"}],"about":[{"href":"https:\/\/www.upo.es\/patio-colorado\/wp-json\/wp\/v2\/types\/post"}],"author":[{"embeddable":true,"href":"https:\/\/www.upo.es\/patio-colorado\/wp-json\/wp\/v2\/users\/169"}],"replies":[{"embeddable":true,"href":"https:\/\/www.upo.es\/patio-colorado\/wp-json\/wp\/v2\/comments?post=10287"}],"version-history":[{"count":2,"href":"https:\/\/www.upo.es\/patio-colorado\/wp-json\/wp\/v2\/posts\/10287\/revisions"}],"predecessor-version":[{"id":10289,"href":"https:\/\/www.upo.es\/patio-colorado\/wp-json\/wp\/v2\/posts\/10287\/revisions\/10289"}],"wp:featuredmedia":[{"embeddable":true,"href":"https:\/\/www.upo.es\/patio-colorado\/wp-json\/wp\/v2\/media\/10302"}],"wp:attachment":[{"href":"https:\/\/www.upo.es\/patio-colorado\/wp-json\/wp\/v2\/media?parent=10287"}],"wp:term":[{"taxonomy":"category","embeddable":true,"href":"https:\/\/www.upo.es\/patio-colorado\/wp-json\/wp\/v2\/categories?post=10287"},{"taxonomy":"post_tag","embeddable":true,"href":"https:\/\/www.upo.es\/patio-colorado\/wp-json\/wp\/v2\/tags?post=10287"}],"curies":[{"name":"wp","href":"https:\/\/api.w.org\/{rel}","templated":true}]}}