{"id":10290,"date":"2025-07-05T18:32:03","date_gmt":"2025-07-05T18:32:03","guid":{"rendered":"https:\/\/www.upo.es\/patio-colorado\/?p=10290"},"modified":"2025-07-05T18:43:12","modified_gmt":"2025-07-05T18:43:12","slug":"sevilla-oculta-el-avance-de-un-proyecto-de-puesta-en-valor-del-patrimonio-hispalense","status":"publish","type":"post","link":"https:\/\/www.upo.es\/patio-colorado\/2025\/07\/05\/sevilla-oculta-el-avance-de-un-proyecto-de-puesta-en-valor-del-patrimonio-hispalense\/","title":{"rendered":"\u201cSevilla Oculta\u201d: el avance de un proyecto de puesta en valor del patrimonio hispalense"},"content":{"rendered":"<p>\u00a1Hola, color\u00e1s y coloraos!<\/p>\n<p>\u00bfQu\u00e9 se esconde en esta \u201cSevilla Oculta\u201d del t\u00edtulo? Pues la iniciativa, emprendida a finales de 2024 por la Fundaci\u00f3n C\u00e1mara (de Comercio de Sevilla), el Ayuntamiento de Sevilla y la Achidi\u00f3cesis de Sevilla tiene como objetivo poner en valor, fomentar y, en parte, hacerse cargo de la difusi\u00f3n y conservaci\u00f3n de los bienes culturales contenidos en los conventos de Sevilla \u2014siendo las mismas edificaciones conventuales partes de estos bienes, evidentemente.<\/p>\n<p>Los conventos y monasterios de Sevilla, con una historia que en la mayor\u00eda de casos, como en el de los monasterios de San Leandro (s. XIII), San Clemente (s. XVI-XVII), Santa Paula (s. XV) y el Convento de Santa Ana (s. XV) abarcan varios siglos de historias y contienen, entre reliquias, retablos, y restos un acervo cultural, religioso y art\u00edstico inestimable ser\u00e1n puestos en primera l\u00ednea para fomentar el consumo cultural con ellos relacionado y as\u00ed poder sufragar un mejor mantenimiento y promoci\u00f3n de los mismos, sin que esto suponga la irrupci\u00f3n en el desempe\u00f1o de las actividades religiosas en ellos llevadas a cabo.<\/p>\n<p>Es conveniente recordar que Sevilla posee uno de mayores los patrimonios conventuales del mundo, y que estos, que proliferaron en los siglos XVI y XVII coincidiendo con el desarrollo econ\u00f3mico y comercial de Sevilla como ciudad portuaria y con la devoci\u00f3n contrarreformista, y fueron en buena parte abandonados y derribados tras las desamortizaciones y la Revoluci\u00f3n de 1868, resultan indispensables para comprender \u00edntegramente el desarrollo urbano de la ciudad, y que la riqueza cultural e hist\u00f3rica en ellos contenida y por ellos representada corre peligro de ser desatendida frente a una sociedad cada vez menos religiosa, lo que hace necesaria la apertura de nuevos caminos y m\u00e9todos de financiaci\u00f3n como los representados por esta propuesta.<\/p>\n<p>El 1 de julio de este a\u00f1o la fundaci\u00f3n FIDAS (Fundaci\u00f3n para la Investigaci\u00f3n y Difusi\u00f3n de la Arquitectura del Sur) se ha incorporado al proyecto para trabajar conjuntamente con las instituciones ya mencionadas y contribuir con equipo t\u00e9cnico y personal cualificado en su implementaci\u00f3n, a trav\u00e9s de proyectos de conservaci\u00f3n y colaboraci\u00f3n y difusi\u00f3n de otras actividades.<\/p>\n<p>C\u00e1mara de Sevilla (2024). Impulso a la colaboraci\u00f3n p\u00fablico-privada en los conventos de Sevilla. https:\/\/camaradesevilla.com\/la-archidiocesis-de-sevilla-la-fundacion-camara-de-comercio-de-sevilla-y-el-ayuntamiento-sevilla-pondran-en-marcha-el-proyecto-sevilla-oculta\/<br \/>\nFundaci\u00f3n FIDAS (2025). FIDAS y la Fundaci\u00f3n C\u00e1mara firman un acuerdo para trabajar conjuntamente en el programa \u2018Sevilla Oculta\u2019. https:\/\/fidas.org\/fidas-y-la-fundacion-camara-firman-un-acuerdo-para-trabajar-conjuntamente-en-el-programa-sevilla-oculta\/<\/p>\n","protected":false},"excerpt":{"rendered":"<p>\u00a1Hola, color\u00e1s y coloraos! \u00bfQu\u00e9 se esconde en esta \u201cSevilla Oculta\u201d del t\u00edtulo? Pues la iniciativa, emprendida a finales de 2024 por la Fundaci\u00f3n C\u00e1mara (de Comercio de Sevilla), el Ayuntamiento de Sevilla y la Achidi\u00f3cesis de Sevilla tiene como objetivo poner en valor, fomentar y, en parte, hacerse cargo de la difusi\u00f3n y conservaci\u00f3n [&hellip;]<\/p>\n","protected":false},"author":169,"featured_media":10301,"comment_status":"open","ping_status":"open","sticky":false,"template":"","format":"standard","meta":{"_acf_changed":false,"_monsterinsights_skip_tracking":false,"_monsterinsights_sitenote_active":false,"_monsterinsights_sitenote_note":"","_monsterinsights_sitenote_category":0,"footnotes":""},"categories":[1],"tags":[632],"class_list":["post-10290","post","type-post","status-publish","format-standard","has-post-thumbnail","hentry","category-sin-categoria","tag-monasterio"],"blocksy_meta":[],"acf":[],"jetpack_featured_media_url":"https:\/\/www.upo.es\/patio-colorado\/wp-content\/uploads\/2025\/07\/IMG_8954.jpeg","_links":{"self":[{"href":"https:\/\/www.upo.es\/patio-colorado\/wp-json\/wp\/v2\/posts\/10290","targetHints":{"allow":["GET"]}}],"collection":[{"href":"https:\/\/www.upo.es\/patio-colorado\/wp-json\/wp\/v2\/posts"}],"about":[{"href":"https:\/\/www.upo.es\/patio-colorado\/wp-json\/wp\/v2\/types\/post"}],"author":[{"embeddable":true,"href":"https:\/\/www.upo.es\/patio-colorado\/wp-json\/wp\/v2\/users\/169"}],"replies":[{"embeddable":true,"href":"https:\/\/www.upo.es\/patio-colorado\/wp-json\/wp\/v2\/comments?post=10290"}],"version-history":[{"count":1,"href":"https:\/\/www.upo.es\/patio-colorado\/wp-json\/wp\/v2\/posts\/10290\/revisions"}],"predecessor-version":[{"id":10291,"href":"https:\/\/www.upo.es\/patio-colorado\/wp-json\/wp\/v2\/posts\/10290\/revisions\/10291"}],"wp:featuredmedia":[{"embeddable":true,"href":"https:\/\/www.upo.es\/patio-colorado\/wp-json\/wp\/v2\/media\/10301"}],"wp:attachment":[{"href":"https:\/\/www.upo.es\/patio-colorado\/wp-json\/wp\/v2\/media?parent=10290"}],"wp:term":[{"taxonomy":"category","embeddable":true,"href":"https:\/\/www.upo.es\/patio-colorado\/wp-json\/wp\/v2\/categories?post=10290"},{"taxonomy":"post_tag","embeddable":true,"href":"https:\/\/www.upo.es\/patio-colorado\/wp-json\/wp\/v2\/tags?post=10290"}],"curies":[{"name":"wp","href":"https:\/\/api.w.org\/{rel}","templated":true}]}}