{"id":10297,"date":"2025-07-05T18:30:58","date_gmt":"2025-07-05T18:30:58","guid":{"rendered":"https:\/\/www.upo.es\/patio-colorado\/?p=10297"},"modified":"2025-07-05T18:40:15","modified_gmt":"2025-07-05T18:40:15","slug":"las-jornadas-medievales-de-alanis-de-la-sierra","status":"publish","type":"post","link":"https:\/\/www.upo.es\/patio-colorado\/2025\/07\/05\/las-jornadas-medievales-de-alanis-de-la-sierra\/","title":{"rendered":"Las Jornadas Medievales de Alan\u00eds de la Sierra"},"content":{"rendered":"<p>\u00a1Hola, color\u00e1s y color\u00e1os!<\/p>\n<p>\u00bfA qui\u00e9n no le va a gustar una feria medieval!<\/p>\n<p>Si viv\u00eds o sois de Sevilla, muy probablemente hay\u00e1is o\u00eddo hablar o hay\u00e1is estado en \u2018La Playita\u2019 o la playa fluvial artificial de San Nicol\u00e1s del Puerto para pasar los d\u00edas m\u00e1s calurosos del verano sevillano alguna vez. Pues buen, si rond\u00e1is la zona a finales de agosto o principios de septiembre, solo os har\u00e1 falta tomar la carretera arriba y en menos de media hora os habr\u00e9is plantado en una localidad llamada Alan\u00eds de la Sierra, que muy probablemente se vea tal que as\u00ed en el momento de vuestra visita:<\/p>\n<figure id=\"attachment_10295\" aria-describedby=\"caption-attachment-10295\" style=\"width: 300px\" class=\"wp-caption alignnone\"><img loading=\"lazy\" decoding=\"async\" class=\"wp-image-10295 size-medium\" src=\"https:\/\/www.upo.es\/patio-colorado\/wp-content\/uploads\/2025\/07\/IMG_8948-300x169.jpeg\" alt=\"\" width=\"300\" height=\"169\" srcset=\"https:\/\/www.upo.es\/patio-colorado\/wp-content\/uploads\/2025\/07\/IMG_8948-300x169.jpeg 300w, https:\/\/www.upo.es\/patio-colorado\/wp-content\/uploads\/2025\/07\/IMG_8948-1024x576.jpeg 1024w, https:\/\/www.upo.es\/patio-colorado\/wp-content\/uploads\/2025\/07\/IMG_8948-768x432.jpeg 768w, https:\/\/www.upo.es\/patio-colorado\/wp-content\/uploads\/2025\/07\/IMG_8948-1536x864.jpeg 1536w, https:\/\/www.upo.es\/patio-colorado\/wp-content\/uploads\/2025\/07\/IMG_8948.jpeg 1600w\" sizes=\"auto, (max-width: 300px) 100vw, 300px\" \/><figcaption id=\"caption-attachment-10295\" class=\"wp-caption-text\">https:\/\/www.diariodesevilla.es\/vivirensevilla\/feria-medieval-alanis-sevilla-sierra-norte_0_2002264861.html<\/figcaption><\/figure>\n<p>La raz\u00f3n de ser de la transformaci\u00f3n del municipio se deber\u00e1 a la que ser\u00e1 la vig\u00e9sima iteraci\u00f3n de las Jornadas medievales de Alan\u00eds, que bajo ning\u00fan concepto os pod\u00e9is perder. Tiene como tel\u00f3n de fondo un castillo medieval construido sobre una fortaleza \u00e1rabe a finales del siglo XIV \u2014que ha sido foco de diversas y numerosas controversias en lo que respecta a sus condiciones de conservaci\u00f3n\u2026 ejem\u2026\u2014 y ha venido acogiendo, durante diecinueve ediciones ya, a decenas de miles de turistas que visitan Alan\u00eds cada verano con motivo de su feria medieval.<\/p>\n<p>Es de destacar el nutrid\u00edsimo programa de actividades que completa cada jornada, con un mercado medieval permanente durante los tres d\u00edas que duran las fiestas, justas y recreaciones, y una multitud de personajes encarnada por actores contratados que hacen las delicias de los viandantes \u2014a\u00fan recuerdo el papel de un preso en proceso de ser llevado al ajusticiamiento, inolvidablemente interpretado, que casi me arroll\u00f3 cuando asist\u00ed por primera vez a estas celebraciones, har\u00e1n ya once o doce a\u00f1os.<\/p>\n<p>Si ten\u00e9is la oportunidad, os insto a que os calc\u00e9is vuestros mejores mocasines y, si pod\u00e9is, haceros con un traje de imitaci\u00f3n de \u00e9poca para especiar la experiencia y que aprovech\u00e9is todo lo que las Jornadas tienen que ofrecer. Si ya hab\u00edais o\u00eddo hablar de ellas y dudabais entre si ir o no, tomaos esto como una carta de recomendaci\u00f3n. Los alrededores en la Sierra Norte no dejan de ofrecer un complejo paisaj\u00edstico y multitud de lugares de solaz para hacer de vuestro viaje una experiencia redonda.<\/p>\n","protected":false},"excerpt":{"rendered":"<p>\u00a1Hola, color\u00e1s y color\u00e1os! \u00bfA qui\u00e9n no le va a gustar una feria medieval! Si viv\u00eds o sois de Sevilla, muy probablemente hay\u00e1is o\u00eddo hablar o hay\u00e1is estado en \u2018La Playita\u2019 o la playa fluvial artificial de San Nicol\u00e1s del Puerto para pasar los d\u00edas m\u00e1s calurosos del verano sevillano alguna vez. Pues buen, si [&hellip;]<\/p>\n","protected":false},"author":169,"featured_media":10300,"comment_status":"open","ping_status":"open","sticky":false,"template":"","format":"standard","meta":{"_acf_changed":false,"_monsterinsights_skip_tracking":false,"_monsterinsights_sitenote_active":false,"_monsterinsights_sitenote_note":"","_monsterinsights_sitenote_category":0,"footnotes":""},"categories":[35],"tags":[1195,1196,229],"class_list":["post-10297","post","type-post","status-publish","format-standard","has-post-thumbnail","hentry","category-fiestas-tradiciones","tag-alanis","tag-feria-medieval","tag-sierra-norte"],"blocksy_meta":[],"acf":[],"jetpack_featured_media_url":"https:\/\/www.upo.es\/patio-colorado\/wp-content\/uploads\/2025\/07\/IMG_8952.jpeg","_links":{"self":[{"href":"https:\/\/www.upo.es\/patio-colorado\/wp-json\/wp\/v2\/posts\/10297","targetHints":{"allow":["GET"]}}],"collection":[{"href":"https:\/\/www.upo.es\/patio-colorado\/wp-json\/wp\/v2\/posts"}],"about":[{"href":"https:\/\/www.upo.es\/patio-colorado\/wp-json\/wp\/v2\/types\/post"}],"author":[{"embeddable":true,"href":"https:\/\/www.upo.es\/patio-colorado\/wp-json\/wp\/v2\/users\/169"}],"replies":[{"embeddable":true,"href":"https:\/\/www.upo.es\/patio-colorado\/wp-json\/wp\/v2\/comments?post=10297"}],"version-history":[{"count":1,"href":"https:\/\/www.upo.es\/patio-colorado\/wp-json\/wp\/v2\/posts\/10297\/revisions"}],"predecessor-version":[{"id":10298,"href":"https:\/\/www.upo.es\/patio-colorado\/wp-json\/wp\/v2\/posts\/10297\/revisions\/10298"}],"wp:featuredmedia":[{"embeddable":true,"href":"https:\/\/www.upo.es\/patio-colorado\/wp-json\/wp\/v2\/media\/10300"}],"wp:attachment":[{"href":"https:\/\/www.upo.es\/patio-colorado\/wp-json\/wp\/v2\/media?parent=10297"}],"wp:term":[{"taxonomy":"category","embeddable":true,"href":"https:\/\/www.upo.es\/patio-colorado\/wp-json\/wp\/v2\/categories?post=10297"},{"taxonomy":"post_tag","embeddable":true,"href":"https:\/\/www.upo.es\/patio-colorado\/wp-json\/wp\/v2\/tags?post=10297"}],"curies":[{"name":"wp","href":"https:\/\/api.w.org\/{rel}","templated":true}]}}