{"id":1038,"date":"2020-04-23T18:50:39","date_gmt":"2020-04-23T18:50:39","guid":{"rendered":"https:\/\/www.upo.es\/patio-colorado\/?p=1038"},"modified":"2020-04-23T18:50:39","modified_gmt":"2020-04-23T18:50:39","slug":"alvaro-mendez-los-suenos-te-cambian","status":"publish","type":"post","link":"https:\/\/www.upo.es\/patio-colorado\/2020\/04\/23\/alvaro-mendez-los-suenos-te-cambian\/","title":{"rendered":"\u00c1lvaro M\u00e9ndez: \u00abLos sue\u00f1os te cambian\u00bb"},"content":{"rendered":"<p style=\"text-align: left\">Esta semana tenemos el placer de contar con \u00c1lvaro M\u00e9ndez, empresario, director gerente y profesor de danza espa\u00f1ola y flamenco. \u00c1lvaro naci\u00f3 en Sevilla y ha dedicado gran parte de su vida a la danza, form\u00e1ndose en grandes y prestigiosos centros y compa\u00f1\u00edas como las de Antonio M\u00e1rquez, Joaqu\u00edn Cort\u00e9s, Mario Maya, la Compa\u00f1\u00eda Andaluza de Danza y el Centro Andaluz de Danza. En los \u00faltimos a\u00f1os, trabaja como profesor en su propia escuela \u201cAlvarycoke\u201d y ha dirigido diversos proyectos conocidos a nivel nacional como Simof Baila, el Sal\u00f3n Nacional de Danza de Alcal\u00e1 de Guada\u00edra, el Concurso Nacional de baile \u201cH\u00edspalis\u201d o el Centro de Formaci\u00f3n y Perfeccionamiento Profesional de Danza \u201cDaprise\u201d. Hoy, tenemos la suerte de realizarle esta entrevista, descubriendo as\u00ed este mundo de la danza y el flamenco que tanto caracteriza a nuestra tierra y, sobre todo, a Sevilla.<span class=\"Apple-converted-space\">\u00a0<\/span><\/p>\n<p><strong>P: \u00bfEn qu\u00e9 momento supiste que quer\u00edas ser artista?<\/strong><\/p>\n<p>R: Sincermante, lo tuve bastante claro cuando apenas ten\u00eda 3 a\u00f1os. Sin embargo, ya con 21, y viviendo por entonces en Madrid, me di cuenta que el mundo del \u201cartisteo\u201d no estaba hecho para m\u00ed. Era dif\u00edcil estar continuamente de viaje fuera de casa y alejado de mi familia. Adem\u00e1s, no me daba la estabilidad emocional y econ\u00f3mica que yo necesitaba. Fue entonces cuando descubr\u00ed que esa no era la vida que yo quer\u00eda.<\/p>\n<p><strong>P: \u00bfTe ha quedado algo de todos aquellos maestros y compa\u00f1\u00edas en las que has estado?<\/strong><\/p>\n<p>R: Claro que s\u00ed. Todos han dejado huella en m\u00ed de un modo u otro. A\u00fan as\u00ed, es cierto que entre todos mis maestros siempre destacar\u00e9 a Mario Maya. A \u00e9l nunca lo olvidar\u00e9, al igual que nunca olvidar\u00e9 su ense\u00f1anza y sus grandes consejos, los que me ayudaron a desarrollarme como persona.<\/p>\n<p><strong>P: \u00bfCu\u00e1les son los valores que intentas inculcar a tus alumnos?<\/strong><\/p>\n<p>R: En general, y en todos los a\u00f1os que llevo como profesor, he tratado que mis alumnos sean, ante todo, buenas personas. Es m\u00e1s, creo que algunos valores como la humildad o la empat\u00eda son necesarios para que la persona en cuesti\u00f3n adquiera una buena disciplina, tanto en su vida profesional como en su vida personal. Y ya luego, que Dios reparta suerte.<\/p>\n<p><strong>P: \u00bfQu\u00e9 te ha aportado la danza a nivel personal? \u00bfTienes alguna filosof\u00eda de vida que puedas emplear tanto a nivel personal como a nivel profesional?<\/strong><\/p>\n<p>R: La danza me ha aportado, sobre todo, disciplina. Sin embargo, no sabr\u00eda decirte qu\u00e9 filosof\u00eda de vida sigo porque, personalmente, considero que uno tiene que bailar porque as\u00ed lo siente y porque le nace de dentro, del coraz\u00f3n. A\u00fan as\u00ed, es cierto que siempre me he mostrado bastante reacio ante todas aquellas actitudes que incentivan a la competitividad entre personas. Un comportamiento que, sin lugar a dudas, intento alejar tanto de m\u00ed y mis seres queridos como de todos mis alumnos.<span class=\"Apple-converted-space\">\u00a0<\/span><\/p>\n<p><strong>P: En los \u00faltimos a\u00f1os, muchos bailaores del panorama nacional est\u00e1n reivindicando el flamenco, \u00bferes partidario del flamenco vanguardista o, por el contrario, te decantas por un flamenco m\u00e1s tradicional y en toda su esencia?<\/strong><\/p>\n<p>R: Personalmente, me gusta el flamenco desde la ra\u00edz, es decir, el antiguo y m\u00e1s tradicional. S\u00ed considero que tenemos que innovar, pero sin salirnos del \u00e1mbito del<span class=\"Apple-converted-space\">\u00a0 <\/span>flamenco y evitar hacer este tipo de \u201cexperimentos\u201d solo por fama o con el fin de ganar dinero. Es verdad que, cuando he hecho flamenco televisivo, he tenido que seguir un \u201cgui\u00f3n\u201d y me he visto obligado, en cierto modo, a hacer un flamenco m\u00e1s \u201ccomercial\u201d. Pero, a pesar de ello, quiero recalcar que, solo lo he hecho porque, en este caso, es el director quien manda y quien dirige el espect\u00e1culo. En resumen, a m\u00ed me gusta el flamenco que nace de las entra\u00f1as; aquel flamenco tradicional con su bata de cola, sus flores bien puestas, su mant\u00f3n\u2026<\/p>\n<p><strong>P: Quienes conocemos el mundo de la danza sabemos que son muchos los espect\u00e1culos que pueden llevarse a cabo en apenas un a\u00f1o (concursos, exhibiciones\u2026), \u00bfen qu\u00e9 te inspiras a la hora de montar una coreograf\u00eda?<\/strong><\/p>\n<p>R: En realidad, depende mucho del estado an\u00edmico y emocional en el que me encuentre en ese momento. As\u00ed mismo, me suele inspirar mi familia y toda la gente que me quiere. En otras palabras, los que te dan la vida las 24 horas del d\u00eda.<span class=\"Apple-converted-space\">\u00a0<\/span><\/p>\n<p><strong>P: \u00bfTiene el flamenco o la danza espa\u00f1ola el reconocimiento cultural que merecen?\u00bfC\u00f3mo se podr\u00eda dar difusi\u00f3n a ambos?<\/strong><\/p>\n<p>R: En absoluto. Ni el flamenco ni la danza espa\u00f1ola tienen el reconocimiento que se merecen, motivo que nos inspira a seguir trabajando. Es m\u00e1s, desgraciadamente, se puede decir que la culpa la tenemos nosotros por no saber valorar y apoyar algo tan nuestro como es el flamenco. Por otra parte, dir\u00eda que la televisi\u00f3n puede ser un buen escenario para su difusi\u00f3n, pues si no apareces en televisi\u00f3n, parece que no existes. Es cierto que hay programas dedicados a la danza pero son emitidos a altas horas de la noche, lo que hace que nadie pueda verlos. Por lo tanto, como he dicho anteriormente, creo que la televisi\u00f3n puede ser una herramienta bastante interesante no solo para la difusi\u00f3n de la danza o el flamenco, sino para la cultura en general.<span class=\"Apple-converted-space\">\u00a0<\/span><\/p>\n<p><strong>P: \u00bfCu\u00e1l es el panorama del flamenco a nivel provincial? \u00bfCu\u00e1l es tu visi\u00f3n actual y futura del mismo?<\/strong><\/p>\n<p>R: Actualmente, el flamenco no est\u00e1 pasando por su mejor momento. Aunque, teniendo en cuenta la situaci\u00f3n en la que vivimos, no es que nadie lo est\u00e9 pasando bien ahora precisamente. A pesar de todo, me muestro bastante positivo ante las expectativas de futuro del mismo, pues todav\u00eda queda mucha esencia en los \u201ctablaos\u201d y hay muchos j\u00f3venes que vienen pisando fuerte.<span class=\"Apple-converted-space\">\u00a0<\/span><\/p>\n<p><strong>P: En algunos de tus \u00faltimos proyectos, la moda y el flamenco se unen en diferentes espacios como Simof Baila o el Sal\u00f3n Nacional de Danza de Alcal\u00e1 de Guada\u00edra, \u00bfc\u00f3mo se te ocurri\u00f3 fusionar ambos \u00e1mbitos en un mismo certamen?<\/strong><\/p>\n<p>R: Cuando me nombraron director de Simof Baila para unir la moda y el flamenco me pareci\u00f3 una propuesta bastante interesante, y a la vez, m\u00e1gica. Personalmente, creo que la moda y el flamenco est\u00e1n vinculados en much\u00edsimos sentidos pues, al fin y al cabo, todos los bailarines utilizamos unos trajes, unas flores\u2026 Entonces, gracias a Dios, me siento muy orgulloso de haber tenido la oportunidad de poner mi granito de arena en ambos eventos (Simof Baila y el Sal\u00f3n Nacional de Danza) que, gracias a la difusi\u00f3n de algunos medios, han llegado a ser conocidos a nivel nacional.<\/p>\n<p><strong>P: \u00bfTienes otros proyectos en mente?\u00bfNos podr\u00edas adelantar algo de ellos?<\/strong><\/p>\n<p>R: Ahora mismo me encuentro trabajando en un proyecto que me ofrecieron recientemente. Sinti\u00e9ndolo mucho no puedo comentar todav\u00eda nada p\u00fablicamente, pues todav\u00eda estamos intentando llegar a un acuerdo ambas partes. Ahora bien, s\u00ed puedo garantizar que todo proyecto que me ofrecen y acepto dirigir, ser\u00e1 con el fin de promover la danza y el flamenco. Siempre intentar\u00e9 motivar, a trav\u00e9s de ellos, a todo tipo de p\u00fablico, tanto a los m\u00e1s peque\u00f1os como a los m\u00e1s mayores, y no solo al limitado sector profesional que, normalmente, acude con invitaci\u00f3n. Incluso me atrever\u00eda a decir que trato que todos los j\u00f3venes que acuden actualmente a conciertos, tambi\u00e9n se vean atra\u00eddos por este tipo de eventos y cert\u00e1menes.<span class=\"Apple-converted-space\">\u00a0<\/span><\/p>\n<p><strong>P: \u00bfQu\u00e9 le dir\u00edas a todos aquellos j\u00f3venes, y especialmente chicos, que quieren dedicarse a la danza?<\/strong><\/p>\n<p>R: En general, les dir\u00eda que nunca pierdan la ilusi\u00f3n y las ganas de bailar. A\u00fan as\u00ed, el mundo de la danza es muy duro; es una carrera de fondo bastante sacrificada y en la que tienes que ser constante. Honestamente, puedo garantizar que los sue\u00f1os se cumplen. Por mi parte, he cumplido todos mis sue\u00f1os; unas aspiraciones que con el tiempo, cambiaron radicalmente. Yo siempre quise ser bailar\u00edn y, para ello, me present\u00e9 a muchas audiciones. Pero, de todas ellas, siempre recordar\u00e9 aquella en la que me di cuenta de todo: la audici\u00f3n al Ballet Nacional de Espa\u00f1a (BNE).<span class=\"Apple-converted-space\">\u00a0<\/span>Tras mi paso por el Centro Andaluz de Danza (CAD), tanto mi mujer como yo, nos presentamos a las audiciones del BNE que, entonces, era dirigido por el maestro Don Jos\u00e9 Antonio Ruiz. Al contrario que algunos compa\u00f1eros, nosotros no tuvimos la oportunidad de participar ni en la primera fase de dicha audici\u00f3n; lo que hizo que cogiera un berrinche de ni\u00f1o peque\u00f1o. Sin embargo, ahora me gustar\u00eda agradecer, p\u00fablicamente, a Don Jos\u00e9 Antonio Ruiz aquel \u201cNo\u201d que tanto me cost\u00f3 asumir pero que tanto me ha dado en todos estos a\u00f1os. Un \u201cNo\u201d que, sin duda, fue el primer paso para conseguir todo lo que ahora tengo por mis propios medios y sin ning\u00fan tipo de ayuda.\u00a0Al fin y al cabo, gracias a \u00e9l y a su decisi\u00f3n, cambi\u00f3 mi visi\u00f3n de la vida y descubr\u00ed que lo que quer\u00eda era volver a Sevilla con mi familia.<\/p>\n<p>En definitiva, \u00c1lvaro es un apasionado de la vida y, sobre todo, de su profesi\u00f3n. La danza y grandes profesionales, como \u00e9l mismo dec\u00eda, le han influenciado a lo largo de su vida y le han ayudado a formarse como persona. Adem\u00e1s, con la m\u00e1xima humildad, y su trabajo, y esfuerzo, adopta la labor de inculcar el amor, la pasi\u00f3n y la dedicaci\u00f3n que \u00e9l mismo siente por la danza a todos sus alumnos. Por ello, desde El Patio Colorao queremos agradecer a \u00c1lvaro su disponibilidad y compromiso con la cultura, y con algo que tanto caracteriza a nuestra provincia: el flamenco. Sin duda alguna, vendr\u00e1n tiempos mejores pero, de momento, piensen que\u2026 \u201cSi pueden so\u00f1arlo, pueden hacerlo\u201d.<span class=\"Apple-converted-space\">\u00a0<\/span><\/p>\n","protected":false},"excerpt":{"rendered":"<p>Esta semana tenemos el placer de contar con \u00c1lvaro M\u00e9ndez, empresario, director gerente y profesor de danza espa\u00f1ola y flamenco. \u00c1lvaro naci\u00f3 en Sevilla y ha dedicado gran parte de su vida a la danza, form\u00e1ndose en grandes y prestigiosos centros y compa\u00f1\u00edas como las de Antonio M\u00e1rquez, Joaqu\u00edn Cort\u00e9s, Mario Maya, la Compa\u00f1\u00eda Andaluza [&hellip;]<\/p>\n","protected":false},"author":15,"featured_media":1039,"comment_status":"open","ping_status":"open","sticky":false,"template":"","format":"standard","meta":{"_acf_changed":false,"_monsterinsights_skip_tracking":false,"_monsterinsights_sitenote_active":false,"_monsterinsights_sitenote_note":"","_monsterinsights_sitenote_category":0,"footnotes":""},"categories":[137],"tags":[181,182],"class_list":["post-1038","post","type-post","status-publish","format-standard","has-post-thumbnail","hentry","category-entrevistas","tag-alvaromendez-danza-flamenco","tag-sevilla-cultura-elartesequedaencasa"],"blocksy_meta":[],"acf":[],"jetpack_featured_media_url":"https:\/\/www.upo.es\/patio-colorado\/wp-content\/uploads\/2020\/04\/c46f2f47-6c01-435b-a124-cb0a2088c804.jpg","_links":{"self":[{"href":"https:\/\/www.upo.es\/patio-colorado\/wp-json\/wp\/v2\/posts\/1038","targetHints":{"allow":["GET"]}}],"collection":[{"href":"https:\/\/www.upo.es\/patio-colorado\/wp-json\/wp\/v2\/posts"}],"about":[{"href":"https:\/\/www.upo.es\/patio-colorado\/wp-json\/wp\/v2\/types\/post"}],"author":[{"embeddable":true,"href":"https:\/\/www.upo.es\/patio-colorado\/wp-json\/wp\/v2\/users\/15"}],"replies":[{"embeddable":true,"href":"https:\/\/www.upo.es\/patio-colorado\/wp-json\/wp\/v2\/comments?post=1038"}],"version-history":[{"count":6,"href":"https:\/\/www.upo.es\/patio-colorado\/wp-json\/wp\/v2\/posts\/1038\/revisions"}],"predecessor-version":[{"id":1046,"href":"https:\/\/www.upo.es\/patio-colorado\/wp-json\/wp\/v2\/posts\/1038\/revisions\/1046"}],"wp:featuredmedia":[{"embeddable":true,"href":"https:\/\/www.upo.es\/patio-colorado\/wp-json\/wp\/v2\/media\/1039"}],"wp:attachment":[{"href":"https:\/\/www.upo.es\/patio-colorado\/wp-json\/wp\/v2\/media?parent=1038"}],"wp:term":[{"taxonomy":"category","embeddable":true,"href":"https:\/\/www.upo.es\/patio-colorado\/wp-json\/wp\/v2\/categories?post=1038"},{"taxonomy":"post_tag","embeddable":true,"href":"https:\/\/www.upo.es\/patio-colorado\/wp-json\/wp\/v2\/tags?post=1038"}],"curies":[{"name":"wp","href":"https:\/\/api.w.org\/{rel}","templated":true}]}}