{"id":1048,"date":"2020-04-25T09:14:28","date_gmt":"2020-04-25T09:14:28","guid":{"rendered":"https:\/\/www.upo.es\/patio-colorado\/?p=1048"},"modified":"2020-04-25T09:14:28","modified_gmt":"2020-04-25T09:14:28","slug":"se-celebra-el-xviii-concurso-de-poesia-carmen-merchan-en-cazalla-de-la-sierra","status":"publish","type":"post","link":"https:\/\/www.upo.es\/patio-colorado\/2020\/04\/25\/se-celebra-el-xviii-concurso-de-poesia-carmen-merchan-en-cazalla-de-la-sierra\/","title":{"rendered":"Se celebra el XVIII concurso de poes\u00eda \u2018Carmen Merch\u00e1n\u2019 en Cazalla de la Sierra"},"content":{"rendered":"<p>Se convoca el <strong>Premio de Poes\u00eda CARMEN MERCH\u00c1N CORNELLO-CAZALLA DE LA SIERRA 2020<\/strong>, en su <strong>decimoctava edici\u00f3n<\/strong>, a trav\u00e9s de la <strong>Asociaci\u00f3n Cultural \u201cCarmen Merch\u00e1n Cornello\u201d<\/strong>.<\/p>\n<p>Desde El Patio Colorao, te animamos a participar en este maravilloso concurso de poes\u00eda que se ha <strong>adaptado a la situaci\u00f3n provocada por el Covid-19<\/strong>. Recientemente, se han modificado sus <a href=\"https:\/\/www.escritores.org\/recursos-para-escritores\/29056-xviii-premio-de-poesia-carmen-merchan-cornello-cazalla-de-la-sierra-2020-espana\">bases<\/a>, en lo que se refiere a forma de presentaci\u00f3n, para acercar este concurso a todo aquel que lo desee sin restricciones que impidan que la nueva situaci\u00f3n sea un impedimento para los poetas. Adem\u00e1s, se ampl\u00eda el plazo de presentaci\u00f3n <strong>hasta el 25 de mayo de 2020<\/strong>.<\/p>\n<p><strong>Podr\u00e1 participar todo el que lo desee<\/strong>, sin restricciones por nacionalidad o residencia (eso s\u00ed, los textos deben estar en <strong>castellano<\/strong>). El ganador recibir\u00e1 <strong>1 200 <\/strong><strong>\u20ac,<\/strong> adem\u00e1s de la <strong>edici\u00f3n de su libro<\/strong>, del cual se entregar\u00e1n al autor <strong>20 ejemplares<\/strong>.<\/p>\n<p><img loading=\"lazy\" decoding=\"async\" class=\"size-medium wp-image-1049 alignright\" src=\"https:\/\/www.upo.es\/patio-colorado\/wp-content\/uploads\/2020\/04\/estilografica-300x169.jpg\" alt=\"\" width=\"300\" height=\"169\" \/><\/p>\n<p>Las modificaciones de las bases, extra\u00eddas de la web de la Asociaci\u00f3n Carmen Merch\u00e1n, son las siguientes:<\/p>\n<p style=\"text-align: center\"><em>\u201c[&#8230;] se omite la obligatoriedad de enviar copia en papel. Para quienes participen s\u00f3lo por correo electr\u00f3nico han de enviar dos archivos: Uno con el libro a concurso y su t\u00edtulo en el asunto. Y otro, con la plica. Este segundo archivo llevar\u00e1 en el asunto el t\u00edtulo del libro y la palabra plica.\u201d<\/em><\/p>\n<p>Todo son ventajas para nuestros poetas.<\/p>\n<p>Correo de la Asociaci\u00f3n convocante: <strong>eduardo@asociacioncarmenmerchan.com<\/strong><\/p>\n<p>&nbsp;<\/p>\n<p>Fuentes:<\/p>\n<ul>\n<li><a href=\"https:\/\/www.escritores.org\/recursos-para-escritores\/29056-xviii-premio-de-poesia-carmen-merchan-cornello-cazalla-de-la-sierra-2020-espana\">https:\/\/www.escritores.org\/recursos-para-escritores\/29056-xviii-premio-de-poesia-carmen-merchan-cornello-cazalla-de-la-sierra-2020-espana<\/a><\/li>\n<li><a href=\"http:\/\/carmenmerchan.com\/\">http:\/\/carmenmerchan.com\/<\/a><\/li>\n<\/ul>\n","protected":false},"excerpt":{"rendered":"<p>Se convoca el Premio de Poes\u00eda CARMEN MERCH\u00c1N CORNELLO-CAZALLA DE LA SIERRA 2020, en su decimoctava edici\u00f3n, a trav\u00e9s de la Asociaci\u00f3n Cultural \u201cCarmen Merch\u00e1n Cornello\u201d. Desde El Patio Colorao, te animamos a participar en este maravilloso concurso de poes\u00eda que se ha adaptado a la situaci\u00f3n provocada por el Covid-19. Recientemente, se han modificado [&hellip;]<\/p>\n","protected":false},"author":20,"featured_media":1050,"comment_status":"open","ping_status":"open","sticky":false,"template":"","format":"standard","meta":{"_acf_changed":false,"_monsterinsights_skip_tracking":false,"_monsterinsights_sitenote_active":false,"_monsterinsights_sitenote_note":"","_monsterinsights_sitenote_category":0,"footnotes":""},"categories":[12],"tags":[185,183,184],"class_list":["post-1048","post","type-post","status-publish","format-standard","has-post-thumbnail","hentry","category-eventos","tag-carmenmerchan","tag-cazalladelasierra","tag-premiodepoesia"],"blocksy_meta":[],"acf":[],"jetpack_featured_media_url":"https:\/\/www.upo.es\/patio-colorado\/wp-content\/uploads\/2020\/04\/Premio-de-Poesia-Carmen-Merchan-Cornello.jpeg","_links":{"self":[{"href":"https:\/\/www.upo.es\/patio-colorado\/wp-json\/wp\/v2\/posts\/1048","targetHints":{"allow":["GET"]}}],"collection":[{"href":"https:\/\/www.upo.es\/patio-colorado\/wp-json\/wp\/v2\/posts"}],"about":[{"href":"https:\/\/www.upo.es\/patio-colorado\/wp-json\/wp\/v2\/types\/post"}],"author":[{"embeddable":true,"href":"https:\/\/www.upo.es\/patio-colorado\/wp-json\/wp\/v2\/users\/20"}],"replies":[{"embeddable":true,"href":"https:\/\/www.upo.es\/patio-colorado\/wp-json\/wp\/v2\/comments?post=1048"}],"version-history":[{"count":3,"href":"https:\/\/www.upo.es\/patio-colorado\/wp-json\/wp\/v2\/posts\/1048\/revisions"}],"predecessor-version":[{"id":1053,"href":"https:\/\/www.upo.es\/patio-colorado\/wp-json\/wp\/v2\/posts\/1048\/revisions\/1053"}],"wp:featuredmedia":[{"embeddable":true,"href":"https:\/\/www.upo.es\/patio-colorado\/wp-json\/wp\/v2\/media\/1050"}],"wp:attachment":[{"href":"https:\/\/www.upo.es\/patio-colorado\/wp-json\/wp\/v2\/media?parent=1048"}],"wp:term":[{"taxonomy":"category","embeddable":true,"href":"https:\/\/www.upo.es\/patio-colorado\/wp-json\/wp\/v2\/categories?post=1048"},{"taxonomy":"post_tag","embeddable":true,"href":"https:\/\/www.upo.es\/patio-colorado\/wp-json\/wp\/v2\/tags?post=1048"}],"curies":[{"name":"wp","href":"https:\/\/api.w.org\/{rel}","templated":true}]}}