{"id":1059,"date":"2020-04-26T15:01:53","date_gmt":"2020-04-26T15:01:53","guid":{"rendered":"https:\/\/www.upo.es\/patio-colorado\/?p=1059"},"modified":"2020-04-26T15:07:34","modified_gmt":"2020-04-26T15:07:34","slug":"en-cuarentena-coloreando-mosaicos-andalusies","status":"publish","type":"post","link":"https:\/\/www.upo.es\/patio-colorado\/2020\/04\/26\/en-cuarentena-coloreando-mosaicos-andalusies\/","title":{"rendered":"Durante la cuarentena coloreando mosaicos andalus\u00edes"},"content":{"rendered":"<p>\u201cDesde la <strong>Fundaci\u00f3n Tres Culturas del Mediterr\u00e1neo<\/strong>, que fuese Pabell\u00f3n de Marruecos de la Expo92\u201d, el conferenciante <strong>Manuel Mart\u00ednez Vela<\/strong>, (cuya sesi\u00f3n de <em>C\u00e1tedra al-Andalus<\/em> en marzo tuvo que cancelarse) propone una actividad para realizar en casa, \u201cpartiendo de los <strong>trazados geom\u00e9tricos de los dise\u00f1os andalus\u00edes.<\/strong><strong>\u201d<\/strong><\/p>\n<p>Inspir\u00e1ndose en e<strong>l <\/strong><strong>Real Alc\u00e1zar de Sevilla y la Alhambra de Granada<\/strong><strong>,<\/strong> nos ayuda a descubrir desde casa la riqueza de los alicatados medievales m\u00e1s importantes de Espa\u00f1a, enfocando el inter\u00e9s en el trazado de sus dise\u00f1os.<\/p>\n<p><img loading=\"lazy\" decoding=\"async\" class=\"size-medium wp-image-1060 aligncenter\" src=\"https:\/\/www.upo.es\/patio-colorado\/wp-content\/uploads\/2020\/04\/plantilla-colorear-298x300.png\" alt=\"\" width=\"298\" height=\"300\" srcset=\"https:\/\/www.upo.es\/patio-colorado\/wp-content\/uploads\/2020\/04\/plantilla-colorear-298x300.png 298w, https:\/\/www.upo.es\/patio-colorado\/wp-content\/uploads\/2020\/04\/plantilla-colorear-150x150.png 150w, https:\/\/www.upo.es\/patio-colorado\/wp-content\/uploads\/2020\/04\/plantilla-colorear.png 604w\" sizes=\"auto, (max-width: 298px) 100vw, 298px\" \/><\/p>\n<p>Esta actividad solo estar\u00e1 disponible en la web oficial <strong>hasta el 28\/04\/2020<\/strong><strong>, <\/strong>as\u00ed que, \u00a1aprovecha esta oportunidad que se nos proporciona para conocer mejor el arte de nuestra tierra!<\/p>\n<p>Disfruta de la colecci\u00f3n de dibujos de mosaicos de la Sala de las Dos Hermanas, el Mirador de Lindaraj\u2026 \u00a1y muchos m\u00e1s! <strong>Podr\u00e1s descargar las im\u00e1genes en la web de la Fundaci\u00f3n Tres Culturas, o bien pulsando <a href=\"http:\/\/tresculturas.org\/actividad\/me-quedo-en-casa-coloreando-mosaicos\/\">aqu\u00ed<\/a>.<\/strong><\/p>\n<p>&nbsp;<\/p>\n<p><strong>Fuente: <\/strong><a href=\"http:\/\/tresculturas.org\/actividad\/me-quedo-en-casa-coloreando-mosaicos\/\">http:\/\/tresculturas.org\/actividad\/me-quedo-en-casa-coloreando-mosaicos\/<\/a><\/p>\n","protected":false},"excerpt":{"rendered":"<p>\u201cDesde la Fundaci\u00f3n Tres Culturas del Mediterr\u00e1neo, que fuese Pabell\u00f3n de Marruecos de la Expo92\u201d, el conferenciante Manuel Mart\u00ednez Vela, (cuya sesi\u00f3n de C\u00e1tedra al-Andalus en marzo tuvo que cancelarse) propone una actividad para realizar en casa, \u201cpartiendo de los trazados geom\u00e9tricos de los dise\u00f1os andalus\u00edes.\u201d Inspir\u00e1ndose en el Real Alc\u00e1zar de Sevilla y la [&hellip;]<\/p>\n","protected":false},"author":20,"featured_media":1061,"comment_status":"open","ping_status":"open","sticky":false,"template":"","format":"standard","meta":{"_acf_changed":false,"_monsterinsights_skip_tracking":false,"_monsterinsights_sitenote_active":false,"_monsterinsights_sitenote_note":"","_monsterinsights_sitenote_category":0,"footnotes":""},"categories":[167],"tags":[99,117,187,6],"class_list":["post-1059","post","type-post","status-publish","format-standard","has-post-thumbnail","hentry","category-pintura-escultura","tag-cultura","tag-mequedoencasa","tag-mosaicos","tag-sevilla"],"blocksy_meta":[],"acf":[],"jetpack_featured_media_url":"https:\/\/www.upo.es\/patio-colorado\/wp-content\/uploads\/2020\/04\/azulejo-1.jpg","_links":{"self":[{"href":"https:\/\/www.upo.es\/patio-colorado\/wp-json\/wp\/v2\/posts\/1059","targetHints":{"allow":["GET"]}}],"collection":[{"href":"https:\/\/www.upo.es\/patio-colorado\/wp-json\/wp\/v2\/posts"}],"about":[{"href":"https:\/\/www.upo.es\/patio-colorado\/wp-json\/wp\/v2\/types\/post"}],"author":[{"embeddable":true,"href":"https:\/\/www.upo.es\/patio-colorado\/wp-json\/wp\/v2\/users\/20"}],"replies":[{"embeddable":true,"href":"https:\/\/www.upo.es\/patio-colorado\/wp-json\/wp\/v2\/comments?post=1059"}],"version-history":[{"count":3,"href":"https:\/\/www.upo.es\/patio-colorado\/wp-json\/wp\/v2\/posts\/1059\/revisions"}],"predecessor-version":[{"id":1064,"href":"https:\/\/www.upo.es\/patio-colorado\/wp-json\/wp\/v2\/posts\/1059\/revisions\/1064"}],"wp:featuredmedia":[{"embeddable":true,"href":"https:\/\/www.upo.es\/patio-colorado\/wp-json\/wp\/v2\/media\/1061"}],"wp:attachment":[{"href":"https:\/\/www.upo.es\/patio-colorado\/wp-json\/wp\/v2\/media?parent=1059"}],"wp:term":[{"taxonomy":"category","embeddable":true,"href":"https:\/\/www.upo.es\/patio-colorado\/wp-json\/wp\/v2\/categories?post=1059"},{"taxonomy":"post_tag","embeddable":true,"href":"https:\/\/www.upo.es\/patio-colorado\/wp-json\/wp\/v2\/tags?post=1059"}],"curies":[{"name":"wp","href":"https:\/\/api.w.org\/{rel}","templated":true}]}}