{"id":1065,"date":"2020-04-26T19:35:47","date_gmt":"2020-04-26T19:35:47","guid":{"rendered":"https:\/\/www.upo.es\/patio-colorado\/?p=1065"},"modified":"2020-05-03T20:09:14","modified_gmt":"2020-05-03T20:09:14","slug":"las-romerias-erase-una-vez-la-romeria-de-almensilla","status":"publish","type":"post","link":"https:\/\/www.upo.es\/patio-colorado\/2020\/04\/26\/las-romerias-erase-una-vez-la-romeria-de-almensilla\/","title":{"rendered":"Las Romer\u00edas. \u00c9rase una vez la Romer\u00eda de Almensilla&#8230;"},"content":{"rendered":"<p>Una de las festividades que se realizan en todo el Aljarafe y que m\u00e1s transcendencia tiene en todos sus habitantes son las Romer\u00edas, siendo una de estas romer\u00edas aljarafe\u00f1as la Romer\u00eda de San Diego, de Almensilla. Como se ha mencionado, se hacen en honor a San Diego, el patr\u00f3n de Almensilla, y se celebran en los alrededores de su Ermita, levantada en el campo a unos seis km de distancia de esta localidad, cuyo origen se remonta en 1967, cuando a\u00fan esta Ermita no estaba construida. En Almensilla existen tres fechas distintas en el mismo a\u00f1o para celebrarla:<\/p>\n<p>La primera se realiza en el primer domingo de mayo, donde el Santo se traslada en procesi\u00f3n desde su ermita hasta la Iglesia Nuestra Se\u00f1ora de la Antigua, en Almensilla, donde pasar\u00e1 el verano. Esta romer\u00eda es conocida como \u201cPrimera Romer\u00eda\u201d.<\/p>\n<p>&nbsp;<\/p>\n<p><img loading=\"lazy\" decoding=\"async\" class=\"size-medium wp-image-1067 aligncenter\" src=\"https:\/\/www.upo.es\/patio-colorado\/wp-content\/uploads\/2020\/04\/ROMERIA-DE-SAN-DIEGO-DE-ALMENSILLA-198x300.jpg\" alt=\"\" width=\"198\" height=\"300\" srcset=\"https:\/\/www.upo.es\/patio-colorado\/wp-content\/uploads\/2020\/04\/ROMERIA-DE-SAN-DIEGO-DE-ALMENSILLA-198x300.jpg 198w, https:\/\/www.upo.es\/patio-colorado\/wp-content\/uploads\/2020\/04\/ROMERIA-DE-SAN-DIEGO-DE-ALMENSILLA.jpg 264w\" sizes=\"auto, (max-width: 198px) 100vw, 198px\" \/><\/p>\n<p>&nbsp;<\/p>\n<p>La segunda, una vez que termina el verano, San Diego regresa a su ermita acompa\u00f1ado de sus fieles el primer domingo de octubre. Esta segunda se conoce como \u201cLa Romer\u00eda Grande\u201d, y durante su celebraci\u00f3n hay un concurso de carretas. Para ello, el pueblo almensillero decora sus carretas con flores y farolillos, rindi\u00e9ndole as\u00ed homenaje a su patr\u00f3n.<\/p>\n<p>&nbsp;<\/p>\n<p><img loading=\"lazy\" decoding=\"async\" class=\"size-medium wp-image-1069 aligncenter\" src=\"https:\/\/www.upo.es\/patio-colorado\/wp-content\/uploads\/2020\/04\/romeria4-300x169.jpg\" alt=\"\" width=\"300\" height=\"169\" srcset=\"https:\/\/www.upo.es\/patio-colorado\/wp-content\/uploads\/2020\/04\/romeria4-300x169.jpg 300w, https:\/\/www.upo.es\/patio-colorado\/wp-content\/uploads\/2020\/04\/romeria4.jpg 720w\" sizes=\"auto, (max-width: 300px) 100vw, 300px\" \/><\/p>\n<p>&nbsp;<\/p>\n<p>La tercera y \u00faltima se celebra el domingo m\u00e1s cercano al 13 de noviembre, conocida como \u201cla Tost\u00e1\u201d, con la que se celebra el d\u00eda de su patr\u00f3n, San Diego de Alcal\u00e1. Se basa en pasar un d\u00eda de campo con la familia y amigos en las inmediaciones de la ermita, donde el plato principal ser\u00e1n el pan con aceite y sardinas, acompa\u00f1ados de mosto y cerveza.<\/p>\n<p>&nbsp;<\/p>\n<p><img loading=\"lazy\" decoding=\"async\" class=\"size-full wp-image-1070 aligncenter\" src=\"https:\/\/www.upo.es\/patio-colorado\/wp-content\/uploads\/2020\/04\/images-1.jpg\" alt=\"\" width=\"275\" height=\"183\" \/><\/p>\n<p>&nbsp;<\/p>\n<p>Tras cada una de estas romer\u00edas, durante la noche, una vez que los peregrinos llegan de la ermita, se celebra una tradicional y especial corrida de toros, el llamado \u201cToro de Fuego\u201d. Este toro de fuego se trata de una estructura de cart\u00f3n con forma de toro cargado con bengalas y petardos voladores que recorre las calles centrales del casco antiguo de Almensilla, mientras sus vecinos esquivan las embestidas de este. Si nunca has ido a celebrar esta romer\u00eda o a ver y correr el toro, \u00a1te invito a que pruebes!<\/p>\n<p>&nbsp;<\/p>\n<p><img loading=\"lazy\" decoding=\"async\" class=\"size-medium wp-image-1071 aligncenter\" src=\"https:\/\/www.upo.es\/patio-colorado\/wp-content\/uploads\/2020\/04\/maxresdefault-300x169.jpg\" alt=\"\" width=\"300\" height=\"169\" srcset=\"https:\/\/www.upo.es\/patio-colorado\/wp-content\/uploads\/2020\/04\/maxresdefault-300x169.jpg 300w, https:\/\/www.upo.es\/patio-colorado\/wp-content\/uploads\/2020\/04\/maxresdefault-1024x576.jpg 1024w, https:\/\/www.upo.es\/patio-colorado\/wp-content\/uploads\/2020\/04\/maxresdefault-768x432.jpg 768w, https:\/\/www.upo.es\/patio-colorado\/wp-content\/uploads\/2020\/04\/maxresdefault.jpg 1280w\" sizes=\"auto, (max-width: 300px) 100vw, 300px\" \/><\/p>\n<p>&nbsp;<\/p>\n<p>&nbsp;<\/p>\n","protected":false},"excerpt":{"rendered":"<p>Una de las festividades que se realizan en todo el Aljarafe y que m\u00e1s transcendencia tiene en todos sus habitantes son las Romer\u00edas, siendo una de estas romer\u00edas aljarafe\u00f1as la Romer\u00eda de San Diego, de Almensilla. Como se ha mencionado, se hacen en honor a San Diego, el patr\u00f3n de Almensilla, y se celebran en [&hellip;]<\/p>\n","protected":false},"author":23,"featured_media":1066,"comment_status":"open","ping_status":"open","sticky":false,"template":"","format":"standard","meta":{"_acf_changed":false,"_monsterinsights_skip_tracking":false,"_monsterinsights_sitenote_active":false,"_monsterinsights_sitenote_note":"","_monsterinsights_sitenote_category":0,"footnotes":""},"categories":[35],"tags":[188,55,99,189,190],"class_list":["post-1065","post","type-post","status-publish","format-standard","has-post-thumbnail","hentry","category-fiestas-tradiciones","tag-almensilla","tag-andalucia","tag-cultura","tag-fiestasculturales","tag-sandiego"],"blocksy_meta":[],"acf":[],"jetpack_featured_media_url":"https:\/\/www.upo.es\/patio-colorado\/wp-content\/uploads\/2020\/04\/romeria2.jpg","_links":{"self":[{"href":"https:\/\/www.upo.es\/patio-colorado\/wp-json\/wp\/v2\/posts\/1065","targetHints":{"allow":["GET"]}}],"collection":[{"href":"https:\/\/www.upo.es\/patio-colorado\/wp-json\/wp\/v2\/posts"}],"about":[{"href":"https:\/\/www.upo.es\/patio-colorado\/wp-json\/wp\/v2\/types\/post"}],"author":[{"embeddable":true,"href":"https:\/\/www.upo.es\/patio-colorado\/wp-json\/wp\/v2\/users\/23"}],"replies":[{"embeddable":true,"href":"https:\/\/www.upo.es\/patio-colorado\/wp-json\/wp\/v2\/comments?post=1065"}],"version-history":[{"count":2,"href":"https:\/\/www.upo.es\/patio-colorado\/wp-json\/wp\/v2\/posts\/1065\/revisions"}],"predecessor-version":[{"id":1120,"href":"https:\/\/www.upo.es\/patio-colorado\/wp-json\/wp\/v2\/posts\/1065\/revisions\/1120"}],"wp:featuredmedia":[{"embeddable":true,"href":"https:\/\/www.upo.es\/patio-colorado\/wp-json\/wp\/v2\/media\/1066"}],"wp:attachment":[{"href":"https:\/\/www.upo.es\/patio-colorado\/wp-json\/wp\/v2\/media?parent=1065"}],"wp:term":[{"taxonomy":"category","embeddable":true,"href":"https:\/\/www.upo.es\/patio-colorado\/wp-json\/wp\/v2\/categories?post=1065"},{"taxonomy":"post_tag","embeddable":true,"href":"https:\/\/www.upo.es\/patio-colorado\/wp-json\/wp\/v2\/tags?post=1065"}],"curies":[{"name":"wp","href":"https:\/\/api.w.org\/{rel}","templated":true}]}}