{"id":1076,"date":"2020-04-26T20:15:30","date_gmt":"2020-04-26T20:15:30","guid":{"rendered":"https:\/\/www.upo.es\/patio-colorado\/?p=1076"},"modified":"2020-04-26T20:18:41","modified_gmt":"2020-04-26T20:18:41","slug":"los-bibliotecarios-narran-cuentos-por-el-dia-del-libro","status":"publish","type":"post","link":"https:\/\/www.upo.es\/patio-colorado\/2020\/04\/26\/los-bibliotecarios-narran-cuentos-por-el-dia-del-libro\/","title":{"rendered":"Los bibliotecarios narran cuentos por el D\u00eda del Libro"},"content":{"rendered":"<p>Durante estos d\u00edas, en El Patio Colorao hemos querido conmemorar el d\u00eda del libro con diversas noticias sobre su celebraci\u00f3n en d\u00edas de confinamiento. Son numerosos los recursos que hemos tenido a nuestra disposici\u00f3n para poder celebrarlo leyendo y cultiv\u00e1ndonos un poquito m\u00e1s. Para terminar el finde, traemos otra actividad relacionada con el mundo de la lectura, pero esta vez, en vez de leer, nos toca escuchar.<\/p>\n<p>Los bibliotecarios de la Biblioteca Municipal Julia Uceda han narrado y muestran en varios v\u00eddeos tres cuentos ilustrados. Han participado en su lectura Yolanda G\u00f3mez, Miguel \u00c1ngel Garfia y Encarnaci\u00f3n Diego. Los t\u00edtulos que han decidido compartir con nosotros son los cuentos <i>\u00bfNo duermes osito?<\/i>\u00a0 (Editorial K\u00f3kinos) de Martin Waddell y B\u00e1rbara Firth; <i>\u00a1Patata!<\/i> (Editorial Barret), de Bernardo P. Carvalho y <i>Jacobo Lobo<\/i> (Ediciones SM), de Paul Van Loon con ilustraciones de Hugo Van Look. Esta actividad resulta muy interesante, adem\u00e1s, si hay ni\u00f1os por casa. Es una manera divertida de conocer cuentos nuevos y, a su vez, de hacer que los m\u00e1s peque\u00f1os se diviertan en estos d\u00edas tan duros de confinamiento.<\/p>\n<p>Por otra parte, los bibliotecarios de la Biblioteca Municipal Blas Infante nos hacen llegar, a trav\u00e9s de un v\u00eddeo tambi\u00e9n, sus recomendaciones de lectura para el D\u00eda del Libro. En el siguiente enlace, podr\u00e1s encontrar los v\u00eddeos con los cuentos y las recomendaciones:\u00a0<a href=\"http:\/\/www.rmbs.es\/inicio.php?seccion=articulo&amp;num=139\">http:\/\/www.rmbs.es\/inicio.php?seccion=articulo&amp;num=139<\/a><\/p>\n<p>\u00a1No dejes escapar esta bonita iniciativa y disfr\u00fatala! La lectura es esa amiga que siempre nos acompa\u00f1a.<code><\/code><\/p>\n","protected":false},"excerpt":{"rendered":"<p>Durante estos d\u00edas, en El Patio Colorao hemos querido conmemorar el d\u00eda del libro con diversas noticias sobre su celebraci\u00f3n en d\u00edas de confinamiento. Son numerosos los recursos que hemos tenido a nuestra disposici\u00f3n para poder celebrarlo leyendo y cultiv\u00e1ndonos un poquito m\u00e1s. Para terminar el finde, traemos otra actividad relacionada con el mundo de [&hellip;]<\/p>\n","protected":false},"author":18,"featured_media":1077,"comment_status":"open","ping_status":"open","sticky":false,"template":"","format":"standard","meta":{"_acf_changed":false,"_monsterinsights_skip_tracking":false,"_monsterinsights_sitenote_active":false,"_monsterinsights_sitenote_note":"","_monsterinsights_sitenote_category":0,"footnotes":""},"categories":[45],"tags":[193,191,192],"class_list":["post-1076","post","type-post","status-publish","format-standard","has-post-thumbnail","hentry","category-boletin-colorao","tag-biblioteca","tag-cuentos","tag-diadellibro"],"blocksy_meta":[],"acf":[],"jetpack_featured_media_url":"https:\/\/www.upo.es\/patio-colorado\/wp-content\/uploads\/2020\/04\/cartel-libro-4.jpg","_links":{"self":[{"href":"https:\/\/www.upo.es\/patio-colorado\/wp-json\/wp\/v2\/posts\/1076","targetHints":{"allow":["GET"]}}],"collection":[{"href":"https:\/\/www.upo.es\/patio-colorado\/wp-json\/wp\/v2\/posts"}],"about":[{"href":"https:\/\/www.upo.es\/patio-colorado\/wp-json\/wp\/v2\/types\/post"}],"author":[{"embeddable":true,"href":"https:\/\/www.upo.es\/patio-colorado\/wp-json\/wp\/v2\/users\/18"}],"replies":[{"embeddable":true,"href":"https:\/\/www.upo.es\/patio-colorado\/wp-json\/wp\/v2\/comments?post=1076"}],"version-history":[{"count":2,"href":"https:\/\/www.upo.es\/patio-colorado\/wp-json\/wp\/v2\/posts\/1076\/revisions"}],"predecessor-version":[{"id":1079,"href":"https:\/\/www.upo.es\/patio-colorado\/wp-json\/wp\/v2\/posts\/1076\/revisions\/1079"}],"wp:featuredmedia":[{"embeddable":true,"href":"https:\/\/www.upo.es\/patio-colorado\/wp-json\/wp\/v2\/media\/1077"}],"wp:attachment":[{"href":"https:\/\/www.upo.es\/patio-colorado\/wp-json\/wp\/v2\/media?parent=1076"}],"wp:term":[{"taxonomy":"category","embeddable":true,"href":"https:\/\/www.upo.es\/patio-colorado\/wp-json\/wp\/v2\/categories?post=1076"},{"taxonomy":"post_tag","embeddable":true,"href":"https:\/\/www.upo.es\/patio-colorado\/wp-json\/wp\/v2\/tags?post=1076"}],"curies":[{"name":"wp","href":"https:\/\/api.w.org\/{rel}","templated":true}]}}