{"id":10919,"date":"2026-03-07T14:20:31","date_gmt":"2026-03-07T14:20:31","guid":{"rendered":"https:\/\/www.upo.es\/patio-colorado\/?p=10919"},"modified":"2026-03-07T14:20:31","modified_gmt":"2026-03-07T14:20:31","slug":"lo-que-se-habia-escondido-en-cadiz-hasta-ahora-la-antigua-almadraba-de-sancti-petri","status":"publish","type":"post","link":"https:\/\/www.upo.es\/patio-colorado\/2026\/03\/07\/lo-que-se-habia-escondido-en-cadiz-hasta-ahora-la-antigua-almadraba-de-sancti-petri\/","title":{"rendered":"Lo que se hab\u00eda escondido en C\u00e1diz hasta ahora: la antigua almadraba de Sancti Petri"},"content":{"rendered":"<p>\u00a1Hola a todos, coloraos y color\u00e1s! Hoy os voy a contar de un interesante y muy reciente hallazgo en C\u00e1diz, o sea la almadraba de Sancti Petri.<\/p>\n<p>Para empezar, la almadraba es una tipolog\u00eda de pesca pasiva utilizada para la captura del flujo migratorio sexual del at\u00fan rojo desde el Oc\u00e9ano Atl\u00e1ntico, donde se alimenta, al Mediterr\u00e1neo, donde migra para desovar. Remontada a tiempos fenicios y romanos, su nombre proviene del \u00e1rabe <em>al-madraba<\/em>, literalmente \u00ablugar donde se golpea\u00bb o \u00ablucha\u00bb.<\/p>\n<p>En C\u00e1diz, el <strong>Instituto Andaluz del Patrimonio Hist\u00f3rico (IAPH)<\/strong>, en colaboraci\u00f3n con la Universidad de Sevilla, ha realizado algunas excavaciones muy cerca de la torre de Sancti Petri, delimitadando restos arqueol\u00f3gicos que podr\u00edan corresponder con una de las almadrabas m\u00e1s antiguas documentadas desde el siglo XV, de la que no se conoc\u00eda la ubicaci\u00f3n exacta hasta el momento. Se puede decir, por tanto, que es un descubrimiento de especial relevancia cient\u00edfica, porque se trata de la primera vez en la que se encuentran en la costa gaditana pruebas f\u00edsicas de instalaciones pesqueras. Sin embargo, esto no solo hecho descubrir ruinas de la pesca del at\u00fan, sino que ha restituido a Sancti Petri un papel hist\u00f3rico que parec\u00eda perdido.<\/p>\n<p>Este proyecto, hecho en torno a la torre y el castillo, ha permitido identificar y documentar, bajo los dos edificios, dos aposentos humildes, pero \u00fatiles para los estudios porque aparecieron tambi\u00e9n instrumentos ligados a la actividad de la pesca del at\u00fan, junto a restos de fauna marina y terrestre, as\u00ed como cer\u00e1micas de cocina de gran tama\u00f1o, que por eso se creen destinado a un consumo colectivo, probablemente de pescadores y soldados.<\/p>\n<p>Sin embargo, lo m\u00e1s interesante es que esta investigaci\u00f3n ha podido dar indicios materiales de ocupaciones anteriores en la peque\u00f1a isla, es decir que estas instalaciones de pesca se levantan sobre un \u00e1rea con ruinas p\u00fanicas tard\u00edas y romanas imperiales. Y adem\u00e1s los pavimentos de mortero y ladrillo hacen claramente ver que esas estructuras se reutilizaron durante siglos.<\/p>\n<p>Por eso, se da mucha importancia a este descubrimiento, seg\u00fan el <strong>IAPH<\/strong>, porque es la primera vez en la que se documentan contextos y materiales de \u00e9poca romana imperial en ese lugar. Y adem\u00e1s confirma lo que algunos textos antiguos suger\u00edan, o sea que el islote fue habitado desde la Antig\u00fcedad y form\u00f3 parte de la red de enclaves costeros dedicados a la pesca, el comercio y la salaz\u00f3n.<\/p>\n<p>Al final, se puede entender es que el caso de Sancti Petri es un referente para comprender la historia mar\u00edtima de la costa gaditana y c\u00f3mo evolucion\u00f3 a lo largo de milenios.<\/p>\n<p>&nbsp;<\/p>\n<p>BIBLIOGRAF\u00cdA<\/p>\n<ul>\n<li>Junta de Andaluc\u00eda <a href=\"https:\/\/www.juntadeandalucia.es\/organismos\/culturaydeporte\/servicios\/actualidad\/noticias\/detalle\/622603.html\">https:\/\/www.juntadeandalucia.es\/organismos\/culturaydeporte\/servicios\/actualidad\/noticias\/detalle\/622603.html<\/a><\/li>\n<li>La Voz Digital <a href=\"https:\/\/www.lavozdigital.es\/provincia\/chiclana\/mar-sancti-petri-releva-memoria-20251029132519-ntv.html\">https:\/\/www.lavozdigital.es\/provincia\/chiclana\/mar-sancti-petri-releva-memoria-20251029132519-ntv.html<\/a><\/li>\n<li>Diario de C\u00e1diz <a href=\"https:\/\/www.diariodecadiz.es\/chiclana\/descubren-restos-arqueologicos-almadraba-antigua-sancti-petri-chiclana_0_2005120007.html\">https:\/\/www.diariodecadiz.es\/chiclana\/descubren-restos-arqueologicos-almadraba-antigua-sancti-petri-chiclana_0_2005120007.html<\/a><\/li>\n<li>Junta de Andaluc\u00eda <a href=\"https:\/\/www.juntadeandalucia.es\/institutodeestadisticaycartografia\/didactica\/eltiempovuela\/entregas\/sancti_petri\/index.htm\">https:\/\/www.juntadeandalucia.es\/institutodeestadisticaycartografia\/didactica\/eltiempovuela\/entregas\/sancti_petri\/index.htm<\/a><\/li>\n<li>La Chanca <a href=\"https:\/\/lachanca.com\/blog.html\/post\/49-la-historia-de-la-almadraba-tradicion-pesquera-andaluza-con-siglos-de-historia\">https:\/\/lachanca.com\/blog.html\/post\/49-la-historia-de-la-almadraba-tradicion-pesquera-andaluza-con-siglos-de-historia<\/a><\/li>\n<\/ul>\n","protected":false},"excerpt":{"rendered":"<p>\u00a1Hola a todos, coloraos y color\u00e1s! Hoy os voy a contar de un interesante y muy reciente hallazgo en C\u00e1diz, o sea la almadraba de Sancti Petri. Para empezar, la almadraba es una tipolog\u00eda de pesca pasiva utilizada para la captura del flujo migratorio sexual del at\u00fan rojo desde el Oc\u00e9ano Atl\u00e1ntico, donde se alimenta, [&hellip;]<\/p>\n","protected":false},"author":186,"featured_media":10922,"comment_status":"open","ping_status":"open","sticky":false,"template":"","format":"standard","meta":{"_acf_changed":false,"_monsterinsights_skip_tracking":false,"_monsterinsights_sitenote_active":false,"_monsterinsights_sitenote_note":"","_monsterinsights_sitenote_category":0,"footnotes":""},"categories":[45,302,1110,44],"tags":[],"class_list":["post-10919","post","type-post","status-publish","format-standard","has-post-thumbnail","hentry","category-boletin-colorao","category-cadiz","category-noticias","category-patrimonio"],"blocksy_meta":[],"acf":[],"jetpack_featured_media_url":"https:\/\/www.upo.es\/patio-colorado\/wp-content\/uploads\/2026\/03\/Foto-entrada-2.1.webp","_links":{"self":[{"href":"https:\/\/www.upo.es\/patio-colorado\/wp-json\/wp\/v2\/posts\/10919","targetHints":{"allow":["GET"]}}],"collection":[{"href":"https:\/\/www.upo.es\/patio-colorado\/wp-json\/wp\/v2\/posts"}],"about":[{"href":"https:\/\/www.upo.es\/patio-colorado\/wp-json\/wp\/v2\/types\/post"}],"author":[{"embeddable":true,"href":"https:\/\/www.upo.es\/patio-colorado\/wp-json\/wp\/v2\/users\/186"}],"replies":[{"embeddable":true,"href":"https:\/\/www.upo.es\/patio-colorado\/wp-json\/wp\/v2\/comments?post=10919"}],"version-history":[{"count":1,"href":"https:\/\/www.upo.es\/patio-colorado\/wp-json\/wp\/v2\/posts\/10919\/revisions"}],"predecessor-version":[{"id":10921,"href":"https:\/\/www.upo.es\/patio-colorado\/wp-json\/wp\/v2\/posts\/10919\/revisions\/10921"}],"wp:featuredmedia":[{"embeddable":true,"href":"https:\/\/www.upo.es\/patio-colorado\/wp-json\/wp\/v2\/media\/10922"}],"wp:attachment":[{"href":"https:\/\/www.upo.es\/patio-colorado\/wp-json\/wp\/v2\/media?parent=10919"}],"wp:term":[{"taxonomy":"category","embeddable":true,"href":"https:\/\/www.upo.es\/patio-colorado\/wp-json\/wp\/v2\/categories?post=10919"},{"taxonomy":"post_tag","embeddable":true,"href":"https:\/\/www.upo.es\/patio-colorado\/wp-json\/wp\/v2\/tags?post=10919"}],"curies":[{"name":"wp","href":"https:\/\/api.w.org\/{rel}","templated":true}]}}