{"id":10924,"date":"2026-03-08T12:33:41","date_gmt":"2026-03-08T12:33:41","guid":{"rendered":"https:\/\/www.upo.es\/patio-colorado\/?p=10924"},"modified":"2026-03-08T12:35:04","modified_gmt":"2026-03-08T12:35:04","slug":"carnaval-de-cadiz-y-la-experiencia-de-un-estudiante-de-movilidad","status":"publish","type":"post","link":"https:\/\/www.upo.es\/patio-colorado\/2026\/03\/08\/carnaval-de-cadiz-y-la-experiencia-de-un-estudiante-de-movilidad\/","title":{"rendered":"Carnaval de C\u00e1diz y la experiencia de un estudiante de movilidad"},"content":{"rendered":"<p>\u00a1Hola color\u00e1s y coloraos!<\/p>\n<p>&nbsp;<\/p>\n<p>El Carnaval de C\u00e1diz es una de las fiestas m\u00e1s grandes e importantes de Andaluc\u00eda donde el objetivo es divertirse, re\u00edrse y tambi\u00e9n disfrutarlo en compa\u00f1\u00eda, \u00a1por supuesto, disfrazado! Ha sido declarado Fiesta de Inter\u00e9s Tur\u00edstico Internacional en 1980 y, tras mi primera experiencia en esta fiesta, entiendo por qu\u00e9.<\/p>\n<p>Este a\u00f1o se celebr\u00f3 del 12 al 22 de febrero 2026, y durante estos once d\u00edas las calles de la ciudad se transforman en una fiesta llena de m\u00fasica, humor, cr\u00edtica, s\u00e1tira y disfraces.<\/p>\n<p>Todo el carnaval es un espect\u00e1culo, pero hay algunos d\u00edas muy importantes. Por ejemplo, la Gran Final del Concurso Oficial de Agrupaciones Carnavalescas (COAC) en el Gran Teatro Falla, que este a\u00f1o tuve lugar el viernes 13 de febrero. Este evento forma parte integral del programa oficial del carnaval, en el que chirigotas (grupos musicales sat\u00edricos), comparsas, coros y cuartetos compiten y ofrecen un espect\u00e1culo \u00fanico lleno de humor, s\u00e1tira, m\u00fasica y arte.<\/p>\n<p>Como estudiante de movilidad en Espa\u00f1a, quer\u00eda descubrir y disfrutar del carnaval porque me parec\u00eda algo \u00fanico que nunca hab\u00eda experimentado en mi vida. Como entend\u00ed, es imprescindible llevar un disfraz, y si no lo llevas, quedas un poco raro. Cuando llegu\u00e9 toda la ciudad estaba completamente llena de gente con todo tipo de disfraces, y hab\u00eda varias chirigotas en cada rinc\u00f3n. A primera hora de la ma\u00f1ana, alrededor de la 1, vi un coro en una gran plaza, y fue una experiencia inolvidable. Todo el escenario estaba lleno de m\u00fasicos y cantantes que cantaban sat\u00edricamente sobre el estado del mundo y criticaban las acciones llevadas a cabo por Espa\u00f1a y otros pa\u00edses.<\/p>\n<p>Recomendar\u00eda a cualquiera que fuera a C\u00e1diz para vivir esta fiesta al menos una vez. Sin duda, al menos en mi opini\u00f3n, no hay nada igual en ning\u00fan otro sitio.<\/p>\n<p>&nbsp;<\/p>\n<p>\u00a1Hasta la pr\u00f3xima, color\u00e1s y coloraos!<\/p>\n<p>&nbsp;<\/p>\n<p><strong><u>Bibliograf\u00eda:<\/u><\/strong><\/p>\n<p>\u00abCarnaval de C\u00e1diz 2026\u00bb s.f. En <em>Gu\u00eda de Turismo Y Ocio de La Provincia de C\u00e1diz En <\/em><em>Internet <\/em><a href=\"https:\/\/www.guiadecadiz.com\/es\/agenda\/febrero\/2026\/carnaval-cadiz-2026\">https:\/\/www.guiadecadiz.com\/es\/agenda\/febrero\/2026\/carnaval-cadiz-2026<\/a><\/p>\n<p>\u00abFiestas de Carnaval de C\u00e1diz\u00bb s.f. En <em>Spain.info<\/em> <a href=\"https:\/\/www.spain.info\/es\/agenda\/fiestas-carnaval-cadiz\/\">https:\/\/www.spain.info\/es\/agenda\/fiestas-carnaval-cadiz\/<\/a><\/p>\n<p>\u00abMinisterio de Industria Y Turismo &#8211; Fiestas de Inter\u00e9s Tur\u00edstico Internacional\u00bb s.f. En <em>Turismo.gob.es <\/em>\u00a0<a href=\"https:\/\/turismo.gob.es\/desarrollo-sostenibilidad\/fiestas\/Paginas\/Fiestas-de-Inter%C3%A9s-Tur%C3%ADstico-internacional.aspx\">https:\/\/turismo.gob.es\/desarrollo-sostenibilidad\/fiestas\/Paginas\/Fiestas-de-Inter%C3%A9s-Tur%C3%ADstico-internacional.aspx<\/a><\/p>\n","protected":false},"excerpt":{"rendered":"<p>\u00a1Hola color\u00e1s y coloraos! &nbsp; El Carnaval de C\u00e1diz es una de las fiestas m\u00e1s grandes e importantes de Andaluc\u00eda donde el objetivo es divertirse, re\u00edrse y tambi\u00e9n disfrutarlo en compa\u00f1\u00eda, \u00a1por supuesto, disfrazado! Ha sido declarado Fiesta de Inter\u00e9s Tur\u00edstico Internacional en 1980 y, tras mi primera experiencia en esta fiesta, entiendo por qu\u00e9. [&hellip;]<\/p>\n","protected":false},"author":172,"featured_media":10927,"comment_status":"open","ping_status":"open","sticky":false,"template":"","format":"standard","meta":{"_acf_changed":false,"_monsterinsights_skip_tracking":false,"_monsterinsights_sitenote_active":false,"_monsterinsights_sitenote_note":"","_monsterinsights_sitenote_category":0,"footnotes":""},"categories":[302,1,35,23],"tags":[],"class_list":["post-10924","post","type-post","status-publish","format-standard","has-post-thumbnail","hentry","category-cadiz","category-sin-categoria","category-fiestas-tradiciones","category-patrimonio-vivo"],"blocksy_meta":[],"acf":[],"jetpack_featured_media_url":"https:\/\/www.upo.es\/patio-colorado\/wp-content\/uploads\/2026\/03\/Cartel-Carnaval-2026.webp","_links":{"self":[{"href":"https:\/\/www.upo.es\/patio-colorado\/wp-json\/wp\/v2\/posts\/10924","targetHints":{"allow":["GET"]}}],"collection":[{"href":"https:\/\/www.upo.es\/patio-colorado\/wp-json\/wp\/v2\/posts"}],"about":[{"href":"https:\/\/www.upo.es\/patio-colorado\/wp-json\/wp\/v2\/types\/post"}],"author":[{"embeddable":true,"href":"https:\/\/www.upo.es\/patio-colorado\/wp-json\/wp\/v2\/users\/172"}],"replies":[{"embeddable":true,"href":"https:\/\/www.upo.es\/patio-colorado\/wp-json\/wp\/v2\/comments?post=10924"}],"version-history":[{"count":3,"href":"https:\/\/www.upo.es\/patio-colorado\/wp-json\/wp\/v2\/posts\/10924\/revisions"}],"predecessor-version":[{"id":10928,"href":"https:\/\/www.upo.es\/patio-colorado\/wp-json\/wp\/v2\/posts\/10924\/revisions\/10928"}],"wp:featuredmedia":[{"embeddable":true,"href":"https:\/\/www.upo.es\/patio-colorado\/wp-json\/wp\/v2\/media\/10927"}],"wp:attachment":[{"href":"https:\/\/www.upo.es\/patio-colorado\/wp-json\/wp\/v2\/media?parent=10924"}],"wp:term":[{"taxonomy":"category","embeddable":true,"href":"https:\/\/www.upo.es\/patio-colorado\/wp-json\/wp\/v2\/categories?post=10924"},{"taxonomy":"post_tag","embeddable":true,"href":"https:\/\/www.upo.es\/patio-colorado\/wp-json\/wp\/v2\/tags?post=10924"}],"curies":[{"name":"wp","href":"https:\/\/api.w.org\/{rel}","templated":true}]}}