{"id":10945,"date":"2026-03-12T12:07:06","date_gmt":"2026-03-12T12:07:06","guid":{"rendered":"https:\/\/www.upo.es\/patio-colorado\/?p=10945"},"modified":"2026-03-12T12:07:06","modified_gmt":"2026-03-12T12:07:06","slug":"paco-de-lucia-maestro-de-la-guitarra-y-leyenda-del-flamenco","status":"publish","type":"post","link":"https:\/\/www.upo.es\/patio-colorado\/2026\/03\/12\/paco-de-lucia-maestro-de-la-guitarra-y-leyenda-del-flamenco\/","title":{"rendered":"Paco de Luc\u00eda: maestro de la guitarra y leyenda del flamenco"},"content":{"rendered":"<p>\u00a1Hola, color\u00e1s y coloraos!<\/p>\n<p>La entrada de hoy se encuentra dedicada a uno de los guitarristas de flamenco m\u00e1s importantes del mundo, el gran Francisco S\u00e1nchez G\u00f3mez, conocido m\u00e1s com\u00fanmente como Paco de Luc\u00eda. Mucho m\u00e1s que un simple guitarrista y compositor, el artista se ha convertido en una leyenda y en un emblema del patrimonio musical andaluz.<\/p>\n<figure id=\"attachment_10946\" aria-describedby=\"caption-attachment-10946\" style=\"width: 398px\" class=\"wp-caption alignright\"><img loading=\"lazy\" decoding=\"async\" class=\"wp-image-10946 \" src=\"https:\/\/www.upo.es\/patio-colorado\/wp-content\/uploads\/2026\/03\/144_1522435-W-300x199.jpg\" alt=\"\" width=\"398\" height=\"264\" srcset=\"https:\/\/www.upo.es\/patio-colorado\/wp-content\/uploads\/2026\/03\/144_1522435-W-300x199.jpg 300w, https:\/\/www.upo.es\/patio-colorado\/wp-content\/uploads\/2026\/03\/144_1522435-W-768x510.jpg 768w, https:\/\/www.upo.es\/patio-colorado\/wp-content\/uploads\/2026\/03\/144_1522435-W.jpg 800w\" sizes=\"auto, (max-width: 398px) 100vw, 398px\" \/><figcaption id=\"caption-attachment-10946\" class=\"wp-caption-text\">Paco de Luc\u00eda tocando la guitarra. Fuente: <a href=\"https:\/\/quest-eb-com.eu1.proxy.openathens.net\/images\/144_1522435\">Benavent, 1995<\/a>.<\/figcaption><\/figure>\n<p>Nacido el 21 de diciembre de 1947 en el barrio de La Fuensanta en Algeciras (C\u00e1diz), Paco de Luc\u00eda creci\u00f3 en el seno de una familia con escasos recursos econ\u00f3micos, en la que la m\u00fasica se convirti\u00f3 en el ant\u00eddoto contra las dificultades de la vida. Siendo a\u00fan muy j\u00f3venes, Paco y sus hermanos tuvieron que dejar la escuela para trabajar y llevar dinero a su casa. Con ello, guiado por su padre, Paco hered\u00f3 de \u00e9l la pasi\u00f3n por la guitarra, d\u00e1ndose a conocer muy pronto en la esfera musical local. En 1959, actu\u00f3 por primera vez en el cine Terraza de Algeciras con su hermano Pepe, con quien form\u00f3 el grupo de flamenco Los Chiquitos de Algeciras.<\/p>\n<p>Con los a\u00f1os, Paco de Luc\u00eda sigui\u00f3 trabajando en su m\u00fasica y conoci\u00f3 al cantaor Fosforito, a Camar\u00f3n de la Isla y al m\u00fasico Juan El Lebrijano. Junto a estos, form\u00f3 un grupo y participaron en el Festival Flamenco Gitano. Aun as\u00ed, fue la gran amistad que Paco tuvo con Camar\u00f3n de la Isla la que le marc\u00f3 profundamente, llev\u00e1ndole a colaborar en los siete primeros discos del cantaor a modo de acompa\u00f1ante. A su vez, Camar\u00f3n y Paco aparecieron juntos en la pel\u00edcula <em>Sevillanas<\/em> de Saura en 1992.<\/p>\n<p>Posteriormente, e impulsado por los guitarristas Agust\u00edn Castell\u00f3n Sabicas y Mario Escudero, Paco de Luc\u00eda grab\u00f3 sus primeros \u00e1lbumes en solitario: <em>La fabulosa guitarra de Paco de Luc\u00eda <\/em>(1967) y <em>Fantas\u00eda Flamenca<\/em> (1969). Sin embargo, su pasi\u00f3n por el flamenco no fue lo \u00fanico por lo que era conocido, sino que tambi\u00e9n le interesaba profundamente el mundo del <em>jazz<\/em>. \u00a1Os dejamos por aqu\u00ed el enlace a un v\u00eddeo de <a href=\"https:\/\/youtu.be\/qUUd73EI4Qc?si=k747shRcFFX_Kj7s\">Paco de Luc\u00eda en el Montreux Jazz Festival en 2012<\/a>, que muestra c\u00f3mo el artista combinaba su pasi\u00f3n por el flamenco y el <em>jazz<\/em> en el escenario!<\/p>\n<p>As\u00ed, en la d\u00e9cada de los setenta, Paco de Luc\u00eda alcanz\u00f3 finalmente una mayor proyecci\u00f3n internacional, todo ello a ra\u00edz de su disco <em>Fuente y caudal<\/em> (1973), donde se encontraba el c\u00e9lebre tema <em><a href=\"https:\/\/youtu.be\/2oyhlad64-s?si=_j3B_QZg23igL9pN\">Entre dos aguas<\/a><\/em>. En 1975, lleg\u00f3 a actuar en el Teatro Real de Madrid y, en 1977, dio comienzo a una serie de conciertos con Al Di Meola y Carlos Santana. Ese mismo a\u00f1o se cas\u00f3 en secreto con Casilda Varela Ampuero, con quien tuvo tres hijos; sin embargo, veinte a\u00f1os m\u00e1s tarde acabar\u00edan separ\u00e1ndose.<\/p>\n<p>Progresivamente, como se muestra en sus trabajos <em>Solo quiero caminar<\/em> (1981), <em>Siroco<\/em> (1987) y <em>Zyryab<\/em> (1990), Paco de Luc\u00eda fue distanci\u00e1ndose del flamenco tradicional. En su \u00e1lbum <em><a href=\"https:\/\/youtu.be\/xY0gQaL_kcg?si=5VcfMhXcXlNG7Wq2\">Zyryab<\/a><\/em>, se refleja con mayor claridad una fusi\u00f3n entre el flamenco y el <em>jazz<\/em>, todo ello gracias a la utilizaci\u00f3n de teclados junto con otros instrumentos tradicionales, como el caj\u00f3n. De hecho, fue el propio Paco de Luc\u00eda quien import\u00f3 cajones peruanos a Espa\u00f1a, experimentando con este instrumento de percusi\u00f3n tras escucharlo en una fiesta de la embajada en Lima. Paco de Luc\u00eda comprendi\u00f3 que el caj\u00f3n permit\u00eda dar consistencia y precisi\u00f3n a los ritmos del flamenco.<\/p>\n<p>En los \u00faltimos meses de su vida, Paco de Luc\u00eda vivi\u00f3 en M\u00e9xico con su nueva esposa, Gabriela Canseco. El 25 de febrero de 2014 falleci\u00f3 el genio de la guitarra despu\u00e9s de ser ingresado de urgencia a ra\u00edz de un malestar que empez\u00f3 a sentir mientras jugaba al f\u00fatbol con sus hijos en la playa.<\/p>\n<p>Considerado una figura clave dentro del patrimonio musical andaluz, Paco de Luc\u00eda y su talento fueron reconocidos con numerosos galardones, entre ellos dos premios Grammy, la Medalla de Oro al M\u00e9rito en las Bellas Artes y el Premio Nacional de Guitarra de Arte Flamenco.<\/p>\n<p>En definitiva, Paco de Luc\u00eda fue un aut\u00e9ntico revolucionario del flamenco, desarrollando una t\u00e9cnica que marcar\u00eda para siempre la historia de esta expresi\u00f3n art\u00edstica. Su gran habilidad para mezclar el rasgueo tradicional en la guitarra con novedosas t\u00e9cnicas de arpegio y picado marc\u00f3 un precedente sobre la forma en que se tocaba la guitarra flamenca hasta entonces. Adem\u00e1s, destac\u00f3 por la velocidad con la que tocaba y la impresionante precisi\u00f3n de sus notas, haciendo que su alma pareciera hablar a trav\u00e9s de cada melod\u00eda.<\/p>\n<p>La influencia de Paco de Luc\u00eda llega hasta nuestros d\u00edas a trav\u00e9s de iniciativas como la Fundaci\u00f3n Paco de Luc\u00eda, la cual busca dar al flamenco el prestigio internacional que merece. El legado del guitarrista y compositor forma parte del patrimonio andaluz e incluso espa\u00f1ol, y sus huellas siguen presentes en la m\u00fasica actual.<\/p>\n<p>\u00a1Esperamos que os haya gustado mucho esta entrada! Y os recomendamos escuchar los \u00e1lbumes y canciones de Paco de Luc\u00eda, estamos seguros de que no os defraudar\u00e1n.<\/p>\n<p>\u00a1Hasta la pr\u00f3xima, color\u00e1s y coloraos!<\/p>\n<p><strong><u>Referencias:<\/u><\/strong><\/p>\n<p>\u200bConde Atocha. s.f. <em>PACO DE LUC\u00cdA: LA LEYENDA DE LA GUITARRA ESPA\u00d1OLA Y SU IMPACTO GLOBAL<\/em>. Conde Atocha. <a href=\"https:\/\/www.conde-atocha.com\/paco-de-lucia-la-leyenda-de-la-guitarra-espanola-y-su-impacto-global\/\">https:\/\/www.conde-atocha.com\/paco-de-lucia-la-leyenda-de-la-guitarra-espanola-y-su-impacto-global\/<\/a>.<\/p>\n<p>\u200bFundaci\u00f3n Paco de Luc\u00eda. s.f. \u00abLA FUNDACI\u00d3N\u00bb. En <em>Fundaci\u00f3n Paco de Luc\u00eda<\/em>. Fundaci\u00f3n Paco de Luc\u00eda. <a href=\"https:\/\/fundacionpacodelucia.com\/fundacion\/\">https:\/\/fundacionpacodelucia.com\/fundacion\/<\/a>.<\/p>\n<p>\u200bSadurn\u00ed, J. M. 2023. <em>PACO DE LUC\u00cdA, EL MEJOR GUITARRISTA FLAMENCO DE TODOS LOS TIEMPOS<\/em>. National Geographic. <a href=\"https:\/\/historia.nationalgeographic.com.es\/a\/paco-de-lucia-el-flamenco-hecho-arte_17724\">https:\/\/historia.nationalgeographic.com.es\/a\/paco-de-lucia-el-flamenco-hecho-arte_17724<\/a>.<\/p>\n<p>\u200bTeatro Flamenco Sevilla. 2022. <em>Paco de Luc\u00eda, el principal protagonista del caj\u00f3n flamenco<\/em>. Teatro Flamenco Sevilla. <a href=\"https:\/\/teatroflamencosevilla.com\/blog\/Paco-de-Lucia-el-principal-protagonista-del-cajon-flamenco\">https:\/\/teatroflamencosevilla.com\/blog\/Paco-de-Lucia-el-principal-protagonista-del-cajon-flamenco<\/a>.<\/p>\n<p>\u200bVilaltella Ortiz, X. 2024. <em>Paco de Luc\u00eda: biograf\u00eda, obras y curiosidades que quiz\u00e1s no sab\u00edas<\/em>. La Vanguardia. <a href=\"https:\/\/www.lavanguardia.com\/historiayvida\/mas-historias\/20240521\/9651284\/paco-lucia-biografia-obras-curiosidades-quiza-sabias-pmv.html\">https:\/\/www.lavanguardia.com\/historiayvida\/mas-historias\/20240521\/9651284\/paco-lucia-biografia-obras-curiosidades-quiza-sabias-pmv.html<\/a>.<\/p>\n<p><u>Referencia de la fotograf\u00eda:<\/u><\/p>\n<p>Benavent, C. 1995. <em>FLAMENCO <\/em>[Fotograf\u00eda]. Encyclop\u00e6dia Britannica ImageQuest. <a href=\"https:\/\/quest-eb-com.eu1.proxy.openathens.net\/images\/144_1522435\">https:\/\/quest-eb-com.eu1.proxy.openathens.net\/images\/144_1522435<\/a>.<\/p>\n","protected":false},"excerpt":{"rendered":"<p>\u00a1Hola, color\u00e1s y coloraos! La entrada de hoy se encuentra dedicada a uno de los guitarristas de flamenco m\u00e1s importantes del mundo, el gran Francisco S\u00e1nchez G\u00f3mez, conocido m\u00e1s com\u00fanmente como Paco de Luc\u00eda. Mucho m\u00e1s que un simple guitarrista y compositor, el artista se ha convertido en una leyenda y en un emblema del [&hellip;]<\/p>\n","protected":false},"author":171,"featured_media":10946,"comment_status":"open","ping_status":"open","sticky":false,"template":"","format":"standard","meta":{"_acf_changed":false,"_monsterinsights_skip_tracking":false,"_monsterinsights_sitenote_active":false,"_monsterinsights_sitenote_note":"","_monsterinsights_sitenote_category":0,"footnotes":""},"categories":[302,186,23],"tags":[55,89,53,64,673,1222],"class_list":["post-10945","post","type-post","status-publish","format-standard","has-post-thumbnail","hentry","category-cadiz","category-literatura-musica","category-patrimonio-vivo","tag-andalucia","tag-flamenco","tag-musica","tag-patrimonio","tag-guitarra","tag-pacodelucia"],"blocksy_meta":[],"acf":[],"jetpack_featured_media_url":"https:\/\/www.upo.es\/patio-colorado\/wp-content\/uploads\/2026\/03\/144_1522435-W.jpg","_links":{"self":[{"href":"https:\/\/www.upo.es\/patio-colorado\/wp-json\/wp\/v2\/posts\/10945","targetHints":{"allow":["GET"]}}],"collection":[{"href":"https:\/\/www.upo.es\/patio-colorado\/wp-json\/wp\/v2\/posts"}],"about":[{"href":"https:\/\/www.upo.es\/patio-colorado\/wp-json\/wp\/v2\/types\/post"}],"author":[{"embeddable":true,"href":"https:\/\/www.upo.es\/patio-colorado\/wp-json\/wp\/v2\/users\/171"}],"replies":[{"embeddable":true,"href":"https:\/\/www.upo.es\/patio-colorado\/wp-json\/wp\/v2\/comments?post=10945"}],"version-history":[{"count":5,"href":"https:\/\/www.upo.es\/patio-colorado\/wp-json\/wp\/v2\/posts\/10945\/revisions"}],"predecessor-version":[{"id":10951,"href":"https:\/\/www.upo.es\/patio-colorado\/wp-json\/wp\/v2\/posts\/10945\/revisions\/10951"}],"wp:featuredmedia":[{"embeddable":true,"href":"https:\/\/www.upo.es\/patio-colorado\/wp-json\/wp\/v2\/media\/10946"}],"wp:attachment":[{"href":"https:\/\/www.upo.es\/patio-colorado\/wp-json\/wp\/v2\/media?parent=10945"}],"wp:term":[{"taxonomy":"category","embeddable":true,"href":"https:\/\/www.upo.es\/patio-colorado\/wp-json\/wp\/v2\/categories?post=10945"},{"taxonomy":"post_tag","embeddable":true,"href":"https:\/\/www.upo.es\/patio-colorado\/wp-json\/wp\/v2\/tags?post=10945"}],"curies":[{"name":"wp","href":"https:\/\/api.w.org\/{rel}","templated":true}]}}