{"id":10953,"date":"2026-03-13T11:20:31","date_gmt":"2026-03-13T11:20:31","guid":{"rendered":"https:\/\/www.upo.es\/patio-colorado\/?p=10953"},"modified":"2026-03-13T11:20:31","modified_gmt":"2026-03-13T11:20:31","slug":"la-glorieta-de-becquer-patrimonio-herido-de-sevilla","status":"publish","type":"post","link":"https:\/\/www.upo.es\/patio-colorado\/2026\/03\/13\/la-glorieta-de-becquer-patrimonio-herido-de-sevilla\/","title":{"rendered":"La Glorieta de B\u00e9cquer: patrimonio herido de Sevilla"},"content":{"rendered":"<p style=\"text-align: left\">\n<p>\u00a1Hola, color\u00e1s y coloraos!<\/p>\n<p style=\"text-align: left\">Hoy haremos un breve repaso por la historia y las vandalizaciones de uno de los monumentos m\u00e1s emblem\u00e1ticos de la ciudad de Sevilla: la Glorieta de B\u00e9cquer.<\/p>\n<p style=\"text-align: left\"><strong>Breve historia <\/strong><\/p>\n<p style=\"text-align: left\">Los promotores del monumento en memoria de Gustavo Adolfo B\u00e9cquer en Sevilla fueron los dramaturgos Seraf\u00edn y Joaqu\u00edn \u00c1lvarez Quintero. Ellos recabaron el dinero necesario con los beneficios de sus representaciones para iniciar y gestionar el proyecto. Estos cedieron los derechos de representaci\u00f3n de su obra <em>La rima eterna<\/em>; de hecho, en algunas ediciones impresas de la misma se le\u00eda: \u00abEdici\u00f3n especial cuyos productos se destinan a los gastos del monumento B\u00e9cquer. 3 pesetas\u00bb<\/p>\n<p style=\"text-align: left\">Los quinteros encomendaron su construcci\u00f3n al escultor marchenero Lorenzo Coullaut Valera (1876-1932), quien destac\u00f3, sobre todo, por la realizaci\u00f3n de importantes monumentos civiles y religiosos, tanto en Espa\u00f1a como en Hispanoam\u00e9rica. Coullaut Valera fue quien eligi\u00f3 personalmente la ubicaci\u00f3n del monumento, y lo hizo cuando a\u00fan no exist\u00eda el parque actual, pero s\u00ed el taxodio o cipr\u00e9s de los pantanos, plantado hacia 1850. Ello explica que el conjunto escult\u00f3rico se pensara de forma simbi\u00f3tica con el \u00e1rbol.<\/p>\n<p style=\"text-align: left\">Con el tiempo este conjunto escult\u00f3rico ha ganado un valor simb\u00f3lico en el Parque de Mar\u00eda Luisa, pues se trata de un lugar propicio para la exaltaci\u00f3n del esp\u00edritu, de la poes\u00eda y del amor a la naturaleza. Adem\u00e1s es, inconfundiblemente, el mejor testimonio art\u00edstico del ideal rom\u00e1ntico que dio vida a estos jardines sevillanos.<\/p>\n<p style=\"text-align: left\"><strong>Restauraciones y vandalizaciones<\/strong><\/p>\n<p style=\"text-align: left\">Como el monumento est\u00e1 erigido alrededor de un taxodio, ha sido restaurado m\u00faltiples veces debido al deterioro que provoca el crecimiento natural del \u00e1rbol. Algunas de estas restauraciones fueron necesarias en los a\u00f1os 1988, 1990, 2016 o 2025. No obstante, no todas ellas fueron para revertir las grietas por causa del \u00e1rbol en la estructura; tambi\u00e9n se reemplazaron elementos que con el tiempo sufrieron da\u00f1os, como los bancos situados alrededor del grupo escult\u00f3rico o el carcaj de bronce de cupido.<\/p>\n<p style=\"text-align: left\">En otras ocasiones estos deterioros no fueron producto del paso del tiempo, sino por efecto de los numerosos actos vand\u00e1licos que se han perpetrado contra este monumento. Algunos de los m\u00e1s sonados fueron el de 2017, en el que fueron amputados los dedos de una de las esculturas; el de 2019, en el que arrancaron de nuevo el dedo me\u00f1ique a la misma escultura previamente restaurada; o el de 2022, quiz\u00e1s el m\u00e1s grave de todos, pues quedaron completamente destrozados los anaqueles de m\u00e1rmol donde los visitantes depositaban misivas y poes\u00edas.<\/p>\n<p style=\"text-align: left\">Estos actos convierten a la Glorieta de B\u00e9cquer en uno de los monumentos m\u00e1s vandalizados de la ciudad de Sevilla. La buena noticia es que, como ya es consabido que este patrimonio es frecuentemente objeto de actos vand\u00e1licos, el Ayuntamiento de Sevilla se ha encargado de fortalecer la seguridad en el lugar y de restringir el horario de visitas para que no se perpetren m\u00e1s desperfectos contra el monumento. En 2025 fue la \u00faltima vez que se llev\u00f3 a cabo una intervenci\u00f3n exhaustiva, que abord\u00f3 los m\u00faltiples da\u00f1os que presentaba la obra, muchos de ellos derivados de la acci\u00f3n de aves, insectos, la resina del cipr\u00e9s central, la contaminaci\u00f3n ambiental y actos vand\u00e1licos. En ella se ejecut\u00f3 una limpieza mec\u00e1nica y qu\u00edmica profunda, tanto en el m\u00e1rmol como en el bronce, eliminando concreciones, restos de resina, manchas por oxidaci\u00f3n, y grafitis.<\/p>\n<p style=\"text-align: left\">Adem\u00e1s, se reintegraron piezas perdidas por vandalismo, como los dedos de la mano izquierda de la musa enamorada, de los cuales se han podido recuperar tres originales y fabricar de nuevo el me\u00f1ique que faltaba. Tambi\u00e9n se han aplicado tratamientos espec\u00edficos de protecci\u00f3n y la estabilizaci\u00f3n de la p\u00e1tina del bronce mediante inhibidores de la corrosi\u00f3n, finalizando con una capa protectora de resina acr\u00edlica.<\/p>\n<p style=\"text-align: left\">\n<p style=\"text-align: left\"><strong>Bibliograf\u00eda<\/strong><\/p>\n<p style=\"text-align: left\">Barba, E. (2022, abril 19).\u00a0<em>Nuevo atentado contra el patrimonio de Sevilla: destrozan el monumento a B\u00e9cquer en el Parque de Mar\u00eda Luisa<\/em>. ABC.es. https:\/\/www.abc.es\/sevilla\/ciudad\/sevi-destrozan-monumento-becquer-parque-maria-luisa-sevilla-202204191150_noticia.html<\/p>\n<p style=\"text-align: left\"><em>El Gobierno de Sanz culmina la restauraci\u00f3n integral del grupo escult\u00f3rico de la Glorieta de B\u00e9cquer, dentro del plan pionero de conservaci\u00f3n de esculturas de los parques hist\u00f3ricos<\/em>. (s\/f). Ayuntamiento de Sevilla. Recuperado el 2 de marzo de 2026, de <a href=\"https:\/\/www.sevilla.org\/actualidad\/noticias\/2025\/el-gobierno-de-sanz-culmina-la-restauracion-integral-del-grupo-escultorico-de-la-glorieta-de-becquer-dentro-del-plan-pionero-de-conservacion-de-esculturas-de-los-parques-historicos\">https:\/\/www.sevilla.org\/actualidad\/noticias\/2025\/el-gobierno-de-sanz-culmina-la-restauracion-integral-del-grupo-escultorico-de-la-glorieta-de-becquer-dentro-del-plan-pionero-de-conservacion-de-esculturas-de-los-parques-historicos<\/a><\/p>\n<p style=\"text-align: left\">EUROPA PRESS. (2017, mayo 5).\u00a0<em>Amputan los dedos de la mano del monumento a B\u00e9cquer en parque de Mar\u00eda Luisa de Sevilla<\/em>. ELMUNDO. https:\/\/www.elmundo.es\/cultura\/2017\/05\/05\/590c63cfe5fdea22248b4603.html<\/p>\n<p style=\"text-align: left\">Geniz, D. J. (2019, julio 3).\u00a0<em>Atacan la glorieta de B\u00e9cquer cuatro meses despu\u00e9s de restaurarse<\/em>. Diario de Sevilla. https:\/\/www.diariodesevilla.es\/sevilla\/atacan-glorieta-Becquer-vandalismo_0_1369663516.html<\/p>\n<p style=\"text-align: left\">G\u00f3mez, J. M. G. (2017). LA GLORIETA DE B\u00c9CQUER EN EL PARQUE DE MAR\u00cdA LUISA. UNA ALEGOR\u00cdA DEL AMOR Y DEL DESAMOR.\u00a0<em>Temas de est\u00e9tica y arte<\/em>, (31), 273-289.<\/p>\n<p>Imagen: cr\u00e9dito editorial: MaraZe \/ Shutterstock.com<\/p>\n","protected":false},"excerpt":{"rendered":"<p>\u00a1Hola, color\u00e1s y coloraos! Hoy haremos un breve repaso por la historia y las vandalizaciones de uno de los monumentos m\u00e1s emblem\u00e1ticos de la ciudad de Sevilla: la Glorieta de B\u00e9cquer. Breve historia Los promotores del monumento en memoria de Gustavo Adolfo B\u00e9cquer en Sevilla fueron los dramaturgos Seraf\u00edn y Joaqu\u00edn \u00c1lvarez Quintero. Ellos recabaron [&hellip;]<\/p>\n","protected":false},"author":188,"featured_media":10957,"comment_status":"open","ping_status":"open","sticky":false,"template":"","format":"standard","meta":{"_acf_changed":false,"_monsterinsights_skip_tracking":false,"_monsterinsights_sitenote_active":false,"_monsterinsights_sitenote_note":"","_monsterinsights_sitenote_category":0,"footnotes":""},"categories":[1],"tags":[],"class_list":["post-10953","post","type-post","status-publish","format-standard","has-post-thumbnail","hentry","category-sin-categoria"],"blocksy_meta":[],"acf":[],"jetpack_featured_media_url":"https:\/\/www.upo.es\/patio-colorado\/wp-content\/uploads\/2026\/03\/Imagen-Glorieta-de-Bequer-2.jpg","_links":{"self":[{"href":"https:\/\/www.upo.es\/patio-colorado\/wp-json\/wp\/v2\/posts\/10953","targetHints":{"allow":["GET"]}}],"collection":[{"href":"https:\/\/www.upo.es\/patio-colorado\/wp-json\/wp\/v2\/posts"}],"about":[{"href":"https:\/\/www.upo.es\/patio-colorado\/wp-json\/wp\/v2\/types\/post"}],"author":[{"embeddable":true,"href":"https:\/\/www.upo.es\/patio-colorado\/wp-json\/wp\/v2\/users\/188"}],"replies":[{"embeddable":true,"href":"https:\/\/www.upo.es\/patio-colorado\/wp-json\/wp\/v2\/comments?post=10953"}],"version-history":[{"count":3,"href":"https:\/\/www.upo.es\/patio-colorado\/wp-json\/wp\/v2\/posts\/10953\/revisions"}],"predecessor-version":[{"id":10958,"href":"https:\/\/www.upo.es\/patio-colorado\/wp-json\/wp\/v2\/posts\/10953\/revisions\/10958"}],"wp:featuredmedia":[{"embeddable":true,"href":"https:\/\/www.upo.es\/patio-colorado\/wp-json\/wp\/v2\/media\/10957"}],"wp:attachment":[{"href":"https:\/\/www.upo.es\/patio-colorado\/wp-json\/wp\/v2\/media?parent=10953"}],"wp:term":[{"taxonomy":"category","embeddable":true,"href":"https:\/\/www.upo.es\/patio-colorado\/wp-json\/wp\/v2\/categories?post=10953"},{"taxonomy":"post_tag","embeddable":true,"href":"https:\/\/www.upo.es\/patio-colorado\/wp-json\/wp\/v2\/tags?post=10953"}],"curies":[{"name":"wp","href":"https:\/\/api.w.org\/{rel}","templated":true}]}}