{"id":11108,"date":"2026-04-22T07:30:33","date_gmt":"2026-04-22T07:30:33","guid":{"rendered":"https:\/\/www.upo.es\/patio-colorado\/?p=11108"},"modified":"2026-04-22T07:30:33","modified_gmt":"2026-04-22T07:30:33","slug":"los-canos-de-carmona-historia-viva-en-las-calles-de-sevilla","status":"publish","type":"post","link":"https:\/\/www.upo.es\/patio-colorado\/2026\/04\/22\/los-canos-de-carmona-historia-viva-en-las-calles-de-sevilla\/","title":{"rendered":"Los Ca\u00f1os de Carmona: historia viva en las calles de Sevilla"},"content":{"rendered":"<p><span style=\"font-weight: 400\">\u00a1Hola Color\u00e1s y color\u00f3s!<\/span><\/p>\n<p>Una tarde, al regresar a casa, me top\u00e9 con una serie de arcos que bordeaban una calle principal de Sevilla. La inesperada\u00a0 presencia de estas ruinas me impuls\u00f3 a investigar m\u00e1s a fondo.<\/p>\n<p><span style=\"font-weight: 400\">Situados en el barrio de Triana, en Sevilla, se pueden encontrar estos arcos en tres lugares. Originalmente formaban parte de un acueducto conocido como los \u00abCa\u00f1os de Carmona\u00bb. Construido en el siglo I a. C. bajo el reinado de Julio C\u00e9sar, el acueducto ten\u00eda una longitud original de 17,5 kil\u00f3metros y se extend\u00eda desde la antigua ciudad de Irripo (la actual Alcal\u00e1 de Guada\u00edra) hasta Hisplais, o Sevilla. Posteriormente, fue renovado y pa<\/span>rcialmente reconstruido en el siglo XII por el califa almohade Abu Yaqub Yusuf. Tras varios siglos de renovaciones, comenz\u00f3 su demolici\u00f3n en 1912 debido a quejas de los residentes sobre la seguridad.<\/p>\n<p><span style=\"font-weight: 400\">Junto a uno de los tramos que a\u00fan se conservan se encuentra el \u00abAzulejo de la Virgen de las Madejas\u00bb, una pieza de cer\u00e1mica que representa a la Virgen Mar\u00eda. Este retablo se instal\u00f3 en v\u00edsperas de la Semana Santa de 1993 y fue creado para reemplazar la estatua de la Virgen de las Madejas, que fue retirada en 1868 para ser venerada en la cercana Iglesia de San Roque, la cual fue posteriormente incendiada durante la Guerra Civil de 1<\/span>936. Art\u00edsticamente, el azulejo muestra las caracter\u00edsticas propias de la cer\u00e1mica sevillana, como el vidriado vibrante, los detalles intrincados y la composici\u00f3n narrativa. Su ubicaci\u00f3n cerca del acueducto no es casual; sugiere una santificaci\u00f3n simb\u00f3lica de las fuentes de agua y las v\u00edas de tr\u00e1nsito, reforzando la idea de la protecci\u00f3n divina sobre los sistemas urbanos esenciales.<\/p>\n<p><span style=\"font-weight: 400\">En conclusi\u00f3n, los restos que se conservan de los Ca\u00f1os de Carmona y el cercano Azulejo de la Virgen de las Madejas resumen la compleja estratificaci\u00f3n hist\u00f3rica que define a Sevilla. Su coexistencia en el paisaje urbano contempor\u00e1neo subraya la interacci\u00f3n constante entre pasado y presente, que moldea tanto el entorno f\u00edsico como la memoria cultural de Sevilla.<\/span><\/p>\n<p><img loading=\"lazy\" decoding=\"async\" class=\"wp-image-11109 size-medium alignleft\" src=\"https:\/\/www.upo.es\/patio-colorado\/wp-content\/uploads\/2026\/04\/PXL_20260301_025820238-225x300.jpg\" alt=\"\" width=\"225\" height=\"300\" srcset=\"https:\/\/www.upo.es\/patio-colorado\/wp-content\/uploads\/2026\/04\/PXL_20260301_025820238-225x300.jpg 225w, https:\/\/www.upo.es\/patio-colorado\/wp-content\/uploads\/2026\/04\/PXL_20260301_025820238-769x1024.jpg 769w, https:\/\/www.upo.es\/patio-colorado\/wp-content\/uploads\/2026\/04\/PXL_20260301_025820238-768x1023.jpg 768w, https:\/\/www.upo.es\/patio-colorado\/wp-content\/uploads\/2026\/04\/PXL_20260301_025820238-1153x1536.jpg 1153w, https:\/\/www.upo.es\/patio-colorado\/wp-content\/uploads\/2026\/04\/PXL_20260301_025820238-1538x2048.jpg 1538w, https:\/\/www.upo.es\/patio-colorado\/wp-content\/uploads\/2026\/04\/PXL_20260301_025820238-scaled.jpg 1922w\" sizes=\"auto, (max-width: 225px) 100vw, 225px\" \/><\/p>\n<p>&nbsp;<\/p>\n<p><strong>Bibliograf\u00eda:<\/strong><\/p>\n<p>ABC de Sevilla. (1911).\u00a0<i><span>Informaciones de sevilla: Los ca\u00f1os de Carmona<\/span><\/i><\/p>\n<p>Sevilla, P.P. de (2015) <i>El Azulejo de la Virgen de las madejas<\/i>.\u00a0 https:\/\/www.patrimoniodesevilla.es\/el-azulejo-de-la-virgen-de-las-madejas<\/p>\n<p>Turismo de la Provincia de Sevilla <i>Ca\u00f1os de Carmona<\/i>\u00a0https:\/\/www.turismosevilla.org\/es\/que-ver-y-hacer\/patrimonio\/sehenswurdigkeiten\/canos-de-carmona<\/p>\n<div><\/div>\n","protected":false},"excerpt":{"rendered":"<p>\u00a1Hola Color\u00e1s y color\u00f3s! Una tarde, al regresar a casa, me top\u00e9 con una serie de arcos que bordeaban una calle principal de Sevilla. La inesperada\u00a0 presencia de estas ruinas me impuls\u00f3 a investigar m\u00e1s a fondo. Situados en el barrio de Triana, en Sevilla, se pueden encontrar estos arcos en tres lugares. Originalmente formaban [&hellip;]<\/p>\n","protected":false},"author":173,"featured_media":11110,"comment_status":"open","ping_status":"open","sticky":false,"template":"","format":"standard","meta":{"_acf_changed":false,"_monsterinsights_skip_tracking":false,"_monsterinsights_sitenote_active":false,"_monsterinsights_sitenote_note":"","_monsterinsights_sitenote_category":0,"footnotes":""},"categories":[45],"tags":[],"class_list":["post-11108","post","type-post","status-publish","format-standard","has-post-thumbnail","hentry","category-boletin-colorao"],"blocksy_meta":[],"acf":[],"jetpack_featured_media_url":"https:\/\/www.upo.es\/patio-colorado\/wp-content\/uploads\/2026\/04\/ImagenCanosCarmona3.jpeg","_links":{"self":[{"href":"https:\/\/www.upo.es\/patio-colorado\/wp-json\/wp\/v2\/posts\/11108","targetHints":{"allow":["GET"]}}],"collection":[{"href":"https:\/\/www.upo.es\/patio-colorado\/wp-json\/wp\/v2\/posts"}],"about":[{"href":"https:\/\/www.upo.es\/patio-colorado\/wp-json\/wp\/v2\/types\/post"}],"author":[{"embeddable":true,"href":"https:\/\/www.upo.es\/patio-colorado\/wp-json\/wp\/v2\/users\/173"}],"replies":[{"embeddable":true,"href":"https:\/\/www.upo.es\/patio-colorado\/wp-json\/wp\/v2\/comments?post=11108"}],"version-history":[{"count":1,"href":"https:\/\/www.upo.es\/patio-colorado\/wp-json\/wp\/v2\/posts\/11108\/revisions"}],"predecessor-version":[{"id":11111,"href":"https:\/\/www.upo.es\/patio-colorado\/wp-json\/wp\/v2\/posts\/11108\/revisions\/11111"}],"wp:featuredmedia":[{"embeddable":true,"href":"https:\/\/www.upo.es\/patio-colorado\/wp-json\/wp\/v2\/media\/11110"}],"wp:attachment":[{"href":"https:\/\/www.upo.es\/patio-colorado\/wp-json\/wp\/v2\/media?parent=11108"}],"wp:term":[{"taxonomy":"category","embeddable":true,"href":"https:\/\/www.upo.es\/patio-colorado\/wp-json\/wp\/v2\/categories?post=11108"},{"taxonomy":"post_tag","embeddable":true,"href":"https:\/\/www.upo.es\/patio-colorado\/wp-json\/wp\/v2\/tags?post=11108"}],"curies":[{"name":"wp","href":"https:\/\/api.w.org\/{rel}","templated":true}]}}