{"id":11113,"date":"2026-04-22T10:27:37","date_gmt":"2026-04-22T10:27:37","guid":{"rendered":"https:\/\/www.upo.es\/patio-colorado\/?p=11113"},"modified":"2026-04-27T10:00:09","modified_gmt":"2026-04-27T10:00:09","slug":"pequeno-patrimonio-de-un-pequeno-barrio-la-hacienda-santa-cruz","status":"publish","type":"post","link":"https:\/\/www.upo.es\/patio-colorado\/2026\/04\/22\/pequeno-patrimonio-de-un-pequeno-barrio-la-hacienda-santa-cruz\/","title":{"rendered":"Peque\u00f1o patrimonio de un peque\u00f1o barrio: la Hacienda Santa Cruz"},"content":{"rendered":"<p>\u00a1Hola colar\u00e1s y coloraos ! hoy me gustar\u00eda hablar de un peque\u00f1o patrimonio que se encuentra en el barrio de San Jos\u00e9 de la Rinconada y que es el foco de actividades culturales m\u00e1s activo del pueblo.<\/p>\n<p>La Hacienda Santa Cruz es actualmente una de las tres bibliotecas p\u00fabicas municipales que se encuentra en el barrio de San Jos\u00e9 de San Jos\u00e9 de la Rinconada. Este barrio ya contaba con otra biblioteca municipal m\u00e1s antigua y que se encuentra m\u00e1s en el centro de la poblaci\u00f3n. Esta de la que hablaremos ahora, como biblioteca tiene una historia muy corta, pero, lo interesante est\u00e1 en el edificio, sus instalaciones y como se ha sabido aprovechar todo ese espacio.<\/p>\n<p>Debemos conocer primero un poco la historia de San Jos\u00e9 de la Rinconada. Este barrio ser\u00e1 fundado a\u00f1os despu\u00e9s de la fundaci\u00f3n de La Rinconada. La necesidad de crear un barrio m\u00e1s peque\u00f1o y aparato se dio por las constantes arriadas que asolaban la Rinconada por lo que se alejan un poco m\u00e1s del valle del Guadalquivir. Otro punto importante se encuentra en el ferrocarril. El comercio y las comunicaciones con otras localidades y la capital se hac\u00edan a trav\u00e9s del apeadero que se encontraba en San Jos\u00e9. Este ser\u00e1 un punto importante para el desarrollo para la poblaci\u00f3n. Y frente a este apeadero ser\u00e1 donde se coloque el cortijo\/hacienda que nos ata\u00f1e como punto central del comercio con el c\u00e1\u00f1amo<br \/>\nde la poblaci\u00f3n y otros productor. La ubicaci\u00f3n de esta haciendo, por lo tanto, podemos observar que no es casual.<\/p>\n<p>&nbsp;<\/p>\n<p><img loading=\"lazy\" decoding=\"async\" class=\"size-medium wp-image-11115 alignleft\" src=\"https:\/\/www.upo.es\/patio-colorado\/wp-content\/uploads\/2026\/04\/Captura-de-pantalla-2022-11-28-192628-300x201.png\" alt=\"\" width=\"300\" height=\"201\" srcset=\"https:\/\/www.upo.es\/patio-colorado\/wp-content\/uploads\/2026\/04\/Captura-de-pantalla-2022-11-28-192628-300x201.png 300w, https:\/\/www.upo.es\/patio-colorado\/wp-content\/uploads\/2026\/04\/Captura-de-pantalla-2022-11-28-192628-768x515.png 768w, https:\/\/www.upo.es\/patio-colorado\/wp-content\/uploads\/2026\/04\/Captura-de-pantalla-2022-11-28-192628.png 843w\" sizes=\"auto, (max-width: 300px) 100vw, 300px\" \/><\/p>\n<p>A mediados del siglo XIX la finca es conocido como Nuestra Se\u00f1ora del Amparo y pertenec\u00eda a una mujer llamada Ana P\u00e9rez de Seoane. Tras su muerte la titularidad pasar\u00eda a su hijo Pablo Benjumea. Este ser\u00e1 una figura importante para el pueblo porque iniciar\u00eda los regad\u00edos y la fundaci\u00f3n de la Azucarera. Desde entonces este lugar pertenecer\u00eda a su<br \/>\nfamilia y hasta 1922 que fue reedificada por completo y donde tendr\u00eda un estilo<br \/>\ncostumbrista. Ya en esos momentos seria conocida como Santa Cruz. Mas tarde en 1931 pasar\u00e1 a manos de la Sociedad Azucarera Ib\u00e9rica y ser\u00eda el lugar de vivienda de los directores de la azucarera, como de su familia y tambi\u00e9n trabajadores de esta. Este lugar acab\u00f3 en desuso y pr\u00e1cticamente en ruinas por lo que en 2010 el ayuntamiento firm\u00f3 un convenio con la empresa EBRO-Puleva que permiti\u00f3 a la Hacienda ser incorporada al Patrimonio Municipal. Dentro del proceso de restauraci\u00f3n que se empez\u00f3, se incluye el Centro de Interpretaci\u00f3n de Agua, que nos sit\u00faa dentro del valor que tienen para esta poblaci\u00f3n el r\u00edo Guadalquivir y su importancia para el desarrollo y evoluci\u00f3n de este.<\/p>\n<p><img loading=\"lazy\" decoding=\"async\" class=\"size-medium wp-image-11116 alignright\" src=\"https:\/\/www.upo.es\/patio-colorado\/wp-content\/uploads\/2026\/04\/WhatsApp-Image-2022-11-28-at-19.03.51-3-225x300.jpeg\" alt=\"\" width=\"225\" height=\"300\" srcset=\"https:\/\/www.upo.es\/patio-colorado\/wp-content\/uploads\/2026\/04\/WhatsApp-Image-2022-11-28-at-19.03.51-3-225x300.jpeg 225w, https:\/\/www.upo.es\/patio-colorado\/wp-content\/uploads\/2026\/04\/WhatsApp-Image-2022-11-28-at-19.03.51-3-768x1024.jpeg 768w, https:\/\/www.upo.es\/patio-colorado\/wp-content\/uploads\/2026\/04\/WhatsApp-Image-2022-11-28-at-19.03.51-3-1152x1536.jpeg 1152w, https:\/\/www.upo.es\/patio-colorado\/wp-content\/uploads\/2026\/04\/WhatsApp-Image-2022-11-28-at-19.03.51-3.jpeg 1200w\" sizes=\"auto, (max-width: 225px) 100vw, 225px\" \/><\/p>\n<p>La nueva hacienda Santa Cruz, completamente restaurada queda inaugurada el 13 de mayo de 2015. Cuenta con una gran cantidad de espacios para todos los p\u00fablicos desde sala Infantil hasta una sala para estudios universitarios. Es un espacio muy amplio y con amplios ventanales donde la luz natural es la que invade el espacio. Tambi\u00e9n cuenta con una sala polivalente para conferencia, cursos o reuniones tanto para colectivos locales, como municipales.<\/p>\n<p>&nbsp;<\/p>\n<p>La importancia de este lugar ha quedado reflejada en el nuevo edificio, conservando ese estilo costumbrista con elementos conservados de la antigua hacienda que se incrustan perfectamente en la reconstrucci\u00f3n. Desde el ayuntamiento se le quiso dar la importancia que tuvo en las primeras d\u00e9cadas del siglo XX convirti\u00e9ndolo en un lugar de uso publico para toda la poblaci\u00f3n de San Jos\u00e9 y la Rinconada. A parte de ser una biblioteca (su fondo est\u00e1 compuesto por 14.442 t\u00edtulos y 36 publicaciones peri\u00f3dicas) y sala de estudio, acoge todo tipo de eventos culturales para j\u00f3venes y adultos. Uno de los mas interesantes es el de la Hacienda Encantada, un evento cultural que se celebra en la segunda quincena de<br \/>\njulio en el que se cuenta con artistas nacionales e internaciones del jazz, flamenco, las artes esc\u00e9nicas, etc. y que en 2025 ya cumpli\u00f3 diez a\u00f1os.<\/p>\n<p>&nbsp;<\/p>\n<p><em><strong>Bibliograf\u00eda<\/strong><\/em><\/p>\n<p><em>Hacienda Santa Cruz: Cinco a\u00f1os de historia<\/em>. (s.\u00a0f.). Recuperado 17 de abril de 2026, de https:\/\/www.larinconada.es\/es\/noticias\/10407\/hacienda-santa-cruz-cinco-anos-de-historia<\/p>\n<p>Iglesias Rodr\u00edguez, A. (2021). <em>San Jos\u00e9 de la Rinconada. El barrio que yo conoc\u00ed.<\/em> Pedro Baz\u00e1n.<\/p>\n<p><em>Llega Hacienda Encantada a su d\u00e9cima edici\u00f3n con especial protagonismo para la m\u00fasica<\/em>. (s.\u00a0f.). Recuperado 17 de abril de 2026, de https:\/\/www.larinconada.es\/es\/noticias\/14611\/llega-hacienda-encantada-a-su-decima-edicion-con-especial-protagonismo-para-la-musica<\/p>\n<p>Rinc\u00f3n Palacios, M. A. (1989). <em>Aspectos hist\u00f3ricos de la villa de La Rinconada y de su barrio de San Jos\u00e9: Desde la Prehistoria hasta nuestros d\u00edas<\/em>. Ayuntamiento de La Rinconada, \u00c1rea de Cultura.<\/p>\n<p>Rivas, C. (2011, agosto 12). La Rinconada quiere recuperar la hacienda Santa Cruz. <em>Sevilla Actualidad<\/em>. https:\/\/www.sevillaactualidad.com\/provincia\/11871-la-rinconada-quiere-recuperar-santa-cruz\/<\/p>\n<p>&nbsp;<\/p>\n<p>&nbsp;<\/p>\n","protected":false},"excerpt":{"rendered":"<p>\u00a1Hola colar\u00e1s y coloraos ! hoy me gustar\u00eda hablar de un peque\u00f1o patrimonio que se encuentra en el barrio de San Jos\u00e9 de la Rinconada y que es el foco de actividades culturales m\u00e1s activo del pueblo. La Hacienda Santa Cruz es actualmente una de las tres bibliotecas p\u00fabicas municipales que se encuentra en el [&hellip;]<\/p>\n","protected":false},"author":189,"featured_media":11115,"comment_status":"open","ping_status":"open","sticky":false,"template":"","format":"standard","meta":{"_acf_changed":false,"_monsterinsights_skip_tracking":false,"_monsterinsights_sitenote_active":false,"_monsterinsights_sitenote_note":"","_monsterinsights_sitenote_category":0,"footnotes":""},"categories":[1],"tags":[],"class_list":["post-11113","post","type-post","status-publish","format-standard","has-post-thumbnail","hentry","category-sin-categoria"],"blocksy_meta":[],"acf":[],"jetpack_featured_media_url":"https:\/\/www.upo.es\/patio-colorado\/wp-content\/uploads\/2026\/04\/Captura-de-pantalla-2022-11-28-192628.png","_links":{"self":[{"href":"https:\/\/www.upo.es\/patio-colorado\/wp-json\/wp\/v2\/posts\/11113","targetHints":{"allow":["GET"]}}],"collection":[{"href":"https:\/\/www.upo.es\/patio-colorado\/wp-json\/wp\/v2\/posts"}],"about":[{"href":"https:\/\/www.upo.es\/patio-colorado\/wp-json\/wp\/v2\/types\/post"}],"author":[{"embeddable":true,"href":"https:\/\/www.upo.es\/patio-colorado\/wp-json\/wp\/v2\/users\/189"}],"replies":[{"embeddable":true,"href":"https:\/\/www.upo.es\/patio-colorado\/wp-json\/wp\/v2\/comments?post=11113"}],"version-history":[{"count":1,"href":"https:\/\/www.upo.es\/patio-colorado\/wp-json\/wp\/v2\/posts\/11113\/revisions"}],"predecessor-version":[{"id":11117,"href":"https:\/\/www.upo.es\/patio-colorado\/wp-json\/wp\/v2\/posts\/11113\/revisions\/11117"}],"wp:featuredmedia":[{"embeddable":true,"href":"https:\/\/www.upo.es\/patio-colorado\/wp-json\/wp\/v2\/media\/11115"}],"wp:attachment":[{"href":"https:\/\/www.upo.es\/patio-colorado\/wp-json\/wp\/v2\/media?parent=11113"}],"wp:term":[{"taxonomy":"category","embeddable":true,"href":"https:\/\/www.upo.es\/patio-colorado\/wp-json\/wp\/v2\/categories?post=11113"},{"taxonomy":"post_tag","embeddable":true,"href":"https:\/\/www.upo.es\/patio-colorado\/wp-json\/wp\/v2\/tags?post=11113"}],"curies":[{"name":"wp","href":"https:\/\/api.w.org\/{rel}","templated":true}]}}