{"id":11121,"date":"2026-04-28T10:31:22","date_gmt":"2026-04-28T10:31:22","guid":{"rendered":"https:\/\/www.upo.es\/patio-colorado\/?p=11121"},"modified":"2026-04-28T10:31:22","modified_gmt":"2026-04-28T10:31:22","slug":"entrevista-exclusiva-a-isabel-bayon-gamero-una-mirada-a-la-artista-detras-del-baile-parte-2","status":"publish","type":"post","link":"https:\/\/www.upo.es\/patio-colorado\/2026\/04\/28\/entrevista-exclusiva-a-isabel-bayon-gamero-una-mirada-a-la-artista-detras-del-baile-parte-2\/","title":{"rendered":"\u00a1Entrevista exclusiva a Isabel Bay\u00f3n Gamero!, una mirada a la artista detr\u00e1s del baile. Parte 2"},"content":{"rendered":"<p><span style=\"font-family: Times New Roman, serif\"><span style=\"font-size: large\"><b>\u00a1Hola coloraos y coloras!<\/b><\/span><\/span><\/p>\n<p><span style=\"font-family: Times New Roman, serif\">Como dije en la parte 1 aqu\u00ed os traigo la entrevista a la bailaora Isabel Bay\u00f3n donde vamos a poder conocer una faceta m\u00e1s personal de la artista y de su visi\u00f3n sobre el flamenco en sus diferentes aspectos. Espero que os guste tanto como para m\u00ed fue el hacerla:<\/span><\/p>\n<p>&nbsp;<\/p>\n<p align=\"JUSTIFY\"><b>Yo- <\/b>\u00a1Hola, muy buenas, coloraos y coloras! Aqu\u00ed estamos ya, como os dije en el post anterior, con la entrevista a la bailaora Isabel Bay\u00f3n, mi querida t\u00eda.<\/p>\n<p align=\"JUSTIFY\"><b>Isabel- <\/b>Hola que tal.<\/p>\n<p align=\"JUSTIFY\"><b>Yo- <\/b>Y vamos a empezar a conocer m\u00e1s en profundidad a esta maravillosa artista que ha marcado a una generaci\u00f3n y m\u00e1s de la cultura del flamenco en Andaluc\u00eda y m\u00e1s all\u00e1. Para empezar, vamos a que est\u00e1n en calor con una pregunta un poco personal, pero facilita.<\/p>\n<p align=\"JUSTIFY\"><b>Isabel- <\/b>Venga, vamos a ver.<\/p>\n<p align=\"JUSTIFY\"><b>Yo- <\/b>Para empezar quisiera preguntarte, porque esto me parece muy interesante, \u00bfQu\u00e9 es lo que a ti a nivel emocional te hizo conectar con el mundo de flamenco y que te hiciera querer dedicarte a ello de manera seria?<\/p>\n<p align=\"JUSTIFY\"><b>Isabel- <\/b>Pues mira, no te puedo decir exactamente porque yo era tan peque\u00f1a que yo no ten\u00eda eso muy claro. Era una inquietud que yo sent\u00eda y que era solo cuando escuchaba m\u00fasica flamenca o palmas, yo ten\u00eda, ya te digo que yo ten\u00eda, pues empezaba a andar. Y eso la abuela, mi madre, lo ve\u00eda y lo ve\u00eda como algo muy especial. Ella sab\u00eda que hab\u00eda en m\u00ed cualidades que eran especiales, pero yo no conect\u00e9 a nivel emocional porque no ten\u00eda todav\u00eda esa capacidad. Entonces fue algo m\u00e1s intuitivo o m\u00e1s sin saber qu\u00e9 era lo que pasaba, porque era una ni\u00f1a peque\u00f1a peque\u00f1a. Y yo empec\u00e9 de manera profesional con seis a\u00f1os. De manera profesional, esto quiere decir que a m\u00ed me pagaban por bailar. Entonces esa conexi\u00f3n emocional no exist\u00eda conscientemente.<\/p>\n<p align=\"JUSTIFY\"><b>Yo- <\/b>Se podr\u00eda decir que era algo que t\u00fa sent\u00edas instintivamente. \u00bfSe puede decir que llevabas el flamenco en la sangre?<\/p>\n<p align=\"JUSTIFY\"><b>Isabel- <\/b>Yo suelo decir que m\u00e1s que yo elegir, elegir eso, elegir el flamenco por algo que yo sintiera, era que el flamenco vino a m\u00ed. Vino a m\u00ed o naci\u00f3 de m\u00ed, sin yo ser consciente, sin darme cuenta.<\/p>\n<p align=\"JUSTIFY\"><b>Yo- <\/b>Muy interesante. Y una vez que empezaste a bailar, \u00bfPuede decir que encontraste alg\u00fan nivel de resistencia o de oposici\u00f3n, ya sea por parte de la familia o incluso por otra gente del mundo del flamenco, que te dijera que no estabas hecha para eso o que no era la mejor carrera para ti o algo por el estilo?<\/p>\n<p align=\"JUSTIFY\"><b>Isabel- <\/b>No, todo lo contrario. Todo lo contrario. No s\u00e9 c\u00f3mo decir, mi madre, tu abuela, la abuela y el abuelo me apoyaron desde siempre, desde el minuto uno. Porque ya te digo que la abuela fue la que vio estas capacidades y lo foment\u00f3 y lo apoy\u00f3. Y el abuelo igual y me llevaron y quer\u00edan que yo aprendiese de manera m\u00e1s formal porque ella intuy\u00f3 que pod\u00eda dedicarme a eso. Yo creo que no hay otra profesi\u00f3n en la que yo me haya podido desarrollar mejor que en esta. Esta era mi profesi\u00f3n, esta era la que yo ten\u00eda que hacer en esta vida y eso lo foment\u00f3 mi familia, mis hermanos tambi\u00e9n y la gente del flamenco que entonces me conoci\u00f3 eran profesionales, eran artistas de alt\u00edsimo nivel, te puedo hablar de Antonio Mairena, de Chano Lobato, de Matilde Coral que era mi profesora y todos ellos me apoyaron porque cre\u00edan ver que algo se pod\u00eda sacar.<\/p>\n<p align=\"JUSTIFY\"><b>Yo- <\/b>Y yo puedo dar fe de que no se equivocaron.<\/p>\n<p align=\"JUSTIFY\"><b>Isabel- <\/b>Bueno, t\u00fa eres mi sobrino y me quieres.<\/p>\n<p align=\"JUSTIFY\"><b>Yo- <\/b>Pero tambi\u00e9n tengo ojos. Y dime, a partir de esto \u00bfPuedes contarme qu\u00e9 sentiste esas primeras veces que te subiste al escenario al inicio de tu carrera, si es que puede recordarlo?<\/p>\n<p align=\"JUSTIFY\"><b>Isabel- <\/b>Mira, yo s\u00e9, lo \u00fanico que s\u00e9 es que era algo que yo deseaba siempre hacer, era lo \u00fanico que. Lo que m\u00e1s me gustaba hacer, era casi como. No, casi no era un juego para m\u00ed porque yo me divert\u00eda haciendo eso, yo me divert\u00eda yendo a la escuela de Matilde a aprender, deseaba que el abuelo viniera por m\u00ed al cole y me llevara a la academia y me encantaba ir a todos los sitios donde iba a bailar, a pe\u00f1as, festivales, a teatro y era muy peque\u00f1a, seis, siete, ocho, nueve a\u00f1os, que pod\u00eda tambi\u00e9n no haber sido algo porque el flamenco en aquella \u00e9poca y ahora se hace de noche, pero yo nunca sent\u00ed, nunca sent\u00ed que no quisiera estar donde estaba ni hacer lo que estaba haciendo, era un divertimento para m\u00ed y era un. Me encantaba hacerlo, o sea, eso es los primeros recuerdos que yo tengo del baile y luego a posteriori pues es mi pasi\u00f3n, ha sido siempre mi pasi\u00f3n, soy una afortunada porque me he dedicado y me dedico a lo que m\u00e1s me gusta en el mundo y vivo de ello y e vivido de ello, o sea que todo ello.<\/p>\n<p align=\"JUSTIFY\"><b>Yo-<\/b> Bueno, y ya pasando a tu presente con la pedazo de carrera que has tenido y que tienes, teniendo en cuenta aparte de los numerosos premios y galardones que has tenido a lo largo de tu carrera, \u00bfQu\u00e9 dir\u00edas t\u00fa que ha sido lo m\u00e1s importante o significativo que a nivel personal te ha tra\u00eddo tu carrera a tu vida?<\/p>\n<p align=\"JUSTIFY\"><b>Isabel- <\/b>A nivel profesional, \u00bfNo?<\/p>\n<p align=\"JUSTIFY\"><b>Yo-<\/b> Y a nivel personal o lo que a ti te haya sido m\u00e1s significativo.<\/p>\n<p align=\"JUSTIFY\">Isabel- Para m\u00ed, aparte de los premios y galardones, como t\u00fa dices, que siempre son bienvenidos y que te hacen sentir de alguna forma que est\u00e1s haciendo algo bien y te ayudan un poquito a seguir adelante.<\/p>\n<p align=\"JUSTIFY\"><b>Yo- <\/b>El reconocimiento por tu esfuerzo.<\/p>\n<p align=\"JUSTIFY\"><b>Isabel- <\/b>Claro. Pues algunos de esos premios me han marcado, pero sin duda mi familia, mis padres y mi marido Jes\u00fas, que tambi\u00e9n es m\u00fasico, como ya sabes, y eso es lo m\u00e1s importante para m\u00ed, el trabajo y mi carrera han sido muy importante y es muy importante, pero las personas que est\u00e1n al lado m\u00eda y que me han apoyado, eso es lo que m\u00e1s me ha marcado a nivel personal en mi vida, que son mi madre, mi padre, mi familia en general y Jes\u00fas mi marido.<\/p>\n<p align=\"JUSTIFY\"><b>Yo- <\/b>Ahora te voy a preguntar algo desde un punto de vista m\u00e1s profesional. Primeramente quer\u00eda saber \u00bfcu\u00e1l, desde tu perspectiva, dir\u00edas que es el valor del flamenco como un elemento de patrimonio cultural andaluz, ya sea a nivel nacional o incluso internacional?<\/p>\n<p align=\"JUSTIFY\"><b>Isabel- <\/b>Pues, el flamenco tiene un valor que va mucho m\u00e1s all\u00e1 de una m\u00fasica o un g\u00e9nero musical solo. El flamenco conecta con las personas en lo m\u00e1s esencial, tiene ese poder, ya sea porque es una m\u00fasica de ra\u00edz, de mezcolanza de diferentes culturas que est\u00e1n arraigadas y que no se sabe muy bien, no se sabe qu\u00e9 cultura ha podido aportar m\u00e1s en este arte. Y esto ya sabemos que es Patrimonio de la Humanidad por la UNESCO en 2010, y es que llega a todo el mundo, no solo en Andaluc\u00eda ni en Espa\u00f1a, sino yo lo he comprobado a nivel mundial, que adem\u00e1s est\u00e1 reconocido, pero yo creo que a veces incluso m\u00e1s en el extranjero, o sea, en los pa\u00edses que no son Espa\u00f1a est\u00e1 considerado incluso m\u00e1s que en nuestro pa\u00eds. Yo conozco a gente de todos los pa\u00edses, casi todos. En Jap\u00f3n hay una comunidad de flamenco inmensa con una tradici\u00f3n flamenca de hace cuarenta, cincuenta a\u00f1os atr\u00e1s. Y m\u00e1s, y m\u00e1s, porque hay gente all\u00ed que son maestros incluso ya de flamenco en Italia, en Francia, en Latinoam\u00e9rica, en Estados Unidos, en todas partes del mundo. El flamenco es algo muy, muy considerado, muy valorado y que llega a nivel emocional, conecta muy bien con las personas, con la emoci\u00f3n, que al final la emoci\u00f3n es algo que tenemos todos y el flamenco conecta muy bien con ese sitio interno de cada persona.<\/p>\n<p align=\"JUSTIFY\"><b>Yo- <\/b>Resuena mucho con el alma y con el coraz\u00f3n de las personas.<\/p>\n<p align=\"JUSTIFY\"><b>Isabel- <\/b>Perfectamente dicho, hijo.<\/p>\n<p align=\"JUSTIFY\"><b>Yo- <\/b>Ahora vamos con la \u00faltima preguntita que te voy a hacer en esta peque\u00f1a entrevista y eso que quiero saber c\u00f3mo alguien como t\u00fa, con una carrera tan extensa en el mundo del flamenco, \u00bfc\u00f3mo dir\u00edas que has visto cambiar a lo largo de los a\u00f1os el mundo del flamenco y cu\u00e1les son tus opiniones personales respecto a esos cambios, si los ves como algo positivo, algo negativo, si crees que no ha cambiado tanto?, \u00bfC\u00f3mo lo dir\u00edas t\u00fa?<\/p>\n<p align=\"JUSTIFY\"><b>Isabel- <\/b>Bueno, para empezar el flamenco siempre est\u00e1 cambiando, siempre est\u00e1 evolucionando porque es un arte vivo y se deja impregnar de las circunstancias socioculturales. Digamos que siempre desde los inicios siempre ha habido una queja o un miedo de que el flamenco se est\u00e1 perdiendo, se hiciera un concurso para poderlo de alguna manera ponerle, encasillarlo, ponerle pautas, pero el flamenco es un arte tan vivo, tan libre que no se deja coartar, no se deja poner l\u00edmites. Entonces yo desde mi perspectiva, que ya son 50 a\u00f1os de carrera en las que he estado activa y que siempre me ha gustado, me considero una artista abierta, no me cerraba a la \u00e9poca. He visto evolucionar porque yo empec\u00e9 muy peque\u00f1a, entonces estuve con una serie de artistas que en ese momento eran top y luego he visto como varias generaciones a lo largo de mi carrera, y s\u00ed que lo he visto evolucionar, unas veces bajo mi punto de vista, para bien en cuanto a la t\u00e9cnica, en cuanto a conocimientos, sobre todo t\u00e9cnicos, ha evolucionado una barbaridad, pero tambi\u00e9n ha evolucionado evidentemente porque as\u00ed tiene que ser y porque no puede ser de otra forma ha cambiado en otros aspectos, sobre todo en el aspecto emocional y en el aspecto en cuanto a personalidad. Antes para m\u00ed entender el flamenco era mucho m\u00e1s personal, cada artista ten\u00eda un sello muy profundo y muy caracter\u00edstico.<\/p>\n<p align=\"JUSTIFY\"><b>Yo- <\/b>\u00bfDir\u00edas t\u00fa entonces que se ha comercializado o masificado el flamenco en ese sentido para que se consuma m\u00e1s, por as\u00ed decirlo?<\/p>\n<p align=\"JUSTIFY\"><b>Isabel-<\/b> No creo que sea en ese sentido, yo creo que tiene mucho que ver con las tecnolog\u00edas y con Internet. Se est\u00e1 aprendiendo de otra forma el flamenco, yo creo que pasa en todos los \u00e1mbitos, se est\u00e1 aprendiendo de otra forma. Lo tenemos mucho m\u00e1s al alcance de la mano y de la vista.<\/p>\n<p align=\"JUSTIFY\"><b>Yo- <\/b>Claro que antes alguien iba a una academia y tal.<\/p>\n<p align=\"JUSTIFY\">Isabel- Ten\u00edas que ir a buscarlo y hora en un tutorial de YouTube en cualquier momento y t\u00fa eliges adem\u00e1s lo que quieres ver y encima tampoco eliges mucho tambi\u00e9n porque tambi\u00e9n te dan.<\/p>\n<p align=\"JUSTIFY\"><b>Yo- <\/b>Los algoritmos.<\/p>\n<p align=\"JUSTIFY\"><b>Isabel- <\/b>Exactamente. Entonces te lo aprendes. Hay gente que se lo aprende de un v\u00eddeo, se lo pone una y otra vez, una y otra vez, una y otra vez. Antes ten\u00edas que ir a Manuela Carrasco, uno de los referentes, pues si t\u00fa quer\u00edas ver a Manuela Carrasco ten\u00edas que ir a verla en directo y adem\u00e1s no pod\u00edas, ese era el momento, solo ten\u00edas ese momento para verla y para inspirarte. Entonces te quedaba, te ibas al estudio t\u00fa a bailar y a prepararte tu baile. Pero de Manuela solo ten\u00eda su inspiraci\u00f3n porque era imposible copiar nada ni nada en ese momento era un momento que solo exist\u00eda era en directo y t\u00fa ten\u00edas que ir a ver y era como una inspiraci\u00f3n y con esa inspiraci\u00f3n t\u00fa ibas creando tu mundo y tu forma de tu lenguaje. Pero ahora no ocurre eso, ahora no tienes por qu\u00e9 ni siquiera ir, lo tienes en un aparato que eso lo ves una y otra vez. Antes era mucho m\u00e1s intuitivo, mucho m\u00e1s de tripas, sin pensarlo.<\/p>\n<p align=\"JUSTIFY\"><b>Yo- <\/b>Mucho m\u00e1s personal, Interior por as\u00ed decirlo, que ven\u00eda de dentro.<\/p>\n<p align=\"JUSTIFY\"><b>Isabel-<\/b> M\u00e1s espont\u00e1neo y ahora est\u00e1 como mucho m\u00e1s pensado, mucho m\u00e1s.<\/p>\n<p align=\"JUSTIFY\"><b>Yo-<\/b> Sistematizado para.<\/p>\n<p align=\"JUSTIFY\"><b>Isabel- <\/b>Se queda como un poco m\u00e1s a veces, otras veces no, pero la generalidad hay por ah\u00ed un ambiente que se queda un poco m\u00e1s fr\u00edo, menos personal, m\u00e1s en la misma l\u00ednea.<\/p>\n<p align=\"JUSTIFY\"><b>Yo- <\/b>Como que ya no hay ese sentimiento de originalidad, personalidad dentro de cada estilo.<\/p>\n<p align=\"JUSTIFY\"><b>Isabel-<\/b> Tambi\u00e9n es cierto que los tiempos han cambiado y las necesidades han cambiado. Antes hab\u00eda unas necesidades que te hac\u00edan sentir de una forma, ahora vivimos de otra forma y sentimos de otra forma. Las generaciones van cambiando y su manera de sentir en cierta forma tambi\u00e9n. Entonces todo influye porque el flamenco es eso al fin y al cabo, es una manera de sentir.<\/p>\n<p align=\"JUSTIFY\"><b>Yo- <\/b>Muy interesante la perspectiva que nos ha dado Isabel Y bueno, con esto hemos terminado nuestra peque\u00f1a entrevista. Muchas gracias de nuevo a mi t\u00eda Isabel por darnos la oportunidad de escuchar sus opiniones y sus experiencias personales sobre el mundo del flamenco y el flamenco y lo que significa tanto para ella como su opini\u00f3n de lo que significa el flamenco para el mundo en general. Y de nuevo muchas gracias por esta oportunidad.<\/p>\n<p align=\"JUSTIFY\"><b>Isabel- <\/b>Gracias a ti cari\u00f1o, para m\u00ed es un honor que t\u00fa me hayas invitado a esta entrevista y espero que hay\u00e1is aprendido algo.<\/p>\n<p align=\"JUSTIFY\"><b>Yo- <\/b>Seguro que s\u00ed.<\/p>\n<p align=\"JUSTIFY\">\n<p><span style=\"font-family: Times New Roman, serif\"><span style=\"font-size: large\"><u><b>Fuentes im\u00e1genes<\/b><\/u><\/span><\/span><\/p>\n<p><span style=\"font-family: Times New Roman, serif\">&#8211; Alejandro Espadero, DeFlamenco. 2013. \u201cInterview Isabel Bay\u00f3n.\u201d Revista DeFlamenco.com.<br \/>\nDeFlamenco.com. December 10, 2013. https:\/\/www.deflamenco.com\/revista\/entrevistas\/interview-<br \/>\nisabel-bayon-1.html. <\/span><\/p>\n","protected":false},"excerpt":{"rendered":"<p>\u00a1Hola coloraos y coloras! Como dije en la parte 1 aqu\u00ed os traigo la entrevista a la bailaora Isabel Bay\u00f3n donde vamos a poder conocer una faceta m\u00e1s personal de la artista y de su visi\u00f3n sobre el flamenco en sus diferentes aspectos. Espero que os guste tanto como para m\u00ed fue el hacerla: &nbsp; [&hellip;]<\/p>\n","protected":false},"author":170,"featured_media":11088,"comment_status":"open","ping_status":"open","sticky":false,"template":"","format":"standard","meta":{"_acf_changed":false,"_monsterinsights_skip_tracking":false,"_monsterinsights_sitenote_active":false,"_monsterinsights_sitenote_note":"","_monsterinsights_sitenote_category":0,"footnotes":""},"categories":[45,137,186,1110,171,23,309,136,301],"tags":[55,128,99,89,53,346,332],"class_list":["post-11121","post","type-post","status-publish","format-standard","has-post-thumbnail","hentry","category-boletin-colorao","category-entrevistas","category-literatura-musica","category-noticias","category-opinion","category-patrimonio-vivo","category-provincias","category-reportajes","category-sevilla","tag-andalucia","tag-artistas","tag-cultura","tag-flamenco","tag-musica","tag-patrimoniocultural","tag-sevilla-cultura"],"blocksy_meta":[],"acf":[],"jetpack_featured_media_url":"https:\/\/www.upo.es\/patio-colorado\/wp-content\/uploads\/2026\/04\/image__isabel_bayon_2_6277292125493675662.jpg","_links":{"self":[{"href":"https:\/\/www.upo.es\/patio-colorado\/wp-json\/wp\/v2\/posts\/11121","targetHints":{"allow":["GET"]}}],"collection":[{"href":"https:\/\/www.upo.es\/patio-colorado\/wp-json\/wp\/v2\/posts"}],"about":[{"href":"https:\/\/www.upo.es\/patio-colorado\/wp-json\/wp\/v2\/types\/post"}],"author":[{"embeddable":true,"href":"https:\/\/www.upo.es\/patio-colorado\/wp-json\/wp\/v2\/users\/170"}],"replies":[{"embeddable":true,"href":"https:\/\/www.upo.es\/patio-colorado\/wp-json\/wp\/v2\/comments?post=11121"}],"version-history":[{"count":2,"href":"https:\/\/www.upo.es\/patio-colorado\/wp-json\/wp\/v2\/posts\/11121\/revisions"}],"predecessor-version":[{"id":11163,"href":"https:\/\/www.upo.es\/patio-colorado\/wp-json\/wp\/v2\/posts\/11121\/revisions\/11163"}],"wp:featuredmedia":[{"embeddable":true,"href":"https:\/\/www.upo.es\/patio-colorado\/wp-json\/wp\/v2\/media\/11088"}],"wp:attachment":[{"href":"https:\/\/www.upo.es\/patio-colorado\/wp-json\/wp\/v2\/media?parent=11121"}],"wp:term":[{"taxonomy":"category","embeddable":true,"href":"https:\/\/www.upo.es\/patio-colorado\/wp-json\/wp\/v2\/categories?post=11121"},{"taxonomy":"post_tag","embeddable":true,"href":"https:\/\/www.upo.es\/patio-colorado\/wp-json\/wp\/v2\/tags?post=11121"}],"curies":[{"name":"wp","href":"https:\/\/api.w.org\/{rel}","templated":true}]}}