{"id":11124,"date":"2026-04-24T16:44:03","date_gmt":"2026-04-24T16:44:03","guid":{"rendered":"https:\/\/www.upo.es\/patio-colorado\/?p=11124"},"modified":"2026-04-24T16:44:03","modified_gmt":"2026-04-24T16:44:03","slug":"40-anos-de-proteccion-del-patrimonio-cultural-de-andalucia-la-muestra-que-pone-el-foco-en-la-tutela-y-la-conservacion-de-los-bienes-andaluces","status":"publish","type":"post","link":"https:\/\/www.upo.es\/patio-colorado\/2026\/04\/24\/40-anos-de-proteccion-del-patrimonio-cultural-de-andalucia-la-muestra-que-pone-el-foco-en-la-tutela-y-la-conservacion-de-los-bienes-andaluces\/","title":{"rendered":"40 a\u00f1os de protecci\u00f3n del Patrimonio Cultural de Andaluc\u00eda: la muestra que pone el foco en la tutela y la conservaci\u00f3n de los bienes andaluces"},"content":{"rendered":"<p>\u00a1Hola a todos, coloraos y color\u00e1s! Hoy os voy a contar de una exposici\u00f3n que podr\u00eda ser interesante para quienes se preocupan por el patrimonio de nuestro planeta y, en particular, para los andaluces, porque se trata de una muestra sobre el Patrimonio Cultural de Andaluc\u00eda.<\/p>\n<p>De hecho, esta exposici\u00f3n ha sido creada para celebrar los 40 a\u00f1os de protecci\u00f3n de este Patrimonio, conmemorando las cuatro dec\u00e1das de actividad en la conservaci\u00f3n, la tutela y la difusi\u00f3n del mismo, realizada por la comunidad aut\u00f3noma, que se podr\u00e1 visitar hasta el 4 de mayo en el <strong>Archivo Hist\u00f3rico Provincial de Sevilla<\/strong>.<\/p>\n<p>En particular, la exhibici\u00f3n est\u00e1 compuesta por una revisi\u00f3n de 40 bienes andaluces de diversa entidad, incluyendo algunos reconocidos como Patrimonio Mundial o Patrimonio Cultural de la Humanidad por la Unesco, por ejemplo la Alhambra en Granada y el Alc\u00e1zar de Sevilla, pero tambi\u00e9n expresiones como el flamenco o la fiesta de los Patios de C\u00f3rdoba. Todos estos se presentan a trav\u00e9s de documentos, im\u00e1genes y piezas representativas, y adem\u00e1s han sido realizados la proyecci\u00f3n de un v\u00eddeo que resume la actividad de la Consejer\u00eda de Cultura y Deporte y un folleto pedag\u00f3gico con el objetivo de difundir los principales aspectos del Cat\u00e1logo General del Patrimonio Hist\u00f3rico.<\/p>\n<p>Un ejemplo que destaca en la muestra es la f\u00e1brica de vidrio de La Trinidad de Sevilla, declarada como Patrimonio Industrial, que desde 2018 est\u00e1 en las manos de el Ayuntamiento de Sevilla para rehabilitarla, pero hay muchos otros bienes protegidos, como la procesi\u00f3n en la romer\u00eda de la Virgen de la Cabenza en Anduj\u00e1r, que es la romer\u00eda m\u00e1s antigua de Espa\u00f1a y que expone multidud de valores diversos y complementarios y que por eso ha sido inscribida en el Cat\u00e1logo General del Patrimonio Hist\u00f3rico Andaluz, como Bien de Inter\u00e9s Cultural.<\/p>\n<p>Instaurada por la <strong>Direcci\u00f3n General de Patrimonio Hist\u00f3rico<\/strong>, la muestra nos permite ver c\u00f3mo se ha preservado y valorado las riquezas hist\u00f3ricas de Andaluc\u00eda durante los \u00faltimos cuarenta a\u00f1os, d\u00e1ndonos la posibilidad de comprender estos bienes desde un punto de vista diferente, o sea el del trabajo institucional, t\u00e9cnico y humano, sin el cual el patrimonio no podr\u00eda haberse transmitido de generaci\u00f3n en generaci\u00f3n.<\/p>\n<p>Como dicho antes, la particularidad de esta exposici\u00f3n es que no solo hay referencias a monumentos y edificios hist\u00f3ricos, sino tambi\u00e9n a obras de artes, escritos, conjuntos arqueol\u00f3gicos, paisajes culturales y manifestaciones del patrimonio inmaterial, que nos permiten entender que el patrimonio no es \u00fanicamente aquello de las grandes obras que conocemos, y que nos pone en la posici\u00f3n de ver como ha evolucionado esta protecci\u00f3n.<\/p>\n<p>As\u00ed que al final, esta muestra tiene el fin de valorar el patrimonio andaluz y de esforzarse para conservarlo, invitando a reflexionar sobre su futuro.<\/p>\n<p>La de Sevilla no ser\u00e1 la \u00fanica oportunidad para ir a visitarla, sino que transitar\u00e1 por varias provincias andaluzas a lo largo de 2026 y acabar\u00e1 en la Alhambra en los primeros meses de 2027.<\/p>\n<p>\u00a1As\u00ed que no lo perd\u00e1is!<\/p>\n<p>&nbsp;<\/p>\n<p>BIBLIOGRAF\u00cdA<\/p>\n<ul>\n<li>Junta de Andaluc\u00eda <a href=\"https:\/\/www.juntadeandalucia.es\/organismos\/culturaydeporte\/servicios\/actualidad\/noticias\/detalle\/650179.html\">https:\/\/www.juntadeandalucia.es\/organismos\/culturaydeporte\/servicios\/actualidad\/noticias\/detalle\/650179.html<\/a><\/li>\n<li>Agenda de Sevilla <a href=\"https:\/\/www.agendadesevilla.com\/40-anos-de-proteccion-del-patrimonio-cultural-de-andalucia\/\">https:\/\/www.agendadesevilla.com\/40-anos-de-proteccion-del-patrimonio-cultural-de-andalucia\/<\/a><\/li>\n<li>Sevilla Buenas Noticias <a href=\"https:\/\/sevillabuenasnoticias.com\/sevilla-acoge-40-anos-de-patrimonio-andaluz\/\">https:\/\/sevillabuenasnoticias.com\/sevilla-acoge-40-anos-de-patrimonio-andaluz\/<\/a><\/li>\n<li><a href=\"https:\/\/virgendelacabeza.net\/bien-de-interes-cultural\/\">https:\/\/virgendelacabeza.net\/bien-de-interes-cultural\/<\/a><\/li>\n<\/ul>\n","protected":false},"excerpt":{"rendered":"<p>\u00a1Hola a todos, coloraos y color\u00e1s! Hoy os voy a contar de una exposici\u00f3n que podr\u00eda ser interesante para quienes se preocupan por el patrimonio de nuestro planeta y, en particular, para los andaluces, porque se trata de una muestra sobre el Patrimonio Cultural de Andaluc\u00eda. De hecho, esta exposici\u00f3n ha sido creada para celebrar [&hellip;]<\/p>\n","protected":false},"author":186,"featured_media":11125,"comment_status":"open","ping_status":"open","sticky":false,"template":"","format":"standard","meta":{"_acf_changed":false,"_monsterinsights_skip_tracking":false,"_monsterinsights_sitenote_active":false,"_monsterinsights_sitenote_note":"","_monsterinsights_sitenote_category":0,"footnotes":""},"categories":[45,1,12,1110,44,301],"tags":[],"class_list":["post-11124","post","type-post","status-publish","format-standard","has-post-thumbnail","hentry","category-boletin-colorao","category-sin-categoria","category-eventos","category-noticias","category-patrimonio","category-sevilla"],"blocksy_meta":[],"acf":[],"jetpack_featured_media_url":"https:\/\/www.upo.es\/patio-colorado\/wp-content\/uploads\/2026\/04\/Foto-entrada-5.jpg","_links":{"self":[{"href":"https:\/\/www.upo.es\/patio-colorado\/wp-json\/wp\/v2\/posts\/11124","targetHints":{"allow":["GET"]}}],"collection":[{"href":"https:\/\/www.upo.es\/patio-colorado\/wp-json\/wp\/v2\/posts"}],"about":[{"href":"https:\/\/www.upo.es\/patio-colorado\/wp-json\/wp\/v2\/types\/post"}],"author":[{"embeddable":true,"href":"https:\/\/www.upo.es\/patio-colorado\/wp-json\/wp\/v2\/users\/186"}],"replies":[{"embeddable":true,"href":"https:\/\/www.upo.es\/patio-colorado\/wp-json\/wp\/v2\/comments?post=11124"}],"version-history":[{"count":2,"href":"https:\/\/www.upo.es\/patio-colorado\/wp-json\/wp\/v2\/posts\/11124\/revisions"}],"predecessor-version":[{"id":11127,"href":"https:\/\/www.upo.es\/patio-colorado\/wp-json\/wp\/v2\/posts\/11124\/revisions\/11127"}],"wp:featuredmedia":[{"embeddable":true,"href":"https:\/\/www.upo.es\/patio-colorado\/wp-json\/wp\/v2\/media\/11125"}],"wp:attachment":[{"href":"https:\/\/www.upo.es\/patio-colorado\/wp-json\/wp\/v2\/media?parent=11124"}],"wp:term":[{"taxonomy":"category","embeddable":true,"href":"https:\/\/www.upo.es\/patio-colorado\/wp-json\/wp\/v2\/categories?post=11124"},{"taxonomy":"post_tag","embeddable":true,"href":"https:\/\/www.upo.es\/patio-colorado\/wp-json\/wp\/v2\/tags?post=11124"}],"curies":[{"name":"wp","href":"https:\/\/api.w.org\/{rel}","templated":true}]}}