{"id":11128,"date":"2026-04-25T18:09:35","date_gmt":"2026-04-25T18:09:35","guid":{"rendered":"https:\/\/www.upo.es\/patio-colorado\/?p=11128"},"modified":"2026-04-25T21:42:08","modified_gmt":"2026-04-25T21:42:08","slug":"crisis-del-patrimonio-en-la-academia-de-bellas-artes-de-cadiz","status":"publish","type":"post","link":"https:\/\/www.upo.es\/patio-colorado\/2026\/04\/25\/crisis-del-patrimonio-en-la-academia-de-bellas-artes-de-cadiz\/","title":{"rendered":"Crisis del patrimonio en la Academia de Bellas Artes de C\u00e1diz"},"content":{"rendered":"<p align=\"JUSTIFY\"><span style=\"font-family: Times New Roman, serif\"><span style=\"font-size: large\"><b>\u00a1Hola coloraos y coloras!<\/b><\/span><\/span><\/p>\n<p align=\"JUSTIFY\"><span style=\"font-family: Times New Roman, serif\"><span style=\"font-size: medium\">Hoy quiero contarles como en el centro de C\u00e1diz, una instituci\u00f3n de m\u00e1s de doscientos a\u00f1os de historia permanece en silencio fundacional. La Academia de Bellas Artes de C\u00e1diz, instituci\u00f3n cultural de las importantes de la ciudad, no ha podido realizar al completo sus actividades desde hace ocho a\u00f1os. No debido a la voluntad del propio centro, sino al hecho de que existe un problema, real y preocupante, el deterioro del propio edificio.<\/span><\/span><\/p>\n<p align=\"JUSTIFY\"><span style=\"font-family: Times New Roman, serif\"><span style=\"font-size: medium\">Desde 2018, cuando se detect\u00f3 el peligro del derrumbe del edificio hist\u00f3rico que alberga a la Academia desde el siglo XIX, la colecci\u00f3n fuera empaquetada y llevada r\u00e1pidamente a un lugar seguro. All\u00ed permanece desde entonces: en estado de salvaguarda, s\u00ed, pero tambi\u00e9n de inaccesibilidad.<\/span><\/span><\/p>\n<p align=\"JUSTIFY\"><span style=\"font-family: Times New Roman, serif\"><span style=\"font-size: medium\">Nos referimos a un patrimonio que abarca un periodo hist\u00f3rico que va desde el siglo XVIII hasta el siglo XX, una colecci\u00f3n que atesora libros muy raros, escultura en yeso, pintura, muebles de \u00e9poca y hasta frescos. Entre las obras m\u00e1s importantes se encuentran copias de esculturas de la antig\u00fcedad cl\u00e1sica que se pidieron en Roma durante el siglo XVIII y una serie de arte contempor\u00e1neo datada en 1966 en homenaje al poeta Rafael Alberti.<\/span><\/span><\/p>\n<p align=\"JUSTIFY\"><span style=\"font-family: Times New Roman, serif\"><span style=\"font-size: medium\">Estas obras han sido un componente indispensable del pulso cultural de la ciudad desde hace muchos a\u00f1os. Hoy, sin embargo, est\u00e1n fuera del alcance tanto de investigadores como del p\u00fablico general.<\/span><\/span><\/p>\n<figure id=\"attachment_11133\" aria-describedby=\"caption-attachment-11133\" style=\"width: 300px\" class=\"wp-caption alignleft\"><img loading=\"lazy\" decoding=\"async\" class=\"wp-image-11133 size-medium\" src=\"https:\/\/www.upo.es\/patio-colorado\/wp-content\/uploads\/2026\/04\/a69a325001bb8b13_20260416_050300-780x470.jpg-300x181.jpg\" alt=\"\" width=\"300\" height=\"181\" srcset=\"https:\/\/www.upo.es\/patio-colorado\/wp-content\/uploads\/2026\/04\/a69a325001bb8b13_20260416_050300-780x470.jpg-300x181.jpg 300w, https:\/\/www.upo.es\/patio-colorado\/wp-content\/uploads\/2026\/04\/a69a325001bb8b13_20260416_050300-780x470.jpg-768x463.jpg 768w, https:\/\/www.upo.es\/patio-colorado\/wp-content\/uploads\/2026\/04\/a69a325001bb8b13_20260416_050300-780x470.jpg.jpg 780w\" sizes=\"auto, (max-width: 300px) 100vw, 300px\" \/><figcaption id=\"caption-attachment-11133\" class=\"wp-caption-text\">Esculturas almacenadas en la sede de la Real Academia Provincial de Bellas Art\u00e9s de C\u00e1diz, actualmente cerrada.<\/figcaption><\/figure>\n<p align=\"JUSTIFY\"><span style=\"font-family: Times New Roman, serif\"><span style=\"font-size: medium\">El traslado temporal propuesto por el Ayuntamiento -y que no estuvo disponible hasta el 2024- no ha podido mejorar la situaci\u00f3n, solo permite guardar y aislar las piezas, que no puede ser vistas ni exhibirlas. La actividad acad\u00e9mica y educativa ha sido muy restringida, obligando a la instituci\u00f3n a denegar el acceso a sus propios fondos. <\/span><\/span><\/p>\n<p align=\"JUSTIFY\"><span style=\"font-family: Times New Roman, serif\"><span style=\"font-size: medium\">Mientras tanto, el edificio original sigue esperando una rehabilitaci\u00f3n total. El Ministerio de Cultura ha invertido recientemente en la reparaci\u00f3n, por cuanto ha ejecutado una peque\u00f1a obra de la reparaci\u00f3n de la cubierta, pero el proyecto total no ha avanzado a\u00fan. Las entidades responsables -local, auton\u00f3mica y estatal- no han podido encontrar la manera de trabajar juntas, llegando a un acuerdo sobre cu\u00e1l debe encabezar la actuaci\u00f3n o qui\u00e9n ha de soportar el costo.<\/span><\/span><\/p>\n<p align=\"JUSTIFY\"><span style=\"font-family: Times New Roman, serif\"><span style=\"font-size: medium\">La historia de la Academia guarda una estrecha vinculaci\u00f3n con el desarrollo cultural de la ciudad de C\u00e1diz. Desde que se traslad\u00f3 en 1838 a la antigua Escuela de Artes, este edificio ha sido testigo de una sucesi\u00f3n de distintas generaciones de artistas e intelectuales. Una parte del complejo dio origen al Museo de C\u00e1diz, aunque el resto no ha logrado ser rehabilitado del todo, y el proyecto de expansi\u00f3n del museo lleva m\u00e1s de tres d\u00e9cadas de discusi\u00f3n y todav\u00eda no ha sido acordado. Mientras tanto, el tiempo sigue pasando factura.<\/span><\/span><\/p>\n<p align=\"JUSTIFY\"><span style=\"font-family: Times New Roman, serif\"><span style=\"font-size: medium\">Lo que sucede en la ciudad de C\u00e1diz no es un caso aislado. En distintas ciudades de Espa\u00f1a, los proyectos de rehabilitaci\u00f3n cultural est\u00e1n padeciendo problemas an\u00e1logos en cuanto a los plazos. En Madrid y en Barcelona, por ejemplo, existen diversas iniciativas que quedan paradas por problemas con papeles y la falta de coordinaci\u00f3n de las distintas administraciones, y el resultado es siempre el mismo: el patrimonio queda inaccesible, los espacios se quedan vac\u00edos, y la ciudadan\u00eda pierde el contacto con su historia.<\/span><\/span><\/p>\n<p align=\"JUSTIFY\"><span style=\"font-family: Times New Roman, serif\">La situaci\u00f3n de la Academia de Bellas Artes de C\u00e1diz es, en esencia, una llamada de atenci\u00f3n. No solo por lo que representa para la ciudad, sino por lo que revela sobre la gesti\u00f3n del patrimonio cultural en Espa\u00f1a. Porque conservar no es solo guardar: es tambi\u00e9n mostrar, investigar y compartir. Y mientras las obras sigan encerradas en cajas, una parte de la memoria colectiva seguir\u00e1, tambi\u00e9n, en pausa.<\/span><\/p>\n<p align=\"JUSTIFY\">\n<p align=\"JUSTIFY\"><span style=\"font-family: Times New Roman, serif\"><span style=\"font-size: large\"><u><b>Fuentes im\u00e1genes<\/b><\/u><\/span><\/span><\/p>\n<p align=\"JUSTIFY\"><span style=\"font-family: Times New Roman, serif\"><span style=\"font-size: medium\"><span style=\"color: #000000\">&#8211; Admin. 2025. \u201cLa Academia de Bellas Artes Santa Cecilia Defiende Su Legado Y El Futuro Cultural de El Puerto. &#8211; Academia de Bellas Artes Santa Cecilia.\u201d Academia de Bellas Artes Santa Cecilia. 11 diciembre, 2025. https:\/\/bellasartessantacecilia.org\/la-academia-de-bellas-artes-santa-cecilia-defiende-su-legado\/.<\/span><\/span><\/span><\/p>\n<p align=\"JUSTIFY\"><span style=\"font-family: Times New Roman, serif\">&#8211; <span style=\"color: #000000\">Ruso, Fernando<\/span><span style=\"color: #000000\"><span style=\"font-size: medium\">. 2026. \u201cLas Bellas Artes de C\u00e1diz Languidecen Entre Puntales de Obras.\u201d El Pa\u00eds. 16 abril, 2026. https:\/\/elpais.com\/cultura\/2026-04-16\/las-bellas-artes-de-cadiz-languidecen-entre-puntales-de-obras.html?<\/span><\/span><\/span><\/p>\n<p align=\"JUSTIFY\"><span style=\"font-family: Times New Roman, serif\"><span style=\"font-size: large\"><u><b>Fuentes bibliogr\u00e1ficas<\/b><\/u><\/span><\/span><\/p>\n<div>\n<p align=\"JUSTIFY\"><span style=\"color: #000000\"><span style=\"font-family: Times New Roman, serif\"><span style=\"font-size: medium\">&#8211; Ca\u00f1as, Jes\u00fas A. 2026. \u201cLas Bellas Artes de C\u00e1diz Languidecen Entre Puntales de Obras.\u201d El Pa\u00eds. 16 abril, 2026. https:\/\/elpais.com\/cultura\/2026-04-16\/las-bellas-artes-de-cadiz-languidecen-entre-puntales-de-obras.html? (Accedido: 24 de abril de 2026).<\/span><\/span><\/span><\/p>\n<\/div>\n","protected":false},"excerpt":{"rendered":"<p>\u00a1Hola coloraos y coloras! Hoy quiero contarles como en el centro de C\u00e1diz, una instituci\u00f3n de m\u00e1s de doscientos a\u00f1os de historia permanece en silencio fundacional. La Academia de Bellas Artes de C\u00e1diz, instituci\u00f3n cultural de las importantes de la ciudad, no ha podido realizar al completo sus actividades desde hace ocho a\u00f1os. No debido [&hellip;]<\/p>\n","protected":false},"author":170,"featured_media":0,"comment_status":"open","ping_status":"open","sticky":false,"template":"","format":"standard","meta":{"_acf_changed":false,"_monsterinsights_skip_tracking":false,"_monsterinsights_sitenote_active":false,"_monsterinsights_sitenote_note":"","_monsterinsights_sitenote_category":0,"footnotes":""},"categories":[45,302,1,24,46,403,168,1110,44,167,309,136],"tags":[80,55,99,178,346,300],"class_list":["post-11128","post","type-post","status-publish","format-standard","hentry","category-boletin-colorao","category-cadiz","category-sin-categoria","category-conservacion-y-restauracion","category-en-la-prensa","category-historias-y-mucho-mas","category-miscelanea","category-noticias","category-patrimonio","category-pintura-escultura","category-provincias","category-reportajes","tag-actualidad","tag-andalucia","tag-cultura","tag-museo","tag-patrimoniocultural","tag-cadiz"],"blocksy_meta":[],"acf":[],"jetpack_featured_media_url":"","_links":{"self":[{"href":"https:\/\/www.upo.es\/patio-colorado\/wp-json\/wp\/v2\/posts\/11128","targetHints":{"allow":["GET"]}}],"collection":[{"href":"https:\/\/www.upo.es\/patio-colorado\/wp-json\/wp\/v2\/posts"}],"about":[{"href":"https:\/\/www.upo.es\/patio-colorado\/wp-json\/wp\/v2\/types\/post"}],"author":[{"embeddable":true,"href":"https:\/\/www.upo.es\/patio-colorado\/wp-json\/wp\/v2\/users\/170"}],"replies":[{"embeddable":true,"href":"https:\/\/www.upo.es\/patio-colorado\/wp-json\/wp\/v2\/comments?post=11128"}],"version-history":[{"count":7,"href":"https:\/\/www.upo.es\/patio-colorado\/wp-json\/wp\/v2\/posts\/11128\/revisions"}],"predecessor-version":[{"id":11145,"href":"https:\/\/www.upo.es\/patio-colorado\/wp-json\/wp\/v2\/posts\/11128\/revisions\/11145"}],"wp:attachment":[{"href":"https:\/\/www.upo.es\/patio-colorado\/wp-json\/wp\/v2\/media?parent=11128"}],"wp:term":[{"taxonomy":"category","embeddable":true,"href":"https:\/\/www.upo.es\/patio-colorado\/wp-json\/wp\/v2\/categories?post=11128"},{"taxonomy":"post_tag","embeddable":true,"href":"https:\/\/www.upo.es\/patio-colorado\/wp-json\/wp\/v2\/tags?post=11128"}],"curies":[{"name":"wp","href":"https:\/\/api.w.org\/{rel}","templated":true}]}}