{"id":11146,"date":"2026-04-28T10:32:03","date_gmt":"2026-04-28T10:32:03","guid":{"rendered":"https:\/\/www.upo.es\/patio-colorado\/?p=11146"},"modified":"2026-04-28T10:32:03","modified_gmt":"2026-04-28T10:32:03","slug":"entrevista-exclusiva-a-jesus-torres-alhama-una-mirada-al-artista-detras-de-la-guitarra-parte-1","status":"publish","type":"post","link":"https:\/\/www.upo.es\/patio-colorado\/2026\/04\/28\/entrevista-exclusiva-a-jesus-torres-alhama-una-mirada-al-artista-detras-de-la-guitarra-parte-1\/","title":{"rendered":"\u00a1Entrevista exclusiva a Jes\u00fas Torres Alhama!, una mirada al artista detr\u00e1s de la guitarra. Parte 1"},"content":{"rendered":"<p align=\"JUSTIFY\"><span style=\"font-size: large\"><b>\u00a1Hola coloraos y coloras!<\/b><\/span><\/p>\n<p align=\"JUSTIFY\">En esta ocasi\u00f3n os traigo la primera parte de mi entrevista con el guitarrista y compositor de flamenco Jes\u00fas Torres Alhama (mi querido t\u00edo), en donde os dar\u00e9 una peque\u00f1a presentaci\u00f3n de su vida, su carrera y sus logros, para as\u00ed familiarizar a nuestros lectores que no est\u00e9n familiarizados con \u00e9l, de la misma forma que lo hice con la otra entrevista sobre Isabel Bay\u00f3n.<\/p>\n<p align=\"JUSTIFY\">El guitarrista Jes\u00fas Torres, nacido en Barakaldo en 1965, es alguien que ha construido una trayectoria profesional s\u00f3lida y discreta, pero fundamental dentro del flamenco contempor\u00e1neo. Especializado en el acompa\u00f1amiento al baile \u2014una de las disciplinas m\u00e1s exigentes y menos visibles del g\u00e9nero\u2014, su carrera es un ejemplo de aprendizaje constante, versatilidad y compromiso con la escena.<\/p>\n<p align=\"JUSTIFY\">Sus primeros pasos en la m\u00fasica comenzaron a los doce a\u00f1os, explorando estilos como la guitarra cl\u00e1sica y el rock. Sin embargo, su destino quedar\u00eda marcado cuando se traslad\u00f3 a Madrid, donde se sumergi\u00f3 de lleno en el arte del acompa\u00f1amiento al baile. All\u00ed es donde se formar\u00eda junto a grandes figuras como Manolete o Merche Esmeralda, al mismo tiempo que perfeccionar\u00eda su t\u00e9cnica con guitarristas de renombre como Rafael Riqueni. Y desde los a\u00f1os noventa, Torres se convertir\u00eda en un nombre habitual en compa\u00f1\u00edas y escenarios de prestigio. Un nombre que ha acompa\u00f1ado a figuras clave del baile como Antonio Gades y ha participado en giras internacionales que lo llevaron a escenarios tan emblem\u00e1ticos como el Royal Albert Hall o el Carnegie Hall.<\/p>\n<figure id=\"attachment_11148\" aria-describedby=\"caption-attachment-11148\" style=\"width: 269px\" class=\"wp-caption alignright\"><img loading=\"lazy\" decoding=\"async\" class=\"wp-image-11148\" src=\"https:\/\/www.upo.es\/patio-colorado\/wp-content\/uploads\/2026\/04\/Jesus-Torres.jpg\" alt=\"\" width=\"269\" height=\"184\" \/><figcaption id=\"caption-attachment-11148\" class=\"wp-caption-text\">Jes\u00fas Torres Alhama tocando en un rellano antes de una actuaci\u00f3n.<\/figcaption><\/figure>\n<p align=\"JUSTIFY\">Su carrera es una estrechamente ligada a algunos de los grandes nombres del flamenco contempor\u00e1neo, como Bel\u00e9n Maya, Isabel Bay\u00f3n o Rafaela Carrasco. Con las que ha desarrollado una faceta cada vez m\u00e1s relevante en su carrera: la de compositor, creando piezas que dialogan con el movimiento y enriquecen la narrativa esc\u00e9nica. Y su presencia y participaci\u00f3n habitual en citas imprescindibles como la Bienal de Flamenco de Sevilla o el Festival de Jerez, Torres han contribuido a algunos de los montajes m\u00e1s destacados de las \u00faltimas d\u00e9cadas. Entre ellos, <em>La puerta abierta<\/em>, obra de Isabel Bay\u00f3n cuya m\u00fasica \u2014firmada por \u00e9l\u2014 fue reconocida con el premio al mejor espect\u00e1culo en la Bienal sevillana.<\/p>\n<p align=\"JUSTIFY\">A lo largo de los a\u00f1os, su guitarra ha sonado en teatros de todo el mundo, acompa\u00f1ando tanto a figuras consagradas como a nuevas generaciones. Y en paralelo, fue cultivando su faceta m\u00e1s personal como compositor, que se cristaliz\u00f3 con el lanzamiento en 2007 de su primer trabajo discogr\u00e1fico, \u00ab<em>Viento del Norte\u00b4\u00b4<\/em>. Pero aun as\u00ed prefiriendo ser alguien lejos del protagonismo medi\u00e1tico, Jes\u00fas Torres es un artista que representa a una generaci\u00f3n de m\u00fasicos imprescindibles: aquellos que, desde el segundo plano del escenario, mantienen y elevan el arte del flamenco con sensibilidad, rigor y una profunda comprensi\u00f3n del di\u00e1logo entre m\u00fasica y baile.<\/p>\n<p align=\"JUSTIFY\"><span style=\"font-size: large\"><u><b>Fuentes im\u00e1genes<\/b><\/u><\/span><\/p>\n<p align=\"JUSTIFY\"><span style=\"font-family: Times New Roman, serif\"><span style=\"font-size: medium\"><span style=\"color: #000000\">&#8211; Admin. 2026. \u201cFlamenco Jes\u00fas Torres Vizcaya.\u201d Blogspot.com. April 26, 2026. https:\/\/flamencograna.blogspot.com\/2017\/03\/flamenco-jesus-torres-vizcaya.html.<\/span><\/span><\/span><\/p>\n<p align=\"JUSTIFY\"><span style=\"font-family: Times New Roman, serif\"><span style=\"font-size: medium\"><span style=\"color: #000000\">&#8211; \u201cJes\u00fas Torres Alhama (Compositor Musical).\u201d n.d. Accessed April 26, 2026. https:\/\/www.csdma.es\/pdf2025\/Jes%C3%BAs%20M%C2%AA%20Torres%20Alhama.pdf.<\/span><\/span><\/span><\/p>\n<p align=\"JUSTIFY\"><span style=\"font-size: large\"><u><b>Fuentes bibliogr\u00e1ficas<\/b><\/u><\/span><\/p>\n<p align=\"JUSTIFY\">Investigaci\u00f3n propia.<\/p>\n","protected":false},"excerpt":{"rendered":"<p>\u00a1Hola coloraos y coloras! En esta ocasi\u00f3n os traigo la primera parte de mi entrevista con el guitarrista y compositor de flamenco Jes\u00fas Torres Alhama (mi querido t\u00edo), en donde os dar\u00e9 una peque\u00f1a presentaci\u00f3n de su vida, su carrera y sus logros, para as\u00ed familiarizar a nuestros lectores que no est\u00e9n familiarizados con \u00e9l, [&hellip;]<\/p>\n","protected":false},"author":170,"featured_media":11149,"comment_status":"open","ping_status":"open","sticky":false,"template":"","format":"standard","meta":{"_acf_changed":false,"_monsterinsights_skip_tracking":false,"_monsterinsights_sitenote_active":false,"_monsterinsights_sitenote_note":"","_monsterinsights_sitenote_category":0,"footnotes":""},"categories":[1],"tags":[],"class_list":["post-11146","post","type-post","status-publish","format-standard","has-post-thumbnail","hentry","category-sin-categoria"],"blocksy_meta":[],"acf":[],"jetpack_featured_media_url":"https:\/\/www.upo.es\/patio-colorado\/wp-content\/uploads\/2026\/04\/images.jpg","_links":{"self":[{"href":"https:\/\/www.upo.es\/patio-colorado\/wp-json\/wp\/v2\/posts\/11146","targetHints":{"allow":["GET"]}}],"collection":[{"href":"https:\/\/www.upo.es\/patio-colorado\/wp-json\/wp\/v2\/posts"}],"about":[{"href":"https:\/\/www.upo.es\/patio-colorado\/wp-json\/wp\/v2\/types\/post"}],"author":[{"embeddable":true,"href":"https:\/\/www.upo.es\/patio-colorado\/wp-json\/wp\/v2\/users\/170"}],"replies":[{"embeddable":true,"href":"https:\/\/www.upo.es\/patio-colorado\/wp-json\/wp\/v2\/comments?post=11146"}],"version-history":[{"count":4,"href":"https:\/\/www.upo.es\/patio-colorado\/wp-json\/wp\/v2\/posts\/11146\/revisions"}],"predecessor-version":[{"id":11153,"href":"https:\/\/www.upo.es\/patio-colorado\/wp-json\/wp\/v2\/posts\/11146\/revisions\/11153"}],"wp:featuredmedia":[{"embeddable":true,"href":"https:\/\/www.upo.es\/patio-colorado\/wp-json\/wp\/v2\/media\/11149"}],"wp:attachment":[{"href":"https:\/\/www.upo.es\/patio-colorado\/wp-json\/wp\/v2\/media?parent=11146"}],"wp:term":[{"taxonomy":"category","embeddable":true,"href":"https:\/\/www.upo.es\/patio-colorado\/wp-json\/wp\/v2\/categories?post=11146"},{"taxonomy":"post_tag","embeddable":true,"href":"https:\/\/www.upo.es\/patio-colorado\/wp-json\/wp\/v2\/tags?post=11146"}],"curies":[{"name":"wp","href":"https:\/\/api.w.org\/{rel}","templated":true}]}}