{"id":11158,"date":"2026-04-28T10:31:00","date_gmt":"2026-04-28T10:31:00","guid":{"rendered":"https:\/\/www.upo.es\/patio-colorado\/?p=11158"},"modified":"2026-04-28T10:34:24","modified_gmt":"2026-04-28T10:34:24","slug":"entrevista-a-jordi-garza-ramos-el-proceso-de-convertirse-en-artista-profesional","status":"publish","type":"post","link":"https:\/\/www.upo.es\/patio-colorado\/2026\/04\/28\/entrevista-a-jordi-garza-ramos-el-proceso-de-convertirse-en-artista-profesional\/","title":{"rendered":"Entrevista a Jordi Garza Ramos. El proceso de convertirse en artista profesional"},"content":{"rendered":"<p><strong>\u00a1Hola color\u00e1s y coloraos!<\/strong><\/p>\n<p>Hoy os traigo una entrevista de lo m\u00e1s interesante. He tenido la suerte de conocer a Jordi Garza, un artista contempor\u00e1neo residente en Sevilla que, si bien es cierto que lleva algunos a\u00f1os de trayectoria, est\u00e1 en una etapa clave en su carrera: habiendo echado a andar, pelea ahora por hacerse un hueco en la escena art\u00edstica. Es com\u00fan encontrar entrevistas a artistas consolidados, que nos hablan sobre su forma de hacer arte o sus \u00faltimas exposiciones, pero rara vez encontramos entrevistas a artistas que a\u00fan est\u00e1n en el proceso de consolidarse y, debido a esto, no siempre tenemos la oportunidad de conocer los entresijos, dificultades, y matices de estas etapas tempranas del proceso y la carrera art\u00edstica de estas personas.<\/p>\n<figure id=\"attachment_11160\" aria-describedby=\"caption-attachment-11160\" style=\"width: 413px\" class=\"wp-caption aligncenter\"><img loading=\"lazy\" decoding=\"async\" class=\"wp-image-11160\" src=\"https:\/\/www.upo.es\/patio-colorado\/wp-content\/uploads\/2026\/04\/1000314826-300x225.jpg\" alt=\"&quot;Tra\u00ed\u00f1a&quot;. Caja de luz. Jordi Garza Ramos\" width=\"413\" height=\"310\" srcset=\"https:\/\/www.upo.es\/patio-colorado\/wp-content\/uploads\/2026\/04\/1000314826-300x225.jpg 300w, https:\/\/www.upo.es\/patio-colorado\/wp-content\/uploads\/2026\/04\/1000314826-1024x768.jpg 1024w, https:\/\/www.upo.es\/patio-colorado\/wp-content\/uploads\/2026\/04\/1000314826-768x576.jpg 768w, https:\/\/www.upo.es\/patio-colorado\/wp-content\/uploads\/2026\/04\/1000314826-1536x1152.jpg 1536w, https:\/\/www.upo.es\/patio-colorado\/wp-content\/uploads\/2026\/04\/1000314826-2048x1536.jpg 2048w\" sizes=\"auto, (max-width: 413px) 100vw, 413px\" \/><figcaption id=\"caption-attachment-11160\" class=\"wp-caption-text\">\u00abTra\u00ed\u00f1a\u00bb. Caja de luz. Jordi Garza Ramos (para mejor calidad de las im\u00e1genes visitar en Instagram: @jordi.garza)<\/figcaption><\/figure>\n<p>En el caso particular de Jordi y su obra, tiene una gran influencia el pueblo donde ha vivido la mayor\u00eda de su vida: Barbate. La localidad gaditana ha inspirado las piezas por las que hasta ahora es m\u00e1s conocido, y que recientemente expuso en la Facultad de Bellas Artes de la Universidad de Sevilla: <em>Las cajas de luz<\/em>. Cada una de ellas con un t\u00edtulo particular, retratan aspectos tan profundos del sur peninsular como la p\u00e9rdida de la identidad, el olvido sistem\u00e1tico, o reivindican la cultura andaluza de una forma elegante y original. Del mismo modo tuve la oportunidad de ver algunas de las obras que est\u00e1 fraguando y que pronto ver\u00e1n la luz, y todas responden a un inter\u00e9s com\u00fan: la cr\u00edtica sociopol\u00edtica a la sociedad contempor\u00e1nea, sin pelos en la lengua, y con valent\u00eda. Y es precisamente por esto por lo que he decidido traeros hoy esta entrevista, \u00bfno est\u00e1is de acuerdo en que es m\u00e1s necesario que nunca dar visibilidad a artistas valientes y reivindicativos? Si tu respuesta ha sido \u00abs\u00ed\u00bb, estoy seguro de que vais a disfrutar de esta entrevista. Sin m\u00e1s dilaci\u00f3n, \u00a1empezamos!<\/p>\n<figure id=\"attachment_11161\" aria-describedby=\"caption-attachment-11161\" style=\"width: 420px\" class=\"wp-caption aligncenter\"><img loading=\"lazy\" decoding=\"async\" class=\"wp-image-11161\" src=\"https:\/\/www.upo.es\/patio-colorado\/wp-content\/uploads\/2026\/04\/1000314829-300x225.jpg\" alt=\"\" width=\"420\" height=\"315\" srcset=\"https:\/\/www.upo.es\/patio-colorado\/wp-content\/uploads\/2026\/04\/1000314829-300x225.jpg 300w, https:\/\/www.upo.es\/patio-colorado\/wp-content\/uploads\/2026\/04\/1000314829-1024x768.jpg 1024w, https:\/\/www.upo.es\/patio-colorado\/wp-content\/uploads\/2026\/04\/1000314829-768x576.jpg 768w, https:\/\/www.upo.es\/patio-colorado\/wp-content\/uploads\/2026\/04\/1000314829-1536x1152.jpg 1536w, https:\/\/www.upo.es\/patio-colorado\/wp-content\/uploads\/2026\/04\/1000314829-2048x1536.jpg 2048w\" sizes=\"auto, (max-width: 420px) 100vw, 420px\" \/><figcaption id=\"caption-attachment-11161\" class=\"wp-caption-text\">\u00abBa\u00f1aero\u00bb. Caja de luz. Jordi Garza Ramos (para mejor calidad de las im\u00e1genes visitar en Instagram: @jordi.garza)<\/figcaption><\/figure>\n<ul>\n<li><strong>Jordi, h\u00e1blanos un poco sobre ti, \u00bfcu\u00e1les son tus motivaciones para ser artista? \u00bfDe d\u00f3nde viene esa vocaci\u00f3n?<\/strong><\/li>\n<\/ul>\n<p>Supongo que cada persona tiene su historia y su forma de llegar hasta el camino del arte. En mi caso, siempre ha sido algo intr\u00ednseco en mi persona, pues desde peque\u00f1ito me ha encantado dibujar y siempre he estado pegado al l\u00e1piz y al papel. M\u00e1s que vocaci\u00f3n, era la \u00fanica posible elecci\u00f3n llegado el momento de elegir qu\u00e9 estudiar, Si bien tuve que indagar exactamente qu\u00e9 camino tomar, en mi cabeza no hab\u00eda otra opci\u00f3n que el arte, y finalmente fueron las bellas artes.<\/p>\n<p>&nbsp;<\/p>\n<ul>\n<li><strong>\u00bfCu\u00e1les son los principales temas que intentas abordar a trav\u00e9s de tu obra? \u00bfCu\u00e1les son las razones que te llevan a abordar dichos temas?<\/strong><\/li>\n<\/ul>\n<p>Con mi obra siento una fuerte ambig\u00fcedad por aquello del ego del autor. Considero que todas las mentes creativas al final acaban inspir\u00e1ndose en mayor o menor medida de su vida personal. Cuando empiezas a querer contar algo, siempre es mucho m\u00e1s f\u00e1cil fundamentarse en uno mismo, puesto que un problema, una an\u00e9cdota o una emoci\u00f3n muy profunda es un buen punto de partida del que empezar a producir. Pero con el paso del tiempo y no ha hecho falta mucho transcurrir, he llegado a la conclusi\u00f3n de que para m\u00ed el arte es simplemente comunicar. A la gente no le importa lo que te pase personalmente. Entonces la mejor manera y m\u00e1s efectiva de contar algo es hacerlo desde lo colectivo, desde la comunidad. \u2029Aunque lo narres desde una perspectiva personal siempre ser\u00e1 m\u00e1s eficaz encontrar lugares comunes, historias que van m\u00e1s all\u00e1 de uno mismo.<\/p>\n<p>En mi caso, las razones que me llevan a abordar estos temas son principalmente inquietudes de caracterizaci\u00f3n social, como la identidad, la pertenencia o la memoria hist\u00f3rica. Creo que el arte es una excelente herramienta para poner posibles soluciones sobre la mesa, o bien una manera de desahogo o de evasi\u00f3n de esa misma problem\u00e1tica.<\/p>\n<p>&nbsp;<\/p>\n<ul>\n<li><strong>H\u00e1blanos de tu etapa art\u00edstica actual, \u00bfc\u00f3mo la definir\u00edas?<\/strong><\/li>\n<\/ul>\n<p>Actualmente estoy en una etapa de exploraci\u00f3n. Si bien acabo de gestar el mayor proyecto hasta la fecha, y, bajo mi punto de vista, el m\u00e1s multidisciplinar y que engloba a m\u00e1s personas, sigo buscando cu\u00e1l es mi sitio en el panorama art\u00edstico, c\u00f3mo puedo desarrollar un lenguaje propio y c\u00f3mo convivir con los dem\u00e1s artistas y disciplinas a d\u00eda de hoy. Esto no siempre es f\u00e1cil, porque aunque haya gente que tiene un lenguaje muy marcado y unas ideas muy claras, tambi\u00e9n los hay como yo indeterminados. \u2029Pero me encuentro en esa etapa de descubrirme y de hallar mi hueco.<\/p>\n<p>&nbsp;<\/p>\n<ul>\n<li><strong>\u00bfCu\u00e1les son las principales dificultades y obst\u00e1culos que enfrenta un artista en los a\u00f1os tempranos de su carrera?<\/strong><\/li>\n<\/ul>\n<p>Existe siempre esa controversia que hace que te replantees si lo que est\u00e1s haciendo tiene sentido o si es una buena forma de ganarse la vida. Todos necesitamos comer y el sistema obliga a que lo que hagamos tenga siempre una salida econ\u00f3mica. Esto parece algo obvio, pero al final artistas emergentes de bajo renombre tienen muy complicado llegar a dedicarse directa y \u00fanicamente a trav\u00e9s del arte, puesto que la mayor parte de nosotros acudimos a otras ramas laborales para poder sobrevivir.<\/p>\n<p>Por otro lado, en un mundo tan digitalizado y sobresaturado, es muy complicado hacerse un hueco con im\u00e1genes creadas por uno mismo. Aparte de la lucha contra la inteligencia artificial que amenaza con sustituir a los creativos, se le suma lo dif\u00edcil que es hacerse un hueco en el mercado art\u00edstico. El mundo de las galer\u00edas y los museos es ciertamente inaccesible.<\/p>\n<p>&nbsp;<\/p>\n<ul>\n<li><strong>\u00bfCu\u00e1les son tus aspiraciones\/ambiciones en el arte? <\/strong><\/li>\n<\/ul>\n<p>Mi objetivo es llegar al mayor n\u00famero de personas posibles. Si tengo ciertas inquietudes con las que la gente pueda llegar a empatizar o sentirse identificado, significar\u00e1 que formo parte de un todo y que mi forma de ver la vida y representar los problemas y sus posibles soluciones tienen un valor y pueden ayudar a las personas. Como bien he dicho, para m\u00ed el arte es comunicar, y no todas las historias tienen un final feliz, pero cualquier buena historia merece ser contada.<\/p>\n<p>&nbsp;<\/p>\n<ul>\n<li><strong>Por \u00faltima, \u00bfqu\u00e9 consejos les dar\u00edas a otros artistas en tu situaci\u00f3n?<\/strong><\/li>\n<\/ul>\n<p>A otros artistas en mi misma situaci\u00f3n, les animo a que no dejen de luchar por intentarlo. Obviamente siempre condicionado a la situaci\u00f3n personal y a las posibilidades de cada uno. Con tiempo, paciencia, esfuerzo y por desgracia dinero, se puede llegar a conseguir. Y esto no lo digo desde el \u00e9xito ni mucho menos, sino desde el permanecer en el camino, en<\/p>\n<p>la lucha. Como yo y much\u00edsimos otros, vayan por delante o por detr\u00e1s, merecen darse el lujo de intentar dejar de sobrevivir y empezar a vivir del arte, llegando donde desean llegar.<\/p>\n","protected":false},"excerpt":{"rendered":"<p>\u00a1Hola color\u00e1s y coloraos! Hoy os traigo una entrevista de lo m\u00e1s interesante. He tenido la suerte de conocer a Jordi Garza, un artista contempor\u00e1neo residente en Sevilla que, si bien es cierto que lleva algunos a\u00f1os de trayectoria, est\u00e1 en una etapa clave en su carrera: habiendo echado a andar, pelea ahora por hacerse [&hellip;]<\/p>\n","protected":false},"author":176,"featured_media":11159,"comment_status":"open","ping_status":"open","sticky":false,"template":"","format":"standard","meta":{"_acf_changed":false,"_monsterinsights_skip_tracking":false,"_monsterinsights_sitenote_active":false,"_monsterinsights_sitenote_note":"","_monsterinsights_sitenote_category":0,"footnotes":""},"categories":[45,302,137,44,167,136,301],"tags":[55,360,29,1229,300,31,1228],"class_list":["post-11158","post","type-post","status-publish","format-standard","has-post-thumbnail","hentry","category-boletin-colorao","category-cadiz","category-entrevistas","category-patrimonio","category-pintura-escultura","category-reportajes","category-sevilla","tag-andalucia","tag-arte-contemporaneo","tag-artista","tag-barbate","tag-cadiz","tag-entrevista","tag-jordi-garza-ramos"],"blocksy_meta":[],"acf":[],"jetpack_featured_media_url":"https:\/\/www.upo.es\/patio-colorado\/wp-content\/uploads\/2026\/04\/JORDI-scaled-e1777372458194.jpeg","_links":{"self":[{"href":"https:\/\/www.upo.es\/patio-colorado\/wp-json\/wp\/v2\/posts\/11158","targetHints":{"allow":["GET"]}}],"collection":[{"href":"https:\/\/www.upo.es\/patio-colorado\/wp-json\/wp\/v2\/posts"}],"about":[{"href":"https:\/\/www.upo.es\/patio-colorado\/wp-json\/wp\/v2\/types\/post"}],"author":[{"embeddable":true,"href":"https:\/\/www.upo.es\/patio-colorado\/wp-json\/wp\/v2\/users\/176"}],"replies":[{"embeddable":true,"href":"https:\/\/www.upo.es\/patio-colorado\/wp-json\/wp\/v2\/comments?post=11158"}],"version-history":[{"count":1,"href":"https:\/\/www.upo.es\/patio-colorado\/wp-json\/wp\/v2\/posts\/11158\/revisions"}],"predecessor-version":[{"id":11162,"href":"https:\/\/www.upo.es\/patio-colorado\/wp-json\/wp\/v2\/posts\/11158\/revisions\/11162"}],"wp:featuredmedia":[{"embeddable":true,"href":"https:\/\/www.upo.es\/patio-colorado\/wp-json\/wp\/v2\/media\/11159"}],"wp:attachment":[{"href":"https:\/\/www.upo.es\/patio-colorado\/wp-json\/wp\/v2\/media?parent=11158"}],"wp:term":[{"taxonomy":"category","embeddable":true,"href":"https:\/\/www.upo.es\/patio-colorado\/wp-json\/wp\/v2\/categories?post=11158"},{"taxonomy":"post_tag","embeddable":true,"href":"https:\/\/www.upo.es\/patio-colorado\/wp-json\/wp\/v2\/tags?post=11158"}],"curies":[{"name":"wp","href":"https:\/\/api.w.org\/{rel}","templated":true}]}}