{"id":11164,"date":"2026-04-28T11:49:20","date_gmt":"2026-04-28T11:49:20","guid":{"rendered":"https:\/\/www.upo.es\/patio-colorado\/?p=11164"},"modified":"2026-04-28T11:49:20","modified_gmt":"2026-04-28T11:49:20","slug":"tinto-de-verano-un-emblema-cultural-y-social-de-la-vida-estival-sevillana","status":"publish","type":"post","link":"https:\/\/www.upo.es\/patio-colorado\/2026\/04\/28\/tinto-de-verano-un-emblema-cultural-y-social-de-la-vida-estival-sevillana\/","title":{"rendered":"Tinto de verano: un emblema cultural y social de la vida estival sevillana"},"content":{"rendered":"<p>\u00a1Hola Color\u00e1s y color\u00f3s!<\/p>\n<p><span style=\"font-weight: 400\">En el contexto del intenso clima veraniego de Sevilla, donde las temperaturas superan frecuentemente los 35 \u00b0C, las costumbres de refrescarse est\u00e1n estrechamente ligadas a la vida social y cultural. Entre ellas, el tinto de verano destaca como una bebida omnipresente y con gran resonancia cultural. Caracterizado por su sencillez \u2014una mezcla de vino tinto y refresco con gas, generalmente de lim\u00f3n\u2014, ocupa un lugar singular en la gastronom\u00eda andaluza y en los rituales sociales cotidianos.<\/span><\/p>\n<p><span style=\"font-weight: 400\">Los or\u00edgenes hist\u00f3ricos del tinto de verano se remontan a principios del siglo XX en Andaluc\u00eda. Numerosos relatos atribuyen su creaci\u00f3n a un tabernero de C\u00f3rdoba que buscaba ofrecer una alternativa m\u00e1s ligera y refrescante al vino puro durante los periodos de calor extremo. Su denominaci\u00f3n inicial informal, \u00abun Vargas\u00bb, refleja sus or\u00edgenes locales, pero su r\u00e1pida difusi\u00f3n por el sur de Espa\u00f1a subraya su practicidad y adaptabilidad. Con el tiempo, se ha institucionalizado como un elemento b\u00e1sico de la temporada, especialmente en centros urbanos como Sevilla.<\/span><\/p>\n<p><span style=\"font-weight: 400\">Desde una perspectiva cultural, el tinto de verano destaca por su accesibilidad y su vinculaci\u00f3n con las pr\u00e1cticas sociales cotidianas. A diferencia de la sangr\u00eda, que suele considerarse una bebida selecta o tur\u00edstica, el tinto de verano est\u00e1 firmemente arraigado en los patrones de consumo locales. Se sirve habitualmente en bares de barrio, hogares y reuniones informales, donde su contenido alcoh\u00f3lico relativamente bajo y su frescura lo hacen especialmente adecuado para la interacci\u00f3n social prolongada. Su preparaci\u00f3n requiere recursos m\u00ednimos, lo que refuerza a\u00fan m\u00e1s su estatus como producto cultural igualitario y ampliamente compartido.<\/span><\/p>\n<p><span style=\"font-weight: 400\">En la sociedad sevillana, la bebida adquiere mayor relevancia durante los periodos de celebraci\u00f3n colectiva. Eventos como la Feria de Abril ejemplifican la integraci\u00f3n del tinto de verano en los ritmos de la vida comunitaria. En estos eventos, funciona no solo como una bebida, sino como un facilitador de la cohesi\u00f3n social, acompa\u00f1ando la m\u00fasica, el baile y el intercambio interpersonal. Del mismo modo, durante las veladas de verano \u2014reuniones informales nocturnas\u2014 contribuye al mantenimiento de los lazos sociales en el contexto vecinal.<\/span><\/p>\n<p><span style=\"font-weight: 400\">En los \u00faltimos a\u00f1os, el tinto de verano ha experimentado cierta difusi\u00f3n internacional, lo que refleja un inter\u00e9s global m\u00e1s amplio por las pr\u00e1cticas del estilo de vida mediterr\u00e1neo. Sin embargo, su significado cultural sigue estrechamente ligado a sus or\u00edgenes andaluces. En Sevilla, contin\u00faa encarnando una forma particular de sociabilidad caracterizada por la informalidad, la camarader\u00eda y la adaptaci\u00f3n a las condiciones ambientales.<\/span><\/p>\n<p><span style=\"font-weight: 400\">En conclusi\u00f3n, el tinto de verano puede entenderse no solo como una bebida refrescante de temporada, sino como una pr\u00e1ctica arraigada en la cultura. Su presencia perdurable en la vida sevillana ilustra c\u00f3mo las tradiciones culinarias pueden englobar valores sociales m\u00e1s amplios, sirviendo tanto de respuesta al clima como de medio de interacci\u00f3n comunitaria.<\/span><\/p>\n<p><strong>Bibliograf\u00eda:<\/strong><\/p>\n<p>Casas, Pen\u00e9lope. Los Alimentos y Vinos de Espa\u00f1a. Nueva York: Alfred A. Knopf, 1982.<\/p>\n<p>Wright, Clifford A. Comida espa\u00f1ola: una historia. New Haven: Yale University Press, 2016.<\/p>\n<p>Instituto Nacional de Estad\u00edstica. \u201cConsumo alimentario en Espa\u00f1a\u201d.<\/p>\n","protected":false},"excerpt":{"rendered":"<p>\u00a1Hola Color\u00e1s y color\u00f3s! En el contexto del intenso clima veraniego de Sevilla, donde las temperaturas superan frecuentemente los 35 \u00b0C, las costumbres de refrescarse est\u00e1n estrechamente ligadas a la vida social y cultural. Entre ellas, el tinto de verano destaca como una bebida omnipresente y con gran resonancia cultural. Caracterizado por su sencillez \u2014una [&hellip;]<\/p>\n","protected":false},"author":173,"featured_media":11165,"comment_status":"open","ping_status":"open","sticky":false,"template":"","format":"standard","meta":{"_acf_changed":false,"_monsterinsights_skip_tracking":false,"_monsterinsights_sitenote_active":false,"_monsterinsights_sitenote_note":"","_monsterinsights_sitenote_category":0,"footnotes":""},"categories":[45,301],"tags":[],"class_list":["post-11164","post","type-post","status-publish","format-standard","has-post-thumbnail","hentry","category-boletin-colorao","category-sevilla"],"blocksy_meta":[],"acf":[],"jetpack_featured_media_url":"https:\/\/www.upo.es\/patio-colorado\/wp-content\/uploads\/2026\/04\/PXL_20260409_144600153-scaled.jpg","_links":{"self":[{"href":"https:\/\/www.upo.es\/patio-colorado\/wp-json\/wp\/v2\/posts\/11164","targetHints":{"allow":["GET"]}}],"collection":[{"href":"https:\/\/www.upo.es\/patio-colorado\/wp-json\/wp\/v2\/posts"}],"about":[{"href":"https:\/\/www.upo.es\/patio-colorado\/wp-json\/wp\/v2\/types\/post"}],"author":[{"embeddable":true,"href":"https:\/\/www.upo.es\/patio-colorado\/wp-json\/wp\/v2\/users\/173"}],"replies":[{"embeddable":true,"href":"https:\/\/www.upo.es\/patio-colorado\/wp-json\/wp\/v2\/comments?post=11164"}],"version-history":[{"count":1,"href":"https:\/\/www.upo.es\/patio-colorado\/wp-json\/wp\/v2\/posts\/11164\/revisions"}],"predecessor-version":[{"id":11166,"href":"https:\/\/www.upo.es\/patio-colorado\/wp-json\/wp\/v2\/posts\/11164\/revisions\/11166"}],"wp:featuredmedia":[{"embeddable":true,"href":"https:\/\/www.upo.es\/patio-colorado\/wp-json\/wp\/v2\/media\/11165"}],"wp:attachment":[{"href":"https:\/\/www.upo.es\/patio-colorado\/wp-json\/wp\/v2\/media?parent=11164"}],"wp:term":[{"taxonomy":"category","embeddable":true,"href":"https:\/\/www.upo.es\/patio-colorado\/wp-json\/wp\/v2\/categories?post=11164"},{"taxonomy":"post_tag","embeddable":true,"href":"https:\/\/www.upo.es\/patio-colorado\/wp-json\/wp\/v2\/tags?post=11164"}],"curies":[{"name":"wp","href":"https:\/\/api.w.org\/{rel}","templated":true}]}}