{"id":11169,"date":"2026-04-29T08:37:28","date_gmt":"2026-04-29T08:37:28","guid":{"rendered":"https:\/\/www.upo.es\/patio-colorado\/?p=11169"},"modified":"2026-04-29T08:37:28","modified_gmt":"2026-04-29T08:37:28","slug":"casa-fabiola-un-palacio-sevillano-convertido-en-arte","status":"publish","type":"post","link":"https:\/\/www.upo.es\/patio-colorado\/2026\/04\/29\/casa-fabiola-un-palacio-sevillano-convertido-en-arte\/","title":{"rendered":"Casa Fabiola: un palacio sevillano convertido en arte"},"content":{"rendered":"<p data-start=\"284\" data-end=\"311\">\u00a1Muy buenas, coloraos y color\u00e1s!<\/p>\n<p data-start=\"313\" data-end=\"576\">En pleno coraz\u00f3n de Sevilla (en la calle que lleva su nombre), a dos pasos del bullicio del centro, hay lugares que pasan desapercibidos si no sabes lo que esconden. Hoy os traigo uno de esos rincones que, sin hacer mucho ruido, guarda una aut\u00e9ntica joya: la <span class=\"hover:entity-accent entity-underline inline cursor-pointer align-baseline\"><span class=\"whitespace-normal\">Casa Fabiola<\/span><\/span>.<\/p>\n<h3 data-section-id=\"1k5wmzn\" data-start=\"578\" data-end=\"607\">De casa-palacio a museo<\/h3>\n<p data-start=\"609\" data-end=\"963\">A simple vista, Casa Fabiola podr\u00eda parecer otra casa se\u00f1orial m\u00e1s del centro hist\u00f3rico. Pero lo interesante empieza cuando cruzas su puerta. Este edificio, con origen en el siglo XVI, conserva la esencia de las casas-palacio sevillanas: patio central, galer\u00edas, luz natural\u2026 todo muy en la l\u00ednea de esa arquitectura dom\u00e9stica que tanto define la ciudad.<\/p>\n<p data-start=\"965\" data-end=\"1051\">Pero lo que realmente le da valor hoy es su uso actual: albergar la colecci\u00f3n Bellver.<\/p>\n<h3 data-section-id=\"ljc3sd\" data-start=\"1053\" data-end=\"1090\">Una colecci\u00f3n con nombre propio<\/h3>\n<p data-start=\"1092\" data-end=\"1331\">El museo nace gracias a la donaci\u00f3n de la colecci\u00f3n privada de <span class=\"hover:entity-accent entity-underline inline cursor-pointer align-baseline\"><span class=\"whitespace-normal\">Mariano Bellver<\/span><\/span>, quien reuni\u00f3 a lo largo de su vida un conjunto impresionante de obras, centradas principalmente en la pintura costumbrista del siglo XIX.<\/p>\n<p data-start=\"1333\" data-end=\"1551\">Aqu\u00ed es donde la cosa se pone interesante. Porque no estamos hablando de grandes nombres universales, sino de artistas que retrataron la vida cotidiana, las tradiciones y la est\u00e9tica de Andaluc\u00eda y Sevilla en concreto.<\/p>\n<h3 data-section-id=\"pazl02\" data-start=\"1553\" data-end=\"1576\">Pintar una ciudad<\/h3>\n<p data-start=\"1578\" data-end=\"1757\">Las salas de Casa Fabiola son casi como una ventana al pasado. Paseando por ellas puedes ver c\u00f3mo era la Sevilla del XIX: escenas de patios, calles, fiestas, personajes populares\u2026<\/p>\n<p data-start=\"1759\" data-end=\"1962\">Es curioso porque conecta bastante con lo que venimos hablando en otras entradas: el patrimonio no es solo lo monumental, tambi\u00e9n es la forma en la que se ha representado la ciudad a lo largo del tiempo.<\/p>\n<p data-start=\"1964\" data-end=\"2039\">En cierto modo, estos cuadros funcionan como una memoria visual de Sevilla.<\/p>\n<h3 data-section-id=\"h8rbzu\" data-start=\"2041\" data-end=\"2065\">Un museo diferente<\/h3>\n<p data-start=\"2067\" data-end=\"2280\">A diferencia de otros espacios m\u00e1s conocidos, Casa Fabiola tiene algo especial: es m\u00e1s \u00edntima. No es el t\u00edpico museo masificado. Puedes recorrerlo con calma, fijarte en los detalles, disfrutar del propio edificio.<\/p>\n<p data-start=\"2282\" data-end=\"2401\">Y eso tambi\u00e9n se agradece. Porque te permite entender el conjunto: no solo las obras, sino el espacio que las contiene.<\/p>\n<h3 data-section-id=\"14cpk4m\" data-start=\"2403\" data-end=\"2432\">Otra Sevilla (de nuevo)<\/h3>\n<p data-start=\"2434\" data-end=\"2593\">Muchas veces pensamos que ya conocemos Sevilla porque hemos visto lo m\u00e1s famoso. Pero lugares como Casa Fabiola demuestran que todav\u00eda hay mucho por descubrir.<\/p>\n<p data-start=\"2595\" data-end=\"2747\">Son espacios que no salen tanto en las gu\u00edas r\u00e1pidas, pero que ayudan a entender mejor la ciudad: su historia, su arte y su forma de mirarse a s\u00ed misma.<\/p>\n<p data-start=\"2749\" data-end=\"2838\">As\u00ed que si alg\u00fan d\u00eda os perd\u00e9is por el centro, apuntad este sitio. Merece la pena entrar.<\/p>\n","protected":false},"excerpt":{"rendered":"<p>\u00a1Muy buenas, coloraos y color\u00e1s! En pleno coraz\u00f3n de Sevilla (en la calle que lleva su nombre), a dos pasos del bullicio del centro, hay lugares que pasan desapercibidos si no sabes lo que esconden. Hoy os traigo uno de esos rincones que, sin hacer mucho ruido, guarda una aut\u00e9ntica joya: la Casa Fabiola. De [&hellip;]<\/p>\n","protected":false},"author":185,"featured_media":11170,"comment_status":"open","ping_status":"open","sticky":false,"template":"","format":"standard","meta":{"_acf_changed":false,"_monsterinsights_skip_tracking":false,"_monsterinsights_sitenote_active":false,"_monsterinsights_sitenote_note":"","_monsterinsights_sitenote_category":0,"footnotes":""},"categories":[166,677,44,167,301],"tags":[39,382,408,160,332,210],"class_list":["post-11169","post","type-post","status-publish","format-standard","has-post-thumbnail","hentry","category-historia-arqueologia","category-lugares-reconditos-de-sevilla","category-patrimonio","category-pintura-escultura","category-sevilla","tag-arqueologia","tag-escultura","tag-patrimoniomaterial","tag-pintura","tag-sevilla-cultura","tag-historia"],"blocksy_meta":[],"acf":[],"jetpack_featured_media_url":"https:\/\/www.upo.es\/patio-colorado\/wp-content\/uploads\/2026\/04\/CasaFabiola.jpg","_links":{"self":[{"href":"https:\/\/www.upo.es\/patio-colorado\/wp-json\/wp\/v2\/posts\/11169","targetHints":{"allow":["GET"]}}],"collection":[{"href":"https:\/\/www.upo.es\/patio-colorado\/wp-json\/wp\/v2\/posts"}],"about":[{"href":"https:\/\/www.upo.es\/patio-colorado\/wp-json\/wp\/v2\/types\/post"}],"author":[{"embeddable":true,"href":"https:\/\/www.upo.es\/patio-colorado\/wp-json\/wp\/v2\/users\/185"}],"replies":[{"embeddable":true,"href":"https:\/\/www.upo.es\/patio-colorado\/wp-json\/wp\/v2\/comments?post=11169"}],"version-history":[{"count":1,"href":"https:\/\/www.upo.es\/patio-colorado\/wp-json\/wp\/v2\/posts\/11169\/revisions"}],"predecessor-version":[{"id":11171,"href":"https:\/\/www.upo.es\/patio-colorado\/wp-json\/wp\/v2\/posts\/11169\/revisions\/11171"}],"wp:featuredmedia":[{"embeddable":true,"href":"https:\/\/www.upo.es\/patio-colorado\/wp-json\/wp\/v2\/media\/11170"}],"wp:attachment":[{"href":"https:\/\/www.upo.es\/patio-colorado\/wp-json\/wp\/v2\/media?parent=11169"}],"wp:term":[{"taxonomy":"category","embeddable":true,"href":"https:\/\/www.upo.es\/patio-colorado\/wp-json\/wp\/v2\/categories?post=11169"},{"taxonomy":"post_tag","embeddable":true,"href":"https:\/\/www.upo.es\/patio-colorado\/wp-json\/wp\/v2\/tags?post=11169"}],"curies":[{"name":"wp","href":"https:\/\/api.w.org\/{rel}","templated":true}]}}