{"id":11172,"date":"2026-04-29T19:43:18","date_gmt":"2026-04-29T19:43:18","guid":{"rendered":"https:\/\/www.upo.es\/patio-colorado\/?p=11172"},"modified":"2026-04-29T19:43:18","modified_gmt":"2026-04-29T19:43:18","slug":"historia-de-la-casa-fabiola-de-sevilla","status":"publish","type":"post","link":"https:\/\/www.upo.es\/patio-colorado\/2026\/04\/29\/historia-de-la-casa-fabiola-de-sevilla\/","title":{"rendered":"Historia de la Casa Fabiola de Sevilla"},"content":{"rendered":"<p><span style=\"font-weight: 400\">\u00a1Hola color\u00e1s y coloraos!\u00a0<\/span><\/p>\n<p><span style=\"font-weight: 400\">A pesar de que hemos hablado de la Casa Fabiola recientemente, me parecer\u00eda importante destacar algunos de sus aspectos, sobre todo los que est\u00e1n relacionados con el coleccionismo y lo que nos podemos encontrar dentro de este espacio..\u00a0<\/span><\/p>\n<p><span style=\"font-weight: 400\">Situada en la Calle Fabiola, 5, la Casa Fabiola es un palacio sevillano del siglo XVI. Cuenta con un patio central, una galer\u00eda y una escalera de m\u00e1rmol que conecta las tres plantas. En ella, hay varias salas y espacios decorados con azulejos y artesonados de madera, entre los que se encuentran las obras de arte. La mayor\u00eda son pinturas costumbristas andaluzas del siglo XIX o rom\u00e1nticas de los siglos XVIII y XIX, pero tambi\u00e9n alberga porcelanas, relojes, esculturas, obras de Ricardo Bellver\u2026 Gran parte de esta colecci\u00f3n viene del matrimonio de Mariano Bellver y Dolores Mej\u00edas.<\/span><\/p>\n<p><span style=\"font-weight: 400\">Mariano Bellver comenz\u00f3 su actividad como coleccionista alrededor de 1960. Tanto su colecci\u00f3n como su criterio aumentaron progresivamente, buscando una mejora en la calidad de obras que adquir\u00eda. Entre sus objetivos buscaba la variedad de los autores sevillanos y que las escenas recogieran ambientes de costumbres o paisajes locales. Sin embargo, su ambici\u00f3n era formar una colecci\u00f3n privada para el disfrute propio, no un museo. Para ello, la presencia de la tradici\u00f3n deb\u00eda de estar presente; por ello la presencia de Garc\u00eda Ramos abunda.<\/span><\/p>\n<p><span style=\"font-weight: 400\">La escultura entr\u00f3 m\u00e1s tarde a la colecci\u00f3n, pero podemos destacar los Ni\u00f1os Jes\u00fas, ya que era una iconograf\u00eda muy extendida en el momento y su mujer, Dolores Mej\u00edas, sent\u00eda una gran predilecci\u00f3n por ellos. Otro tipo de escultura que destaca es la realizada por su abuelo <\/span><span style=\"font-weight: 400\">Ricardo Bellver<\/span><span style=\"font-weight: 400\">. Es la mayor colecci\u00f3n del costumbrismo sevillano, en la que se incluyen lienzos de Manuel Garc\u00eda y Rodr\u00edguez, Valeriano Dom\u00ednguez B\u00e9cquer, Ricardo L\u00f3pez Cabrera, Jos\u00e9 Garc\u00eda Ramos, Antonio Cabral Bejarano, Jos\u00e9 Pinelo Llull, Jos\u00e9 Guti\u00e9rrez de la Vega y Gonzalo Bilbao. No obstante, tambi\u00e9n encontramos pinturas de pintores extranjeros como Pharamond Blanchard, Worms o John Phillips. Tambi\u00e9n alberga tallas, marfiles, cer\u00e1micas, muebles, belenes napolitanos y otros objetos decorativos.<\/span><\/p>\n<p><span style=\"font-weight: 400\">Finalmente, el matrimonio firm\u00f3 con el Ayuntamiento de Sevilla el protocolo para la donaci\u00f3n de la colecci\u00f3n. En 2016, el Ayuntamiento de Sevilla anunci\u00f3 la compra con la finalidad de convertirla en un museo y exponer la colecci\u00f3n.<\/span><\/p>\n<p>&nbsp;<\/p>\n<p>Imagen de: <span style=\"font-weight: 400\">Instituto de la Cultura y las Artes de Sevilla. (2020, 5 de abril). <\/span><i><span style=\"font-weight: 400\">Mariano Bellver y Dolores Mej\u00edas, colecci\u00f3n rom\u00e1ntica y costumbrista<\/span><\/i><span style=\"font-weight: 400\">.<\/span><\/p>\n<p><strong>Bibliograf\u00eda<\/strong><\/p>\n<p><span style=\"font-weight: 400\">Ayuntamiento de Sevilla. (2022, abril 2). <\/span><i><span style=\"font-weight: 400\">La colecci\u00f3n<\/span><\/i><span style=\"font-weight: 400\">. Sevilla.org.<\/span><a href=\"https:\/\/www.sevilla.org\/ciudad-de-sevilla\/museos-patrimonio-monumental-y-cultural\/casa-fabiola-donacion-de-arte-mariano-bellver\/la-coleccion\"> <span style=\"font-weight: 400\">https:\/\/www.sevilla.org\/ciudad-de-sevilla\/museos-patrimonio-monumental-y-cultural\/casa-fabiola-donacion-de-arte-mariano-bellver\/la-coleccion<\/span><\/a><\/p>\n<p><span style=\"font-weight: 400\">Instituto de la Cultura y las Artes de Sevilla. (2020, 5 de abril). <\/span><i><span style=\"font-weight: 400\">Mariano Bellver y Dolores Mej\u00edas, colecci\u00f3n rom\u00e1ntica y costumbrista<\/span><\/i><span style=\"font-weight: 400\">.\u00a0 <\/span><a href=\"https:\/\/icas.sevilla.org\/espacios\/fabiola\"><span style=\"font-weight: 400\">https:\/\/icas.sevilla.org\/espacios\/fabiola<\/span><\/a><span style=\"font-weight: 400\">Junta de Andaluc\u00eda. <\/span><i><span style=\"font-weight: 400\">Casa Fabiola &#8211; Donaci\u00f3n Mariano Bellver<\/span><\/i><span style=\"font-weight: 400\">.<\/span><\/p>\n<p><span style=\"font-weight: 400\"> Andaluc\u00eda.org.<\/span><a href=\"https:\/\/www.andalucia.org\/listing\/casa-fabiola-donaci%C3%B3n-mariano-bellver\/18137102\/\"> <span style=\"font-weight: 400\">https:\/\/www.andalucia.org\/listing\/casa-fabiola-donaci%C3%B3n-mariano-bellver\/18137102\/<\/span><\/a><\/p>\n","protected":false},"excerpt":{"rendered":"<p>\u00a1Hola color\u00e1s y coloraos!\u00a0 A pesar de que hemos hablado de la Casa Fabiola recientemente, me parecer\u00eda importante destacar algunos de sus aspectos, sobre todo los que est\u00e1n relacionados con el coleccionismo y lo que nos podemos encontrar dentro de este espacio..\u00a0 Situada en la Calle Fabiola, 5, la Casa Fabiola es un palacio sevillano [&hellip;]<\/p>\n","protected":false},"author":178,"featured_media":11173,"comment_status":"open","ping_status":"open","sticky":false,"template":"","format":"standard","meta":{"_acf_changed":false,"_monsterinsights_skip_tracking":false,"_monsterinsights_sitenote_active":false,"_monsterinsights_sitenote_note":"","_monsterinsights_sitenote_category":0,"footnotes":""},"categories":[1],"tags":[],"class_list":["post-11172","post","type-post","status-publish","format-standard","has-post-thumbnail","hentry","category-sin-categoria"],"blocksy_meta":[],"acf":[],"jetpack_featured_media_url":"https:\/\/www.upo.es\/patio-colorado\/wp-content\/uploads\/2026\/04\/full.png","_links":{"self":[{"href":"https:\/\/www.upo.es\/patio-colorado\/wp-json\/wp\/v2\/posts\/11172","targetHints":{"allow":["GET"]}}],"collection":[{"href":"https:\/\/www.upo.es\/patio-colorado\/wp-json\/wp\/v2\/posts"}],"about":[{"href":"https:\/\/www.upo.es\/patio-colorado\/wp-json\/wp\/v2\/types\/post"}],"author":[{"embeddable":true,"href":"https:\/\/www.upo.es\/patio-colorado\/wp-json\/wp\/v2\/users\/178"}],"replies":[{"embeddable":true,"href":"https:\/\/www.upo.es\/patio-colorado\/wp-json\/wp\/v2\/comments?post=11172"}],"version-history":[{"count":2,"href":"https:\/\/www.upo.es\/patio-colorado\/wp-json\/wp\/v2\/posts\/11172\/revisions"}],"predecessor-version":[{"id":11175,"href":"https:\/\/www.upo.es\/patio-colorado\/wp-json\/wp\/v2\/posts\/11172\/revisions\/11175"}],"wp:featuredmedia":[{"embeddable":true,"href":"https:\/\/www.upo.es\/patio-colorado\/wp-json\/wp\/v2\/media\/11173"}],"wp:attachment":[{"href":"https:\/\/www.upo.es\/patio-colorado\/wp-json\/wp\/v2\/media?parent=11172"}],"wp:term":[{"taxonomy":"category","embeddable":true,"href":"https:\/\/www.upo.es\/patio-colorado\/wp-json\/wp\/v2\/categories?post=11172"},{"taxonomy":"post_tag","embeddable":true,"href":"https:\/\/www.upo.es\/patio-colorado\/wp-json\/wp\/v2\/tags?post=11172"}],"curies":[{"name":"wp","href":"https:\/\/api.w.org\/{rel}","templated":true}]}}