{"id":11176,"date":"2026-04-30T08:03:19","date_gmt":"2026-04-30T08:03:19","guid":{"rendered":"https:\/\/www.upo.es\/patio-colorado\/?p=11176"},"modified":"2026-04-30T08:03:19","modified_gmt":"2026-04-30T08:03:19","slug":"el-ultimo-viaje-cristobal-colon-y-su-sepultura-en-sevilla","status":"publish","type":"post","link":"https:\/\/www.upo.es\/patio-colorado\/2026\/04\/30\/el-ultimo-viaje-cristobal-colon-y-su-sepultura-en-sevilla\/","title":{"rendered":"El \u00faltimo viaje: Crist\u00f3bal Col\u00f3n y su sepultura en Sevilla"},"content":{"rendered":"<p>\u00a1Hola Color\u00e1s y color\u00f3s!<\/p>\n<p>Pocas figuras hist\u00f3ricas han sido tan inquietas en la muerte como en la vida. La tumba de Crist\u00f3bal Col\u00f3n en la catedral de Sevilla es uno de los monumentos m\u00e1s visitados de Espa\u00f1a; sin embargo, la cuesti\u00f3n de si realmente alberga los restos del explorador ha sido objeto de siglos de disputa, rivalidad diplom\u00e1tica y an\u00e1lisis forenses.<\/p>\n<p>Col\u00f3n muri\u00f3 en Valladolid, Espa\u00f1a, en 1506, y fue enterrado inicialmente en la Capilla de las Maravillas del Convento de San Francisco de la misma ciudad. Pero sus restos no estaban destinados a permanecer en un solo lugar por mucho tiempo. Pocos a\u00f1os despu\u00e9s de su muerte, su hijo Diego hizo trasladar el cuerpo al monasterio cartujo de Santa Mar\u00eda de las Cuevas, cerca de Sevilla. Col\u00f3n siempre hab\u00eda deseado ser enterrado en el Nuevo Mundo &#8211; las tierras que hab\u00eda abierto a la conquista europea &#8211; y alrededor de 1537, sus deseos finalmente se cumplieron. Mar\u00eda de Rojas y Toledo, viuda de Diego Col\u00f3n, hijo de este \u00faltimo, dispuso que los restos de su esposo y su abuelo fueran enviados a la catedral de Santo Domingo para su sepultura.<\/p>\n<p>All\u00ed reposaron durante m\u00e1s de dos siglos, hasta que la geopol\u00edtica intervino. En 1795, cuando Espa\u00f1a cedi\u00f3 la isla de La Espa\u00f1ola a Francia, las autoridades espa\u00f1olas decidieron que los restos de Col\u00f3n no deb\u00edan caer en manos extranjeras. Un conjunto de restos que se cre\u00edan suyos fue enviado primero a La Habana, Cuba, y luego de vuelta a Sevilla al estallar la guerra hispano-estadounidense en 1898. El monumento que hoy se puede ver en la catedral de Sevilla se instal\u00f3 en 1899: una imponente y dram\u00e1tica estructura en la que un ata\u00fad es llevado en andas por cuatro figuras aleg\u00f3ricas que representan los reinos de Castilla, Arag\u00f3n, Navarra y Le\u00f3n.<\/p>\n<p>Sin embargo, la controversia no termin\u00f3 ah\u00ed. En 1877, unos obreros que excavaban en la catedral de Santo Domingo desenterraron una caja de plomo que conten\u00eda huesos y una inscripci\u00f3n que se traduc\u00eda como \u00abIlustre y distinguido var\u00f3n, Don Crist\u00f3bal Col\u00f3n\u00bb. Los dominicos argumentaron que se trataba de los restos aut\u00e9nticos y que los espa\u00f1oles se hab\u00edan llevado el cuerpo equivocado en 1795. Esta disputa se convirti\u00f3 en un grave punto de conflicto entre Sevilla y Santo Domingo a principios de la d\u00e9cada de 2000, con el orgullo nacional, el turismo y el patrimonio en juego.<\/p>\n<p>Para zanjar el asunto, los cient\u00edficos espa\u00f1oles recurrieron al an\u00e1lisis de ADN. Un equipo forense dirigido por Jos\u00e9 Antonio Lorente, de la Universidad de Granada, dedic\u00f3 m\u00e1s de dos d\u00e9cadas al caso, logrando finalmente identificar los restos de Sevilla como pertenecientes a Hernando, hijo de Col\u00f3n, y a su hermano Diego, quienes tambi\u00e9n reposan en la catedral. Lorente anunci\u00f3 los hallazgos con \u00ababsoluta fiabilidad\u00bb, y la investigaci\u00f3n fue confirmada de forma independiente por laboratorios de Espa\u00f1a, Estados Unidos, M\u00e9xico e Italia.<\/p>\n<p>Sin embargo, incluso este hallazgo trascendental deja lugar a dudas. Los genetistas que estudiaron los huesos de Sevilla observaron que la tumba contiene solo alrededor del veinte por ciento de un esqueleto completo, mientras que un cirujano de Yale que examin\u00f3 los huesos de Santo Domingo en 1960 descubri\u00f3 que tambi\u00e9n faltaban algunos de ellos. Es muy posible que Col\u00f3n nunca fuera trasladado por completo, que sus restos se dividieran inadvertidamente entre continentes, dejando una parte de \u00e9l tanto en el Viejo como en el Nuevo Mundo.<\/p>\n<p>En octubre de 2024, investigadores de la Universidad de Granada reafirmaron sus hallazgos anteriores, afirmando definitivamente que los huesos de la Catedral de Sevilla pertenecen a Col\u00f3n, aunque la Rep\u00fablica Dominicana nunca ha permitido realizar pruebas en sus supuestas reliquias, lo que significa que la cuesti\u00f3n no puede darse por zanjada. Por ahora, la catedral de Sevilla sigue siendo el lugar de descanso del explorador con mayor credibilidad cient\u00edfica, aunque la historia, al igual que el propio Col\u00f3n, se resista a quedarse quieta.<\/p>\n<p>&nbsp;<\/p>\n<p>Bibliograf\u00eda<\/p>\n<p>1. \u00abTumba de Crist\u00f3bal Col\u00f3n\u00bb. *Wikipedia*, \u00faltima modificaci\u00f3n: 9 de febrero de 2026. https:\/\/en.wikipedia.org\/wiki\/Tomb_of_Christopher_Columbus<\/p>\n<p>2. \u00abAn\u00e1lisis de ADN confirma los restos de Crist\u00f3bal Col\u00f3n en Sevilla, resolviendo un misterio de 500 a\u00f1os\u00bb. *Archaeology News Online Magazine*, 14 de octubre de 2024. https:\/\/archaeologymag.com\/2024\/10\/christopher-columbus-remains-in-seville\/<\/p>\n<p>3. \u00abIdentificaci\u00f3n de los restos de Crist\u00f3bal Col\u00f3n\u00bb. *EBSCO Research Starters: History*. https:\/\/www.ebsco.com\/research-starters\/history\/identification-christopher-columbuss-remains<\/p>\n<p>4. Marbut, Frederick. \u00abLos huesos dispersos de Col\u00f3n\u00bb. *Lapham&#8217;s Quarterly*, 15 de octubre de 2013. https:\/\/www.laphamsquarterly.org\/roundtable\/scattered-bones-columbus<\/p>\n<p>5. Reaney, Patricia. \u00abEl ADN verifica los restos de Col\u00f3n en Espa\u00f1a\u00bb. *NBC News*, 19 de mayo de 2006. https:\/\/www.nbcnews.com\/id\/wbna12871458<br \/>\nSend feedback<\/p>\n","protected":false},"excerpt":{"rendered":"<p>\u00a1Hola Color\u00e1s y color\u00f3s! Pocas figuras hist\u00f3ricas han sido tan inquietas en la muerte como en la vida. La tumba de Crist\u00f3bal Col\u00f3n en la catedral de Sevilla es uno de los monumentos m\u00e1s visitados de Espa\u00f1a; sin embargo, la cuesti\u00f3n de si realmente alberga los restos del explorador ha sido objeto de siglos de [&hellip;]<\/p>\n","protected":false},"author":173,"featured_media":11177,"comment_status":"open","ping_status":"open","sticky":false,"template":"","format":"standard","meta":{"_acf_changed":false,"_monsterinsights_skip_tracking":false,"_monsterinsights_sitenote_active":false,"_monsterinsights_sitenote_note":"","_monsterinsights_sitenote_category":0,"footnotes":""},"categories":[45,403,301],"tags":[],"class_list":["post-11176","post","type-post","status-publish","format-standard","has-post-thumbnail","hentry","category-boletin-colorao","category-historias-y-mucho-mas","category-sevilla"],"blocksy_meta":[],"acf":[],"jetpack_featured_media_url":"https:\/\/www.upo.es\/patio-colorado\/wp-content\/uploads\/2026\/04\/christopher-columbus.webp","_links":{"self":[{"href":"https:\/\/www.upo.es\/patio-colorado\/wp-json\/wp\/v2\/posts\/11176","targetHints":{"allow":["GET"]}}],"collection":[{"href":"https:\/\/www.upo.es\/patio-colorado\/wp-json\/wp\/v2\/posts"}],"about":[{"href":"https:\/\/www.upo.es\/patio-colorado\/wp-json\/wp\/v2\/types\/post"}],"author":[{"embeddable":true,"href":"https:\/\/www.upo.es\/patio-colorado\/wp-json\/wp\/v2\/users\/173"}],"replies":[{"embeddable":true,"href":"https:\/\/www.upo.es\/patio-colorado\/wp-json\/wp\/v2\/comments?post=11176"}],"version-history":[{"count":1,"href":"https:\/\/www.upo.es\/patio-colorado\/wp-json\/wp\/v2\/posts\/11176\/revisions"}],"predecessor-version":[{"id":11178,"href":"https:\/\/www.upo.es\/patio-colorado\/wp-json\/wp\/v2\/posts\/11176\/revisions\/11178"}],"wp:featuredmedia":[{"embeddable":true,"href":"https:\/\/www.upo.es\/patio-colorado\/wp-json\/wp\/v2\/media\/11177"}],"wp:attachment":[{"href":"https:\/\/www.upo.es\/patio-colorado\/wp-json\/wp\/v2\/media?parent=11176"}],"wp:term":[{"taxonomy":"category","embeddable":true,"href":"https:\/\/www.upo.es\/patio-colorado\/wp-json\/wp\/v2\/categories?post=11176"},{"taxonomy":"post_tag","embeddable":true,"href":"https:\/\/www.upo.es\/patio-colorado\/wp-json\/wp\/v2\/tags?post=11176"}],"curies":[{"name":"wp","href":"https:\/\/api.w.org\/{rel}","templated":true}]}}