{"id":1156,"date":"2020-05-04T18:43:46","date_gmt":"2020-05-04T18:43:46","guid":{"rendered":"https:\/\/www.upo.es\/patio-colorado\/?p=1156"},"modified":"2020-05-04T18:45:03","modified_gmt":"2020-05-04T18:45:03","slug":"comienza-la-restauracion-de-las-columnas-de-la-alameda-de-hercules","status":"publish","type":"post","link":"https:\/\/www.upo.es\/patio-colorado\/2020\/05\/04\/comienza-la-restauracion-de-las-columnas-de-la-alameda-de-hercules\/","title":{"rendered":"Comienza la restauraci\u00f3n de las columnas de la Alameda de H\u00e9rcules"},"content":{"rendered":"<p style=\"text-align: jusitfy\">Hoy, lunes 4 de mayo, dan comienzo los trabajos de restauraci\u00f3n de las columnas del extremo sur de la Alameda de H\u00e9rcules. El \u00faltimo proceso de conservaci\u00f3n que sufrieron estas dos columnas se realiz\u00f3 en 2018, aunque fue muy superficial.<\/p>\n<p style=\"text-align: jusitfy\">El fuste de las columnas del lado sur es romano, en concreto provienen de la cercana It\u00e1lica. Las columnas fueron trasladadas en \u00e9poca romana desde ese n\u00facleo de poblaci\u00f3n a la antigua Hispalis, y en el siglo XVI se movieron desde la calle m\u00e1rmoles a su ubicaci\u00f3n actual.<\/p>\n<p style=\"text-align: jusitfy\">Ya convertidas en un s\u00edmbolo de la ciudad, las columnas han permanecido en el mismo sitio, pero sufriendo una serie de modificaciones. Sobre las mismas se colocaron esculturas, una de H\u00e9rcules y otra de Julio Cesar, personajes relacionados con la antig\u00fcedad m\u00edtica de la ciudad, y se situaron sobre unos pedestales protegidos por una reja.<\/p>\n<p style=\"text-align: jusitfy\">En la intervenci\u00f3n actual se consolidaran tanto los basamentos como los capiteles con las respectivas esculturas y se va a limpiar en profundidad toda la superficie. Tambi\u00e9n existe la posibilidad de que aparezcan nuevas patolog\u00edas durante la intervenci\u00f3n, por lo que se pueden ampliar los procesos para acabar con las mismas. Por \u00faltimo, se va a proceder a la recuperaci\u00f3n de las rejas perimetrales que proteg\u00edan los pedestales y que se retiraron en la reforma de la Alameda del a\u00f1o 2008.<\/p>\n<p style=\"text-align: jusitfy\">Debido a la situaci\u00f3n actual por la pandemia del COVID-19, solo trabajar\u00e1 un restaurador por columna, por ello la duraci\u00f3n de los trabajos en este par de columnas de la zona sur se estiman en torno a los dos meses. Cuando concluyan los trabajos de restauraci\u00f3n en estas se dar\u00e1 comienzo una misma intervenci\u00f3n en las columnas del lado norte del parque sevillano, mucho m\u00e1s posteriores, pero igualmente necesitadas de una limpieza y consolidaci\u00f3n.<\/p>\n<p style=\"text-align: jusitfy\">(foto de ABC)<\/p>\n","protected":false},"excerpt":{"rendered":"<p>Hoy, lunes 4 de mayo, dan comienzo los trabajos de restauraci\u00f3n de las columnas del extremo sur de la Alameda de H\u00e9rcules. El \u00faltimo proceso de conservaci\u00f3n que sufrieron estas dos columnas se realiz\u00f3 en 2018, aunque fue muy superficial. El fuste de las columnas del lado sur es romano, en concreto provienen de la [&hellip;]<\/p>\n","protected":false},"author":4,"featured_media":1158,"comment_status":"open","ping_status":"open","sticky":false,"template":"","format":"standard","meta":{"_acf_changed":false,"_monsterinsights_skip_tracking":false,"_monsterinsights_sitenote_active":false,"_monsterinsights_sitenote_note":"","_monsterinsights_sitenote_category":0,"footnotes":""},"categories":[45,24,44],"tags":[],"class_list":["post-1156","post","type-post","status-publish","format-standard","has-post-thumbnail","hentry","category-boletin-colorao","category-conservacion-y-restauracion","category-patrimonio"],"blocksy_meta":[],"acf":[],"jetpack_featured_media_url":"https:\/\/www.upo.es\/patio-colorado\/wp-content\/uploads\/2020\/05\/restauracion-columnas-hercules-sevilla3_xoptimizadax.jpg","_links":{"self":[{"href":"https:\/\/www.upo.es\/patio-colorado\/wp-json\/wp\/v2\/posts\/1156","targetHints":{"allow":["GET"]}}],"collection":[{"href":"https:\/\/www.upo.es\/patio-colorado\/wp-json\/wp\/v2\/posts"}],"about":[{"href":"https:\/\/www.upo.es\/patio-colorado\/wp-json\/wp\/v2\/types\/post"}],"author":[{"embeddable":true,"href":"https:\/\/www.upo.es\/patio-colorado\/wp-json\/wp\/v2\/users\/4"}],"replies":[{"embeddable":true,"href":"https:\/\/www.upo.es\/patio-colorado\/wp-json\/wp\/v2\/comments?post=1156"}],"version-history":[{"count":4,"href":"https:\/\/www.upo.es\/patio-colorado\/wp-json\/wp\/v2\/posts\/1156\/revisions"}],"predecessor-version":[{"id":1167,"href":"https:\/\/www.upo.es\/patio-colorado\/wp-json\/wp\/v2\/posts\/1156\/revisions\/1167"}],"wp:featuredmedia":[{"embeddable":true,"href":"https:\/\/www.upo.es\/patio-colorado\/wp-json\/wp\/v2\/media\/1158"}],"wp:attachment":[{"href":"https:\/\/www.upo.es\/patio-colorado\/wp-json\/wp\/v2\/media?parent=1156"}],"wp:term":[{"taxonomy":"category","embeddable":true,"href":"https:\/\/www.upo.es\/patio-colorado\/wp-json\/wp\/v2\/categories?post=1156"},{"taxonomy":"post_tag","embeddable":true,"href":"https:\/\/www.upo.es\/patio-colorado\/wp-json\/wp\/v2\/tags?post=1156"}],"curies":[{"name":"wp","href":"https:\/\/api.w.org\/{rel}","templated":true}]}}