{"id":1271,"date":"2020-05-22T10:57:17","date_gmt":"2020-05-22T10:57:17","guid":{"rendered":"https:\/\/www.upo.es\/patio-colorado\/?p=1271"},"modified":"2020-05-22T10:57:17","modified_gmt":"2020-05-22T10:57:17","slug":"nuevo-panorama-para-el-espectaculo-flamenco-en-sevilla","status":"publish","type":"post","link":"https:\/\/www.upo.es\/patio-colorado\/2020\/05\/22\/nuevo-panorama-para-el-espectaculo-flamenco-en-sevilla\/","title":{"rendered":"Nuevo panorama para el espect\u00e1culo flamenco en Sevilla"},"content":{"rendered":"<p align=\"justify\">El Flamenco es uno de los sellos de la provincia sevillana y su variedad de espect\u00e1culos y festivales son notoriamente conocidos dentro y fuera de la provincia. Desde escenarios m\u00e1s \u00edntimos hasta grandes festivales llenan Sevilla de flamenco cada a\u00f1o, y m\u00e1s aun, en estas fechas.<\/p>\n<p align=\"justify\">Debido a la reorganizaci\u00f3n que ha sufrido el pa\u00eds con la llegada del COVID-19, el panorama musical se ha visto fuertemente perjudicado, en este caso, los festivales musicales de flamenco no van a poder celebrarse, al menos, en los pr\u00f3ximos meses y de la manera que conoc\u00edamos hasta ahora.<\/p>\n<p align=\"justify\">La Bienal de Flamenco de Sevilla, que en 2018 acogi\u00f3 a m\u00e1s de 120.000 espectadores, se ha visto obligada a tomar medidas alternativas en este 2020 que tanto promet\u00eda. Tendr\u00e1 inicio el 4 de septiembre y han decidido continuar con el espect\u00e1culo aunque con algunos cambios, si se prolongara la alerta sanitaria el espect\u00e1culo se emitir\u00e1 en \u2018streaming\u2019 de forma gratuita o si ese no fuera el caso, tendr\u00eda un mayor l\u00edmite de aforo.<\/p>\n<p align=\"justify\">Por otro lado, espect\u00e1culos como La Caracol\u00e1 de Lebrija que en 2019 homenaje\u00f3 al cantaor gitano Manuel de Paula o La Mistela de Los Palacios tambi\u00e9n se han visto obligados a aplazarse.<\/p>\n<p align=\"justify\">Este arte tan andaluz, siempre se ha caracterizado por su \u2018directo\u2019, por lo tanto, dentro de las artes que se han estancado por esta pandemia mundial, el flamenco a\u00fan m\u00e1s, pues se sirve de sus espectadores.<\/p>\n","protected":false},"excerpt":{"rendered":"<p>El Flamenco es uno de los sellos de la provincia sevillana y su variedad de espect\u00e1culos y festivales son notoriamente conocidos dentro y fuera de la provincia. Desde escenarios m\u00e1s \u00edntimos hasta grandes festivales llenan Sevilla de flamenco cada a\u00f1o, y m\u00e1s aun, en estas fechas. Debido a la reorganizaci\u00f3n que ha sufrido el pa\u00eds [&hellip;]<\/p>\n","protected":false},"author":24,"featured_media":1272,"comment_status":"open","ping_status":"open","sticky":false,"template":"","format":"standard","meta":{"_acf_changed":false,"_monsterinsights_skip_tracking":false,"_monsterinsights_sitenote_active":false,"_monsterinsights_sitenote_note":"","_monsterinsights_sitenote_category":0,"footnotes":""},"categories":[45,12],"tags":[89,28,149,6],"class_list":["post-1271","post","type-post","status-publish","format-standard","has-post-thumbnail","hentry","category-boletin-colorao","category-eventos","tag-flamenco","tag-arte","tag-danza","tag-sevilla"],"blocksy_meta":[],"acf":[],"jetpack_featured_media_url":"https:\/\/www.upo.es\/patio-colorado\/wp-content\/uploads\/2020\/05\/bienal-flamenco-kWx-1200x630@abc.jpg","_links":{"self":[{"href":"https:\/\/www.upo.es\/patio-colorado\/wp-json\/wp\/v2\/posts\/1271","targetHints":{"allow":["GET"]}}],"collection":[{"href":"https:\/\/www.upo.es\/patio-colorado\/wp-json\/wp\/v2\/posts"}],"about":[{"href":"https:\/\/www.upo.es\/patio-colorado\/wp-json\/wp\/v2\/types\/post"}],"author":[{"embeddable":true,"href":"https:\/\/www.upo.es\/patio-colorado\/wp-json\/wp\/v2\/users\/24"}],"replies":[{"embeddable":true,"href":"https:\/\/www.upo.es\/patio-colorado\/wp-json\/wp\/v2\/comments?post=1271"}],"version-history":[{"count":1,"href":"https:\/\/www.upo.es\/patio-colorado\/wp-json\/wp\/v2\/posts\/1271\/revisions"}],"predecessor-version":[{"id":1273,"href":"https:\/\/www.upo.es\/patio-colorado\/wp-json\/wp\/v2\/posts\/1271\/revisions\/1273"}],"wp:featuredmedia":[{"embeddable":true,"href":"https:\/\/www.upo.es\/patio-colorado\/wp-json\/wp\/v2\/media\/1272"}],"wp:attachment":[{"href":"https:\/\/www.upo.es\/patio-colorado\/wp-json\/wp\/v2\/media?parent=1271"}],"wp:term":[{"taxonomy":"category","embeddable":true,"href":"https:\/\/www.upo.es\/patio-colorado\/wp-json\/wp\/v2\/categories?post=1271"},{"taxonomy":"post_tag","embeddable":true,"href":"https:\/\/www.upo.es\/patio-colorado\/wp-json\/wp\/v2\/tags?post=1271"}],"curies":[{"name":"wp","href":"https:\/\/api.w.org\/{rel}","templated":true}]}}