{"id":1275,"date":"2020-05-22T17:08:18","date_gmt":"2020-05-22T17:08:18","guid":{"rendered":"https:\/\/www.upo.es\/patio-colorado\/?p=1275"},"modified":"2020-05-22T17:08:18","modified_gmt":"2020-05-22T17:08:18","slug":"decimos-adios-al-historico-taller-de-orfebreria-triana","status":"publish","type":"post","link":"https:\/\/www.upo.es\/patio-colorado\/2020\/05\/22\/decimos-adios-al-historico-taller-de-orfebreria-triana\/","title":{"rendered":"Decimos adi\u00f3s al hist\u00f3rico taller de Orfebrer\u00eda Triana"},"content":{"rendered":"<p>En el mundo del arte, cada vez tenemos m\u00e1s presente que la crisis del coronavirus est\u00e1 afectando en todas las especialidades. Esta vez ha golpeado duramente al sector del arte sacro, concretamente al taller de Orfebrer\u00eda Triana, que ha cerrado sus puertas definitivamente tras casi cinco d\u00e9cadas de trabajo. Hist\u00f3ricamente, este taller estaba regentado por Juan Borrero Campos, aunque desde hace unos a\u00f1os lo dirig\u00eda su hijo, Juan Antonio Borrero, y, adem\u00e1s, desde hace una d\u00e9cada se encontraba en la localidad de Bormujos.<\/p>\n<p>El descenso en la producci\u00f3n de los \u00faltimos meses, sumado a la llegada de la crisis del coronavirus, ha provocado el cierre irrevocable, que se conoc\u00eda en la ma\u00f1ana del 15 de mayo. Hemos de destacar que su creador, Juan Borrero, ha dedicado toda su vida a la orfebrer\u00eda. Empez\u00f3 tan solo con 13 a\u00f1os a trabajar y en 1973 abr\u00eda su taller junto a Francisco Fern\u00e1ndez, en plena calle Pureza.<\/p>\n<p>De este taller de orfebrer\u00eda proceden algunas de las mejores piezas de la Semana Santa de Andaluc\u00eda de este \u00faltimo medio siglo, como los sagrarios de la Bas\u00edlica del Gran Poder y de la capilla de los Marineros de la Hermandad de la Esperanza de Triana, las tres coronas de oro utilizadas para las coronaciones can\u00f3nicas de la Esperanza, la Estrella y la Virgen de la O y la carreta del Simpecado del Roc\u00edo de La Macarena.<\/p>\n<p>Javier S\u00e1nchez de los Reyes, participante en la exposici\u00f3n monogr\u00e1fica sobre Juan Borrero realizada en 2014, considera que con el cierre de este taller <strong>\u00ab<\/strong>termina toda una \u00e9poca<strong>,<\/strong> un eslab\u00f3n important\u00edsimo que ha dado paso a otro y que seguir\u00e1 dando sus frutos porque ha sembrado la semilla\u00bb. Desgraciadamente, y como adelant\u00e1bamos al comienzo de la noticia, la crisis econ\u00f3mica golpea duramente a todo el sector art\u00edstico, y Francisco Carrera Iglesias, presidente de los artesanos, asegura que <strong>\u00ab<\/strong>el 80% de los trabajos para la Semana Santa 2020 se quedaron en estos talleres sin cobrar\u00bb. La situaci\u00f3n es complicada, por lo que, una vez que la normalidad vaya sumergi\u00e9ndose de nuevo entre nosotros, debemos realizar un ejercicio de reflexi\u00f3n acerca de los sectores m\u00e1s perjudicados por esta crisis y apoyarlos, de cualquier manera que sea posible.<\/p>\n<p><img loading=\"lazy\" decoding=\"async\" class=\" wp-image-1277 aligncenter\" src=\"https:\/\/www.upo.es\/patio-colorado\/wp-content\/uploads\/2020\/05\/juan-borrero-orfebre-644x362-1-300x169.jpg\" alt=\"\" width=\"367\" height=\"207\" srcset=\"https:\/\/www.upo.es\/patio-colorado\/wp-content\/uploads\/2020\/05\/juan-borrero-orfebre-644x362-1-300x169.jpg 300w, https:\/\/www.upo.es\/patio-colorado\/wp-content\/uploads\/2020\/05\/juan-borrero-orfebre-644x362-1.jpg 644w\" sizes=\"auto, (max-width: 367px) 100vw, 367px\" \/><\/p>\n","protected":false},"excerpt":{"rendered":"<p>En el mundo del arte, cada vez tenemos m\u00e1s presente que la crisis del coronavirus est\u00e1 afectando en todas las especialidades. Esta vez ha golpeado duramente al sector del arte sacro, concretamente al taller de Orfebrer\u00eda Triana, que ha cerrado sus puertas definitivamente tras casi cinco d\u00e9cadas de trabajo. Hist\u00f3ricamente, este taller estaba regentado por [&hellip;]<\/p>\n","protected":false},"author":18,"featured_media":1276,"comment_status":"open","ping_status":"open","sticky":false,"template":"","format":"standard","meta":{"_acf_changed":false,"_monsterinsights_skip_tracking":false,"_monsterinsights_sitenote_active":false,"_monsterinsights_sitenote_note":"","_monsterinsights_sitenote_category":0,"footnotes":""},"categories":[45,46],"tags":[236,237,235,238],"class_list":["post-1275","post","type-post","status-publish","format-standard","has-post-thumbnail","hentry","category-boletin-colorao","category-en-la-prensa","tag-cierre","tag-juanborrero","tag-orfebreria","tag-orfebreriatriana"],"blocksy_meta":[],"acf":[],"jetpack_featured_media_url":"https:\/\/www.upo.es\/patio-colorado\/wp-content\/uploads\/2020\/05\/untitled.png","_links":{"self":[{"href":"https:\/\/www.upo.es\/patio-colorado\/wp-json\/wp\/v2\/posts\/1275","targetHints":{"allow":["GET"]}}],"collection":[{"href":"https:\/\/www.upo.es\/patio-colorado\/wp-json\/wp\/v2\/posts"}],"about":[{"href":"https:\/\/www.upo.es\/patio-colorado\/wp-json\/wp\/v2\/types\/post"}],"author":[{"embeddable":true,"href":"https:\/\/www.upo.es\/patio-colorado\/wp-json\/wp\/v2\/users\/18"}],"replies":[{"embeddable":true,"href":"https:\/\/www.upo.es\/patio-colorado\/wp-json\/wp\/v2\/comments?post=1275"}],"version-history":[{"count":2,"href":"https:\/\/www.upo.es\/patio-colorado\/wp-json\/wp\/v2\/posts\/1275\/revisions"}],"predecessor-version":[{"id":1279,"href":"https:\/\/www.upo.es\/patio-colorado\/wp-json\/wp\/v2\/posts\/1275\/revisions\/1279"}],"wp:featuredmedia":[{"embeddable":true,"href":"https:\/\/www.upo.es\/patio-colorado\/wp-json\/wp\/v2\/media\/1276"}],"wp:attachment":[{"href":"https:\/\/www.upo.es\/patio-colorado\/wp-json\/wp\/v2\/media?parent=1275"}],"wp:term":[{"taxonomy":"category","embeddable":true,"href":"https:\/\/www.upo.es\/patio-colorado\/wp-json\/wp\/v2\/categories?post=1275"},{"taxonomy":"post_tag","embeddable":true,"href":"https:\/\/www.upo.es\/patio-colorado\/wp-json\/wp\/v2\/tags?post=1275"}],"curies":[{"name":"wp","href":"https:\/\/api.w.org\/{rel}","templated":true}]}}