{"id":1282,"date":"2020-05-23T09:07:56","date_gmt":"2020-05-23T09:07:56","guid":{"rendered":"https:\/\/www.upo.es\/patio-colorado\/?p=1282"},"modified":"2020-05-23T09:07:56","modified_gmt":"2020-05-23T09:07:56","slug":"una-visita-virtual-a-la-casa-natal-del-genial-velazquez","status":"publish","type":"post","link":"https:\/\/www.upo.es\/patio-colorado\/2020\/05\/23\/una-visita-virtual-a-la-casa-natal-del-genial-velazquez\/","title":{"rendered":"Una visita virtual a la Casa Natal del genial Vel\u00e1zquez"},"content":{"rendered":"<p><img loading=\"lazy\" decoding=\"async\" class=\"size-medium wp-image-1284 aligncenter\" src=\"https:\/\/www.upo.es\/patio-colorado\/wp-content\/uploads\/2020\/05\/casa-velazquez-esta-s\u00ed-300x169.jpg\" alt=\"\" width=\"300\" height=\"169\" srcset=\"https:\/\/www.upo.es\/patio-colorado\/wp-content\/uploads\/2020\/05\/casa-velazquez-esta-s\u00ed-300x169.jpg 300w, https:\/\/www.upo.es\/patio-colorado\/wp-content\/uploads\/2020\/05\/casa-velazquez-esta-s\u00ed.jpg 620w\" sizes=\"auto, (max-width: 300px) 100vw, 300px\" \/><\/p>\n<p style=\"text-align: center\">Mar\u00eda Jes\u00fas Pereira, en ABC de Sevilla.<\/p>\n<p>\u00a1C\u00f3mo pasa el tiempo! Ya estamos con un tiempo casi veraniego y no nos hemos dado cuenta. En otras circunstancias distintas a las que vivimos hoy, habr\u00edamos dicho que \u201cpoco a poco se acerca el verano\u201d. Sin embargo, un largo encierro ha hecho que nos saltemos las distintas fases del calor propio de estos meses de primavera para entrar casi de lleno en la estaci\u00f3n m\u00e1s larga para estas tierras. Sin casi percatarnos, han pasado ya la Semana Santa, la Feria y casi la fecha en la que romeros y carretas salen al encuentro de la Reina de las Marismas. Si bien hemos podido celebrar estas fiestas de una manera muy peculiar, no hemos dejado de hacerlo. No hemos dejado de hacer tampoco aquello a lo que estamos acostumbrados, a pesar de las circunstancias de distanciamiento social y del confinamiento. Todo ha dado un giro inesperado y esto ha desembocado en compartir momentos con nuestra familia, con aquellos que quiz\u00e1s no lo habr\u00edamos hecho en otra situaci\u00f3n.<\/p>\n<p>&nbsp;<\/p>\n<p>Por eso, a pesar de ir pasando de fases, hemos de seguir velando por la seguridad de uno mismo y del pr\u00f3jimo. As\u00ed, siguen siendo muchas las plataformas que siguen ofreciendo muchos de sus contenidos de manera virtual con el objetivo de evitar salir y reunir a un n\u00famero m\u00e1s o menos grande personas. \u00bfM\u00e1s actividades virtuales? S\u00ed. \u00bfQuieres hacer una visita virtual a la casa que vio nacer al mismo Vel\u00e1zquez? Este es tu art\u00edculo pues.<\/p>\n<p>&nbsp;<\/p>\n<p>Vel\u00e1zquez fue uno de los artistas m\u00e1s importantes de la \u00e9poca conocida como Siglo de Oro. Sin encajar las fechas de este \u201csiglo\u201d en un per\u00edodo de cien a\u00f1os, sino que se extiende aproximadamente medio siglo m\u00e1s, se trata de una de las etapas m\u00e1s prol\u00edferas del arte espa\u00f1ol. Este pintor nace en Sevilla el \u00faltimo a\u00f1o del siglo XVI, desarrollando toda su obra en pleno siglo XVII. Con una carrera dividida en dos etapas, la primera en Sevilla y la segunda en Madrid, ser\u00e1 esta \u00faltima la que tenga m\u00e1s relevancia especialmente desde el punto de vista de reconocimiento, al llegar a ser pintor de c\u00e1mara, del rey Felipe IV. Su obra, por tanto, cobra una singular importancia, al retratar a la corte. Sin embargo, no se queda ah\u00ed, sino que escala a\u00fan m\u00e1s al pintar a la m\u00e1xima autoridad sobre la tierra: al Papa. Con un cuadro de Su Santidad el Papa Inocencio X, Vel\u00e1zquez pintaba al vicario de Dios en este mundo.<\/p>\n<p><img loading=\"lazy\" decoding=\"async\" class=\"size-medium wp-image-1283 aligncenter\" src=\"https:\/\/www.upo.es\/patio-colorado\/wp-content\/uploads\/2020\/05\/600px-VEL\u00c1ZQUEZ_-_Vieja_friendo_huevos_National_Galleries_of_Scotland_1618._\u00d3leo_sobre_lienzo_100.5_x_119.5_cm-300x256.jpg\" alt=\"\" width=\"300\" height=\"256\" srcset=\"https:\/\/www.upo.es\/patio-colorado\/wp-content\/uploads\/2020\/05\/600px-VEL\u00c1ZQUEZ_-_Vieja_friendo_huevos_National_Galleries_of_Scotland_1618._\u00d3leo_sobre_lienzo_100.5_x_119.5_cm-300x256.jpg 300w, https:\/\/www.upo.es\/patio-colorado\/wp-content\/uploads\/2020\/05\/600px-VEL\u00c1ZQUEZ_-_Vieja_friendo_huevos_National_Galleries_of_Scotland_1618._\u00d3leo_sobre_lienzo_100.5_x_119.5_cm.jpg 600w\" sizes=\"auto, (max-width: 300px) 100vw, 300px\" \/><\/p>\n<p style=\"text-align: center\">Imagen obtenida de CreativeCommons, de dominio p\u00fablico.<\/p>\n<p>&nbsp;<\/p>\n<p>Un artista tan extraordinario traspasa fronteras. Sus obras se exponen m\u00e1s all\u00e1 de nuestras tierras espa\u00f1olas, lo que lo hacen mundialmente conocido. En este punto, cabe plantearse varias cuestiones. \u00bfQui\u00e9n no conoce a esa <em>Vieja friendo huevos<\/em>, con ese aceite que parece hervir y nos hace incluso imaginarnos el sonido del chisporroteo fruto del contacto del huevo con el aceite? \u00bfY esa <em>Adoraci\u00f3n de los Magos<\/em>, en la que los personajes parecen cobrar vida? Por eso, merece la pena la visita virtual al lugar que lo vio nacer, su casa natal, en la ciudad de Sevilla. Se trata de una visita que tendr\u00e1 lugar de manera virtual a las 19 horas del pr\u00f3ximo martes 26 de mayo. Organizada por \u201cHispania Nostra\u201d, podr\u00e1s obtener m\u00e1s informaci\u00f3n en la web <span style=\"color: #000080\">casanatalvelazquez.com<\/span>. Se precisa tambi\u00e9n de inscripci\u00f3n en el enlace que aparece a continuaci\u00f3n, donde podr\u00e1 encontrar m\u00e1s informaci\u00f3n acerca del evento:<\/p>\n<p><span style=\"color: #000080\"><a style=\"color: #000080\" href=\"https:\/\/www.hispanianostra.org\/evento\/hispanianostracontigoencasa-visita-exclusiva-a-la-casa-natal-de-velazquez-en-sevilla\/\">https:\/\/www.hispanianostra.org\/evento\/hispanianostracontigoencasa-visita-exclusiva-a-la-casa-natal-de-velazquez-en-sevilla\/<\/a><\/span><\/p>\n<p>Es una oportunidad que no podemos dejar pasar. Aprovechemos este tiempo para profundizar en la vida de un artista excelente y de una trayectoria m\u00e1s que admirable. Nos vemos, por supuesto de manera virtual, el martes a las 19 h.<\/p>\n","protected":false},"excerpt":{"rendered":"<p>Mar\u00eda Jes\u00fas Pereira, en ABC de Sevilla. \u00a1C\u00f3mo pasa el tiempo! Ya estamos con un tiempo casi veraniego y no nos hemos dado cuenta. En otras circunstancias distintas a las que vivimos hoy, habr\u00edamos dicho que \u201cpoco a poco se acerca el verano\u201d. Sin embargo, un largo encierro ha hecho que nos saltemos las distintas [&hellip;]<\/p>\n","protected":false},"author":17,"featured_media":1284,"comment_status":"open","ping_status":"open","sticky":false,"template":"","format":"standard","meta":{"_acf_changed":false,"_monsterinsights_skip_tracking":false,"_monsterinsights_sitenote_active":false,"_monsterinsights_sitenote_note":"","_monsterinsights_sitenote_category":0,"footnotes":""},"categories":[12],"tags":[],"class_list":["post-1282","post","type-post","status-publish","format-standard","has-post-thumbnail","hentry","category-eventos"],"blocksy_meta":[],"acf":[],"jetpack_featured_media_url":"https:\/\/www.upo.es\/patio-colorado\/wp-content\/uploads\/2020\/05\/casa-velazquez-esta-s\u00ed.jpg","_links":{"self":[{"href":"https:\/\/www.upo.es\/patio-colorado\/wp-json\/wp\/v2\/posts\/1282","targetHints":{"allow":["GET"]}}],"collection":[{"href":"https:\/\/www.upo.es\/patio-colorado\/wp-json\/wp\/v2\/posts"}],"about":[{"href":"https:\/\/www.upo.es\/patio-colorado\/wp-json\/wp\/v2\/types\/post"}],"author":[{"embeddable":true,"href":"https:\/\/www.upo.es\/patio-colorado\/wp-json\/wp\/v2\/users\/17"}],"replies":[{"embeddable":true,"href":"https:\/\/www.upo.es\/patio-colorado\/wp-json\/wp\/v2\/comments?post=1282"}],"version-history":[{"count":1,"href":"https:\/\/www.upo.es\/patio-colorado\/wp-json\/wp\/v2\/posts\/1282\/revisions"}],"predecessor-version":[{"id":1285,"href":"https:\/\/www.upo.es\/patio-colorado\/wp-json\/wp\/v2\/posts\/1282\/revisions\/1285"}],"wp:featuredmedia":[{"embeddable":true,"href":"https:\/\/www.upo.es\/patio-colorado\/wp-json\/wp\/v2\/media\/1284"}],"wp:attachment":[{"href":"https:\/\/www.upo.es\/patio-colorado\/wp-json\/wp\/v2\/media?parent=1282"}],"wp:term":[{"taxonomy":"category","embeddable":true,"href":"https:\/\/www.upo.es\/patio-colorado\/wp-json\/wp\/v2\/categories?post=1282"},{"taxonomy":"post_tag","embeddable":true,"href":"https:\/\/www.upo.es\/patio-colorado\/wp-json\/wp\/v2\/tags?post=1282"}],"curies":[{"name":"wp","href":"https:\/\/api.w.org\/{rel}","templated":true}]}}