{"id":1515,"date":"2021-02-10T15:16:41","date_gmt":"2021-02-10T15:16:41","guid":{"rendered":"https:\/\/www.upo.es\/patio-colorado\/?p=1515"},"modified":"2021-02-13T11:25:04","modified_gmt":"2021-02-13T11:25:04","slug":"un-carnaval-un-poco-especial","status":"publish","type":"post","link":"https:\/\/www.upo.es\/patio-colorado\/2021\/02\/10\/un-carnaval-un-poco-especial\/","title":{"rendered":"Un carnaval un poco especial"},"content":{"rendered":"<p>Est\u00e1 claro que 2020 y 2021 se est\u00e1 llevando por delante muchas de nuestras fiestas y manifestaciones culturales m\u00e1s preciadas. Pero la ilusi\u00f3n, que nunca se pierde, hace aflorar proyectos e ideas nuevas y, por supuesto, el Carnaval de C\u00e1diz no iba a ser una excepci\u00f3n. Te dejamos por aqu\u00ed un resumen y enlaces para que puedas disfrutar de todas las iniciativas que se han puesto en marcha para los amantes del carnaval.<\/p>\n<p><strong><u>Carnaval virtual<\/u><\/strong><\/p>\n<p>Como todos los proyectos que se est\u00e1n llevando a cabo este a\u00f1o, el Carnaval de C\u00e1diz se traslada de las calles a las plataformas virtuales con varios proyectos a cargo del Ayuntamiento de la ciudad.<\/p>\n<p>Por un lado, en Onda C\u00e1diz RTV encontrar\u00e1s, tanto en la televisi\u00f3n como en la radio, varios programas en relaci\u00f3n con el carnaval de los \u00faltimos a\u00f1os. Desde el 30 de enero, se ha empezado a emitir <em>En el palco del Falla<\/em> y con ellos podr\u00e1s volver a recordar actuaciones m\u00edticas de la historia del Carnaval hasta el 12 de febrero, d\u00eda que coincide con la que deber\u00eda haber sido la Gran Final del COAC este 2021. En su web tendr\u00e1s acceso al v\u00eddeo <em>La magia de las preliminares<\/em>: <a href=\"https:\/\/ondacadiz.es\/programa-television\/el-palco-del-falla\/2021\/el-palco-del-falla-0\">https:\/\/ondacadiz.es\/programa-television\/el-palco-del-falla\/2021\/el-palco-del-falla-0<\/a>.<\/p>\n<p>Adem\u00e1s, el Ayuntamiento ha puesto en marcha una campa\u00f1a de concienciaci\u00f3n de la covid-19 titulada <em>Conserva las ganas. <\/em>Con ella pretenden animar a los gaditanos a sentir el Carnaval siguiendo las medidas sanitarias necesarias y d\u00e1ndoles acceso a varias iniciativas municipales en \u00a0<a href=\"http:\/\/www.conservalasganas.cadiz.es\">www.conservalasganas.cadiz.es<\/a> a partir de ma\u00f1ana, 11 de febrero. Desde este portal web se intentar\u00e1n agrupar las iniciativas carnavalescas de todos aquellos que quieran participar. Toda la informaci\u00f3n sobre el resto de las actividades la puedes encontrar en este enlace: <a href=\"http:\/\/institucional.cadiz.es\/evento\/carnaval-De-C%c3%a1Diz-2021\">http:\/\/institucional.cadiz.es\/evento\/carnaval-De-C%c3%a1Diz-2021<\/a><\/p>\n<p><strong>\u00a0\u00a0\u00a0\u00a0\u00a0\u00a0\u00a0\u00a0\u00a0\u00a0\u00a0 <u>El concurso del milenio<\/u><\/strong><\/p>\n<p>Por otro lado, Canal Sur Radio tambi\u00e9n ha aportado su granito de arena y todos los d\u00edas emitir\u00e1, hasta el 12 de febrero, el C<em>oncurso del Milenio<\/em> a las 21h. En este programa disfrutar\u00e1s de un repaso por la historia del Carnaval a trav\u00e9s de 150 agrupaciones elegidas desde el a\u00f1o 2000 al 2020. El 12 de febrero ser\u00e1 la final, en la que tanto espectadores como jurado tendr\u00e1n la oportunidad de elegir a las cuatro mejores agrupaciones del milenio. No te preocupes si no has podido escuchar todos los programas porque los tienes todos disponibles en este enlace: <a href=\"https:\/\/www.canalsur.es\/radio\/programas\/el-concurso-del-milenio\/detalle\/16204229.html\">https:\/\/www.canalsur.es\/radio\/programas\/el-concurso-del-milenio\/detalle\/16204229.html<\/a><\/p>\n<p>Adem\u00e1s, Canal Sur ofrece programas sobre Carnaval a los que podr\u00e1s acceder en su portal <em>Carnaval Sur<\/em>. Igualmente, el d\u00eda 12, se emitir\u00e1 la final del<em> Concurso del Milen<\/em>io de forma simult\u00e1nea en la televisi\u00f3n y la radio a las 21h. \u00a1NO TE LO\u00a0PIERDAS!<\/p>\n<figure id=\"attachment_1517\" aria-describedby=\"caption-attachment-1517\" style=\"width: 258px\" class=\"wp-caption alignnone\"><img loading=\"lazy\" decoding=\"async\" class=\"wp-image-1517\" src=\"https:\/\/www.upo.es\/patio-colorado\/wp-content\/uploads\/2021\/02\/conserva-las-ganas-1-209x300.jpg\" alt=\"\" width=\"258\" height=\"370\" srcset=\"https:\/\/www.upo.es\/patio-colorado\/wp-content\/uploads\/2021\/02\/conserva-las-ganas-1-209x300.jpg 209w, https:\/\/www.upo.es\/patio-colorado\/wp-content\/uploads\/2021\/02\/conserva-las-ganas-1.jpg 597w\" sizes=\"auto, (max-width: 258px) 100vw, 258px\" \/><figcaption id=\"caption-attachment-1517\" class=\"wp-caption-text\">Imagen de la campa\u00f1a Conserva las ganas<\/figcaption><\/figure>\n","protected":false},"excerpt":{"rendered":"<p>Est\u00e1 claro que 2020 y 2021 se est\u00e1 llevando por delante muchas de nuestras fiestas y manifestaciones culturales m\u00e1s preciadas. Pero la ilusi\u00f3n, que nunca se pierde, hace aflorar proyectos e ideas nuevas y, por supuesto, el Carnaval de C\u00e1diz no iba a ser una excepci\u00f3n. Te dejamos por aqu\u00ed un resumen y enlaces para [&hellip;]<\/p>\n","protected":false},"author":47,"featured_media":1561,"comment_status":"open","ping_status":"open","sticky":false,"template":"","format":"standard","meta":{"_acf_changed":false,"_monsterinsights_skip_tracking":false,"_monsterinsights_sitenote_active":false,"_monsterinsights_sitenote_note":"","_monsterinsights_sitenote_category":0,"footnotes":""},"categories":[45,302,12],"tags":[80,117,300,93],"class_list":["post-1515","post","type-post","status-publish","format-standard","has-post-thumbnail","hentry","category-boletin-colorao","category-cadiz","category-eventos","tag-actualidad","tag-mequedoencasa","tag-cadiz","tag-carnaval"],"blocksy_meta":[],"acf":[],"jetpack_featured_media_url":"https:\/\/www.upo.es\/patio-colorado\/wp-content\/uploads\/2021\/02\/Dise\u00f1o-sin-t\u00edtulo-201.png","_links":{"self":[{"href":"https:\/\/www.upo.es\/patio-colorado\/wp-json\/wp\/v2\/posts\/1515","targetHints":{"allow":["GET"]}}],"collection":[{"href":"https:\/\/www.upo.es\/patio-colorado\/wp-json\/wp\/v2\/posts"}],"about":[{"href":"https:\/\/www.upo.es\/patio-colorado\/wp-json\/wp\/v2\/types\/post"}],"author":[{"embeddable":true,"href":"https:\/\/www.upo.es\/patio-colorado\/wp-json\/wp\/v2\/users\/47"}],"replies":[{"embeddable":true,"href":"https:\/\/www.upo.es\/patio-colorado\/wp-json\/wp\/v2\/comments?post=1515"}],"version-history":[{"count":5,"href":"https:\/\/www.upo.es\/patio-colorado\/wp-json\/wp\/v2\/posts\/1515\/revisions"}],"predecessor-version":[{"id":1563,"href":"https:\/\/www.upo.es\/patio-colorado\/wp-json\/wp\/v2\/posts\/1515\/revisions\/1563"}],"wp:featuredmedia":[{"embeddable":true,"href":"https:\/\/www.upo.es\/patio-colorado\/wp-json\/wp\/v2\/media\/1561"}],"wp:attachment":[{"href":"https:\/\/www.upo.es\/patio-colorado\/wp-json\/wp\/v2\/media?parent=1515"}],"wp:term":[{"taxonomy":"category","embeddable":true,"href":"https:\/\/www.upo.es\/patio-colorado\/wp-json\/wp\/v2\/categories?post=1515"},{"taxonomy":"post_tag","embeddable":true,"href":"https:\/\/www.upo.es\/patio-colorado\/wp-json\/wp\/v2\/tags?post=1515"}],"curies":[{"name":"wp","href":"https:\/\/api.w.org\/{rel}","templated":true}]}}