{"id":1564,"date":"2021-02-14T16:28:19","date_gmt":"2021-02-14T16:28:19","guid":{"rendered":"https:\/\/www.upo.es\/patio-colorado\/?p=1564"},"modified":"2021-02-14T16:28:19","modified_gmt":"2021-02-14T16:28:19","slug":"andalucia-camaras-y-accion","status":"publish","type":"post","link":"https:\/\/www.upo.es\/patio-colorado\/2021\/02\/14\/andalucia-camaras-y-accion\/","title":{"rendered":"\u00a1Andaluc\u00eda, c\u00e1maras y acci\u00f3n!"},"content":{"rendered":"<p>En multitud de ocasiones, al visualizar una obra cinematogr\u00e1fica o de la peque\u00f1a pantalla nos percatamos de que los escenarios en los que se desarrolla la trama nos resultan bastante familiares, al ser espacios pertenecientes a nuestra bella comunidad aut\u00f3noma. Andaluc\u00eda es la sede de un sinf\u00edn de rodajes cada a\u00f1o, tanto de producciones a nivel nacional como de aquellas dirigidas a un p\u00fablico m\u00e1s internacional. A continuaci\u00f3n vamos a mencionar 20 ejemplos filmogr\u00e1ficos de diversa \u00edndole que demuestran la importancia de nuestra regi\u00f3n en el mundo audiovisual.<\/p>\n<ul>\n<li><strong>Pel\u00edculas<\/strong><\/li>\n<\/ul>\n<p><strong><em>Stars Wars: Episodio II<\/em><\/strong><\/p>\n<p>Notable y muy conocida es la participaci\u00f3n de la ciudad de Sevilla en esta cinta cinematogr\u00e1fica, que forma parte de la c\u00e9lebre saga de <em>La Guerra de Las Galaxias<\/em>. En este caso, se emple\u00f3 la monumental Plaza de Espa\u00f1a de la capital sevillana para ambientar el planeta Naboo.<\/p>\n<figure id=\"attachment_1565\" aria-describedby=\"caption-attachment-1565\" style=\"width: 367px\" class=\"wp-caption aligncenter\"><img loading=\"lazy\" decoding=\"async\" class=\" wp-image-1565\" src=\"https:\/\/www.upo.es\/patio-colorado\/wp-content\/uploads\/2021\/02\/tres-escapadas-al-estilo-star-wars-para-el-fin-de-semana-del-estreno-de-los-ultimos-jedi-300x169.jpg\" alt=\"\" width=\"367\" height=\"207\" srcset=\"https:\/\/www.upo.es\/patio-colorado\/wp-content\/uploads\/2021\/02\/tres-escapadas-al-estilo-star-wars-para-el-fin-de-semana-del-estreno-de-los-ultimos-jedi-300x169.jpg 300w, https:\/\/www.upo.es\/patio-colorado\/wp-content\/uploads\/2021\/02\/tres-escapadas-al-estilo-star-wars-para-el-fin-de-semana-del-estreno-de-los-ultimos-jedi-1024x576.jpg 1024w, https:\/\/www.upo.es\/patio-colorado\/wp-content\/uploads\/2021\/02\/tres-escapadas-al-estilo-star-wars-para-el-fin-de-semana-del-estreno-de-los-ultimos-jedi-768x432.jpg 768w, https:\/\/www.upo.es\/patio-colorado\/wp-content\/uploads\/2021\/02\/tres-escapadas-al-estilo-star-wars-para-el-fin-de-semana-del-estreno-de-los-ultimos-jedi-1536x864.jpg 1536w, https:\/\/www.upo.es\/patio-colorado\/wp-content\/uploads\/2021\/02\/tres-escapadas-al-estilo-star-wars-para-el-fin-de-semana-del-estreno-de-los-ultimos-jedi.jpg 1600w\" sizes=\"auto, (max-width: 367px) 100vw, 367px\" \/><figcaption id=\"caption-attachment-1565\" class=\"wp-caption-text\">Fotograma de la pel\u00edcula, extra\u00eddo de El Confidencial<\/figcaption><\/figure>\n<p><strong><em>Wonder Woman 1984<\/em><\/strong><\/p>\n<p>En la segunda parte de las aventuras de la amazona Diana Prince, la superhero\u00edna por excelencia de DC, esta se embarca en una nueva misi\u00f3n que acaba llev\u00e1ndola a Egipto. No obstante, para estas escenas el rodaje no se traslad\u00f3 a dicho pa\u00eds, sino que crearon su propio Egipto en Almer\u00eda, sirvi\u00e9ndose de localizaciones como el Cerro de San Crist\u00f3bal, como se aprecia en la siguiente imagen.<\/p>\n<figure id=\"attachment_1566\" aria-describedby=\"caption-attachment-1566\" style=\"width: 371px\" class=\"wp-caption aligncenter\"><img loading=\"lazy\" decoding=\"async\" class=\" wp-image-1566\" src=\"https:\/\/www.upo.es\/patio-colorado\/wp-content\/uploads\/2021\/02\/unnamed-300x169.jpg\" alt=\"\" width=\"371\" height=\"209\" srcset=\"https:\/\/www.upo.es\/patio-colorado\/wp-content\/uploads\/2021\/02\/unnamed-300x169.jpg 300w, https:\/\/www.upo.es\/patio-colorado\/wp-content\/uploads\/2021\/02\/unnamed-1024x576.jpg 1024w, https:\/\/www.upo.es\/patio-colorado\/wp-content\/uploads\/2021\/02\/unnamed-768x432.jpg 768w, https:\/\/www.upo.es\/patio-colorado\/wp-content\/uploads\/2021\/02\/unnamed.jpg 1413w\" sizes=\"auto, (max-width: 371px) 100vw, 371px\" \/><figcaption id=\"caption-attachment-1566\" class=\"wp-caption-text\">Fotograma de la pel\u00edcula, extra\u00eddo de La Voz de Almer\u00eda<\/figcaption><\/figure>\n<p><strong><em>Dando la Nota 3<\/em><\/strong><\/p>\n<p>La tercera entrega de esta comedia musical nos presenta a las inigualables Bellas de Bardem, cantantes <em>a capella<\/em>, embarc\u00e1ndose en una gira que las llevar\u00e1 hasta Espa\u00f1a, en la que visitar\u00e1n localizaciones como la gaditana Base Naval de Rota y la propia capital de dicha provincia.<\/p>\n<figure id=\"attachment_1582\" aria-describedby=\"caption-attachment-1582\" style=\"width: 361px\" class=\"wp-caption aligncenter\"><img loading=\"lazy\" decoding=\"async\" class=\" wp-image-1582\" src=\"https:\/\/www.upo.es\/patio-colorado\/wp-content\/uploads\/2021\/02\/IMG_20210214_163213-1-300x148.jpg\" alt=\"\" width=\"361\" height=\"178\" srcset=\"https:\/\/www.upo.es\/patio-colorado\/wp-content\/uploads\/2021\/02\/IMG_20210214_163213-1-300x148.jpg 300w, https:\/\/www.upo.es\/patio-colorado\/wp-content\/uploads\/2021\/02\/IMG_20210214_163213-1-1024x504.jpg 1024w, https:\/\/www.upo.es\/patio-colorado\/wp-content\/uploads\/2021\/02\/IMG_20210214_163213-1-768x378.jpg 768w, https:\/\/www.upo.es\/patio-colorado\/wp-content\/uploads\/2021\/02\/IMG_20210214_163213-1-1536x756.jpg 1536w, https:\/\/www.upo.es\/patio-colorado\/wp-content\/uploads\/2021\/02\/IMG_20210214_163213-1.jpg 1559w\" sizes=\"auto, (max-width: 361px) 100vw, 361px\" \/><figcaption id=\"caption-attachment-1582\" class=\"wp-caption-text\">A la izquierda, un fotograma del tr\u00e1iler de la cinta, extra\u00eddo de La Voz de C\u00e1diz. A la derecha, otro fotograma de la pel\u00edcula extra\u00eddo de la misma<\/figcaption><\/figure>\n<p><strong><em>Indiana Jones y la \u00faltima cruzada<\/em><\/strong><\/p>\n<p>Steven Spielberg y su equipo se trasladaron a Andaluc\u00eda, concretamente a Almer\u00eda, para ambientar parajes de otras partes del mundo como la antigua ciudad turca de Alejandreta.<\/p>\n<figure id=\"attachment_1570\" aria-describedby=\"caption-attachment-1570\" style=\"width: 362px\" class=\"wp-caption aligncenter\"><img loading=\"lazy\" decoding=\"async\" class=\" wp-image-1570\" src=\"https:\/\/www.upo.es\/patio-colorado\/wp-content\/uploads\/2021\/02\/indianajoneslaultimacruqw2-1024x430-1-300x126.jpg\" alt=\"\" width=\"362\" height=\"152\" srcset=\"https:\/\/www.upo.es\/patio-colorado\/wp-content\/uploads\/2021\/02\/indianajoneslaultimacruqw2-1024x430-1-300x126.jpg 300w, https:\/\/www.upo.es\/patio-colorado\/wp-content\/uploads\/2021\/02\/indianajoneslaultimacruqw2-1024x430-1-768x323.jpg 768w, https:\/\/www.upo.es\/patio-colorado\/wp-content\/uploads\/2021\/02\/indianajoneslaultimacruqw2-1024x430-1.jpg 1024w\" sizes=\"auto, (max-width: 362px) 100vw, 362px\" \/><figcaption id=\"caption-attachment-1570\" class=\"wp-caption-text\">Fotograma de la pel\u00edcula, donde se visualiza a Sean Connery en la playa de M\u00f3nsul (Cabo de Gata), extra\u00eddo de Lugaresdecine.com<\/figcaption><\/figure>\n<p><strong><em>Exodus: dioses y reyes<\/em><\/strong><\/p>\n<p>Esta intr\u00e9pida narraci\u00f3n del conocido cineasta Ridley Scott tambi\u00e9n situ\u00f3 su grabaci\u00f3n en Almer\u00eda, en este caso para representar el Egipto donde se desarroll\u00f3 la historia del b\u00edblico Mois\u00e9s.<\/p>\n<figure id=\"attachment_1571\" aria-describedby=\"caption-attachment-1571\" style=\"width: 323px\" class=\"wp-caption aligncenter\"><img loading=\"lazy\" decoding=\"async\" class=\" wp-image-1571\" src=\"https:\/\/www.upo.es\/patio-colorado\/wp-content\/uploads\/2021\/02\/efe_20131022_151444981-300x169.jpg\" alt=\"\" width=\"323\" height=\"182\" srcset=\"https:\/\/www.upo.es\/patio-colorado\/wp-content\/uploads\/2021\/02\/efe_20131022_151444981-300x169.jpg 300w, https:\/\/www.upo.es\/patio-colorado\/wp-content\/uploads\/2021\/02\/efe_20131022_151444981-768x432.jpg 768w, https:\/\/www.upo.es\/patio-colorado\/wp-content\/uploads\/2021\/02\/efe_20131022_151444981.jpg 795w\" sizes=\"auto, (max-width: 323px) 100vw, 323px\" \/><figcaption id=\"caption-attachment-1571\" class=\"wp-caption-text\">Imagen de la grabaci\u00f3n, extra\u00edda de La Voz de Galicia<\/figcaption><\/figure>\n<p><strong><em>El Dictador<\/em><\/strong><\/p>\n<p>Otro filme internacional que se decant\u00f3 por nuestras tierras para sus escenarios es el presente, rodado en este caso en Sevilla y, al igual que el episodio dos de <em>Star Wars<\/em>, en su colosal Plaza de Espa\u00f1a.<\/p>\n<figure id=\"attachment_1572\" aria-describedby=\"caption-attachment-1572\" style=\"width: 331px\" class=\"wp-caption aligncenter\"><img loading=\"lazy\" decoding=\"async\" class=\" wp-image-1572\" src=\"https:\/\/www.upo.es\/patio-colorado\/wp-content\/uploads\/2021\/02\/El-dictador-Plaza-de-Espa\u00f1a-Sevilla-300x157.png\" alt=\"\" width=\"331\" height=\"173\" srcset=\"https:\/\/www.upo.es\/patio-colorado\/wp-content\/uploads\/2021\/02\/El-dictador-Plaza-de-Espa\u00f1a-Sevilla-300x157.png 300w, https:\/\/www.upo.es\/patio-colorado\/wp-content\/uploads\/2021\/02\/El-dictador-Plaza-de-Espa\u00f1a-Sevilla.png 446w\" sizes=\"auto, (max-width: 331px) 100vw, 331px\" \/><figcaption id=\"caption-attachment-1572\" class=\"wp-caption-text\">Fotograma de la pel\u00edcula, extra\u00eddo de AllSevillaGuides.com<\/figcaption><\/figure>\n<p><strong><em>Ocho apellidos vascos<\/em><\/strong><\/p>\n<p>Otro ejemplo filmogr\u00e1fico muy popular es esta cinta de Mediaset. Tanto esta como su secuela <em>Ocho apellidos catalanes<\/em> tienen a la capital sevillana como factor clave de sus grabaciones y de sus tramas.<\/p>\n<figure id=\"attachment_1583\" aria-describedby=\"caption-attachment-1583\" style=\"width: 353px\" class=\"wp-caption aligncenter\"><img loading=\"lazy\" decoding=\"async\" class=\" wp-image-1583\" src=\"https:\/\/www.upo.es\/patio-colorado\/wp-content\/uploads\/2021\/02\/IMG_20210214_163708-300x146.jpg\" alt=\"\" width=\"353\" height=\"172\" srcset=\"https:\/\/www.upo.es\/patio-colorado\/wp-content\/uploads\/2021\/02\/IMG_20210214_163708-300x146.jpg 300w, https:\/\/www.upo.es\/patio-colorado\/wp-content\/uploads\/2021\/02\/IMG_20210214_163708-1024x498.jpg 1024w, https:\/\/www.upo.es\/patio-colorado\/wp-content\/uploads\/2021\/02\/IMG_20210214_163708-768x373.jpg 768w, https:\/\/www.upo.es\/patio-colorado\/wp-content\/uploads\/2021\/02\/IMG_20210214_163708-1536x747.jpg 1536w, https:\/\/www.upo.es\/patio-colorado\/wp-content\/uploads\/2021\/02\/IMG_20210214_163708.jpg 1549w\" sizes=\"auto, (max-width: 353px) 100vw, 353px\" \/><figcaption id=\"caption-attachment-1583\" class=\"wp-caption-text\">Dos fotogramas de la pel\u00edcula, extra\u00eddos de la misma. A la izquierda, una escena donde se visualiza la Torre del Oro, a la derecha, los cantantes \u00abLos del R\u00edo\u00bb con el r\u00edo Guadalquivir y el barrio de Triana al fondo<\/figcaption><\/figure>\n<p><strong><em>La \u00cdsla M\u00ednima<\/em><\/strong><\/p>\n<p>Esta producci\u00f3n nacional tan aclamada por los premios Goya tambi\u00e9n cont\u00f3 con paisajes andaluces para el desarrollo de su grabaci\u00f3n, como Do\u00f1ana y las marismas del Guadalquivir.<\/p>\n<figure id=\"attachment_1573\" aria-describedby=\"caption-attachment-1573\" style=\"width: 360px\" class=\"wp-caption aligncenter\"><img loading=\"lazy\" decoding=\"async\" class=\" wp-image-1573\" src=\"https:\/\/www.upo.es\/patio-colorado\/wp-content\/uploads\/2021\/02\/Sin-t\u00edtulo--300x129.jpg\" alt=\"\" width=\"360\" height=\"155\" srcset=\"https:\/\/www.upo.es\/patio-colorado\/wp-content\/uploads\/2021\/02\/Sin-t\u00edtulo--300x129.jpg 300w, https:\/\/www.upo.es\/patio-colorado\/wp-content\/uploads\/2021\/02\/Sin-t\u00edtulo--1024x439.jpg 1024w, https:\/\/www.upo.es\/patio-colorado\/wp-content\/uploads\/2021\/02\/Sin-t\u00edtulo--768x329.jpg 768w, https:\/\/www.upo.es\/patio-colorado\/wp-content\/uploads\/2021\/02\/Sin-t\u00edtulo-.jpg 1337w\" sizes=\"auto, (max-width: 360px) 100vw, 360px\" \/><figcaption id=\"caption-attachment-1573\" class=\"wp-caption-text\">Fotograma del tr\u00e1iler de la cinta donde se ven las marismas del Guadalquivir, extra\u00eddo de Warner Bros Pictures Espa\u00f1a<\/figcaption><\/figure>\n<p><strong><em>El verano que vivimos<\/em><\/strong><\/p>\n<p>Tambi\u00e9n en el \u00e1mbito nacional, una de las \u00faltimas pel\u00edculas estrenadas en las carteleras de los cines es <em>El verano que vivimos<\/em>, que cuenta una historia de amor transcurrida en la localidad gaditana de Jerez de la Frontera y en torno a su c\u00e9lebre mundo vin\u00edcola.<\/p>\n<figure id=\"attachment_1584\" aria-describedby=\"caption-attachment-1584\" style=\"width: 404px\" class=\"wp-caption aligncenter\"><img loading=\"lazy\" decoding=\"async\" class=\" wp-image-1584\" src=\"https:\/\/www.upo.es\/patio-colorado\/wp-content\/uploads\/2021\/02\/IMG_20210214_164207-300x150.jpg\" alt=\"\" width=\"404\" height=\"202\" srcset=\"https:\/\/www.upo.es\/patio-colorado\/wp-content\/uploads\/2021\/02\/IMG_20210214_164207-300x150.jpg 300w, https:\/\/www.upo.es\/patio-colorado\/wp-content\/uploads\/2021\/02\/IMG_20210214_164207-1024x511.jpg 1024w, https:\/\/www.upo.es\/patio-colorado\/wp-content\/uploads\/2021\/02\/IMG_20210214_164207-768x383.jpg 768w, https:\/\/www.upo.es\/patio-colorado\/wp-content\/uploads\/2021\/02\/IMG_20210214_164207-1536x767.jpg 1536w, https:\/\/www.upo.es\/patio-colorado\/wp-content\/uploads\/2021\/02\/IMG_20210214_164207.jpg 1549w\" sizes=\"auto, (max-width: 404px) 100vw, 404px\" \/><figcaption id=\"caption-attachment-1584\" class=\"wp-caption-text\">A la izquierda, un fotograma de la pel\u00edcula, extra\u00eddo de Sensacine.com, donde se aprecia a los actores Javier Rey y Pablo Molinero en un vi\u00f1edo jerezano. A la derecha, una imagen de Gu\u00eda del Ocio, donde se ve a los int\u00e9rpretes Carlos Cuevas y Guiomar Puerta y la catedral de la ciudad al fondo<\/figcaption><\/figure>\n<p><strong><em>Se\u00f1or dame paciencia<\/em><\/strong><\/p>\n<p>Permanecemos en la provincia de C\u00e1diz para mencionar la comedia nacional <em>Se\u00f1or dame paciencia<\/em>, que tiene a la localidad de Sanl\u00facar de Barrameda como el eje central sobre el que se desarrollan los acontecimientos que componen esta pel\u00edcula.<\/p>\n<figure id=\"attachment_1585\" aria-describedby=\"caption-attachment-1585\" style=\"width: 360px\" class=\"wp-caption aligncenter\"><img loading=\"lazy\" decoding=\"async\" class=\" wp-image-1585\" src=\"https:\/\/www.upo.es\/patio-colorado\/wp-content\/uploads\/2021\/02\/IMG_20210214_164527-300x150.jpg\" alt=\"\" width=\"360\" height=\"180\" srcset=\"https:\/\/www.upo.es\/patio-colorado\/wp-content\/uploads\/2021\/02\/IMG_20210214_164527-300x150.jpg 300w, https:\/\/www.upo.es\/patio-colorado\/wp-content\/uploads\/2021\/02\/IMG_20210214_164527-1024x511.jpg 1024w, https:\/\/www.upo.es\/patio-colorado\/wp-content\/uploads\/2021\/02\/IMG_20210214_164527-768x383.jpg 768w, https:\/\/www.upo.es\/patio-colorado\/wp-content\/uploads\/2021\/02\/IMG_20210214_164527-1536x766.jpg 1536w, https:\/\/www.upo.es\/patio-colorado\/wp-content\/uploads\/2021\/02\/IMG_20210214_164527.jpg 1540w\" sizes=\"auto, (max-width: 360px) 100vw, 360px\" \/><figcaption id=\"caption-attachment-1585\" class=\"wp-caption-text\">A la izquierda, un fotograma de la cinta, donde se puede ver la Plaza Cabildo de la localidad sanluque\u00f1a. A la derecha, otro fotograma de la misma, donde se puede visualizar la Capilla del Carmen de Bajo de Gu\u00eda<\/figcaption><\/figure>\n<ul>\n<li><strong>Series<\/strong><\/li>\n<\/ul>\n<p><strong><em>Juego de Tronos<\/em><\/strong><\/p>\n<p>M\u00e1s de una vez se han pasado los actores de esta popular serie de HBO por distintos puntos de nuestro pa\u00eds para recrear los paisajes tan variopintos de su peculiar universo. Con respecto a nuestra comunidad aut\u00f3noma, es frecuente reconocer en sus escenas espacios andaluces como el Alc\u00e1zar sevillano, las ruinas romanas de It\u00e1lica (Santiponce) y el castillo de Almod\u00f3var del R\u00edo (C\u00f3rdoba).<\/p>\n<figure id=\"attachment_1586\" aria-describedby=\"caption-attachment-1586\" style=\"width: 377px\" class=\"wp-caption aligncenter\"><img loading=\"lazy\" decoding=\"async\" class=\" wp-image-1586\" src=\"https:\/\/www.upo.es\/patio-colorado\/wp-content\/uploads\/2021\/02\/IMG_20210214_165010-300x148.jpg\" alt=\"\" width=\"377\" height=\"186\" srcset=\"https:\/\/www.upo.es\/patio-colorado\/wp-content\/uploads\/2021\/02\/IMG_20210214_165010-300x148.jpg 300w, https:\/\/www.upo.es\/patio-colorado\/wp-content\/uploads\/2021\/02\/IMG_20210214_165010-1024x506.jpg 1024w, https:\/\/www.upo.es\/patio-colorado\/wp-content\/uploads\/2021\/02\/IMG_20210214_165010-768x379.jpg 768w, https:\/\/www.upo.es\/patio-colorado\/wp-content\/uploads\/2021\/02\/IMG_20210214_165010-1536x759.jpg 1536w, https:\/\/www.upo.es\/patio-colorado\/wp-content\/uploads\/2021\/02\/IMG_20210214_165010.jpg 1549w\" sizes=\"auto, (max-width: 377px) 100vw, 377px\" \/><figcaption id=\"caption-attachment-1586\" class=\"wp-caption-text\">A la izquierda, imagen de una escena de la serie en el Alc\u00e1zar de Sevilla, extra\u00edda de Guiajando.com. A la derecha, un fotograma de una escena en It\u00e1lica, extra\u00edda de ItalicaSevilla.org<\/figcaption><\/figure>\n<figure id=\"attachment_1587\" aria-describedby=\"caption-attachment-1587\" style=\"width: 300px\" class=\"wp-caption aligncenter\"><img loading=\"lazy\" decoding=\"async\" class=\"size-medium wp-image-1587\" src=\"https:\/\/www.upo.es\/patio-colorado\/wp-content\/uploads\/2021\/02\/2017080317484570769-300x185.jpg\" alt=\"\" width=\"300\" height=\"185\" srcset=\"https:\/\/www.upo.es\/patio-colorado\/wp-content\/uploads\/2021\/02\/2017080317484570769-300x185.jpg 300w, https:\/\/www.upo.es\/patio-colorado\/wp-content\/uploads\/2021\/02\/2017080317484570769-768x475.jpg 768w, https:\/\/www.upo.es\/patio-colorado\/wp-content\/uploads\/2021\/02\/2017080317484570769.jpg 890w\" sizes=\"auto, (max-width: 300px) 100vw, 300px\" \/><figcaption id=\"caption-attachment-1587\" class=\"wp-caption-text\">Imagen de la serie con el castillo de Almod\u00f3var del R\u00edo de fondo, extra\u00edda de C\u00f3rdoba Hoy<\/figcaption><\/figure>\n<p><strong><em>La monja guerrera<\/em><\/strong><\/p>\n<p>Uno de los ejemplos de esta presencia andaluza m\u00e1s recientes en el cat\u00e1logo de Netflix es la serie <em>La monja guerrera<\/em> que, aun siendo una emisi\u00f3n de habla inglesa, posee una historia ambientada casi al completo en M\u00e1laga, adem\u00e1s de contar con otros parajes andaluces incluso para escenificar lugares que no tienen nada que ver con nuestra comunidad, como en el caso del Alc\u00e1zar de Sevilla y la Facultad de Filolog\u00eda de la Universidad de la misma ciudad (Real F\u00e1brica de Tabacos), que fueron utilizadas para representar las estancias de El Vaticano.<\/p>\n<figure id=\"attachment_1588\" aria-describedby=\"caption-attachment-1588\" style=\"width: 361px\" class=\"wp-caption aligncenter\"><img loading=\"lazy\" decoding=\"async\" class=\" wp-image-1588\" src=\"https:\/\/www.upo.es\/patio-colorado\/wp-content\/uploads\/2021\/02\/IMG_20210214_165345-300x147.jpg\" alt=\"\" width=\"361\" height=\"177\" srcset=\"https:\/\/www.upo.es\/patio-colorado\/wp-content\/uploads\/2021\/02\/IMG_20210214_165345-300x147.jpg 300w, https:\/\/www.upo.es\/patio-colorado\/wp-content\/uploads\/2021\/02\/IMG_20210214_165345-1024x503.jpg 1024w, https:\/\/www.upo.es\/patio-colorado\/wp-content\/uploads\/2021\/02\/IMG_20210214_165345-768x377.jpg 768w, https:\/\/www.upo.es\/patio-colorado\/wp-content\/uploads\/2021\/02\/IMG_20210214_165345-1536x754.jpg 1536w, https:\/\/www.upo.es\/patio-colorado\/wp-content\/uploads\/2021\/02\/IMG_20210214_165345.jpg 1548w\" sizes=\"auto, (max-width: 361px) 100vw, 361px\" \/><figcaption id=\"caption-attachment-1588\" class=\"wp-caption-text\">A la izquierda, la actriz protagonista, Alba Baptista, portando la camiseta del M\u00e1laga Club de F\u00fatbol en una escena de la serie (imagen de El Desmarque). A la derecha, el patio de la Facultad de Filolog\u00eda de Sevilla (fuente: Netflix)<\/figcaption><\/figure>\n<p><strong><em>The Crown<\/em><\/strong><\/p>\n<p>La c\u00e9lebre serie sobre la corona brit\u00e1nica tambi\u00e9n ha marcado Andaluc\u00eda como uno de sus puntos estrella para sus rodajes. Sevilla, M\u00e1laga, Jerez de la Frontera, Almer\u00eda, San Juan de Aznalfarache, Torremolinos, Puerto Real y San Mart\u00edn del Tesorillo son algunas de las muchas localidades elegidas para este fin.<\/p>\n<figure id=\"attachment_1589\" aria-describedby=\"caption-attachment-1589\" style=\"width: 300px\" class=\"wp-caption aligncenter\"><img loading=\"lazy\" decoding=\"async\" class=\"size-medium wp-image-1589\" src=\"https:\/\/www.upo.es\/patio-colorado\/wp-content\/uploads\/2021\/02\/the-crown-sevilla-k5qB-510x349@abc-300x205.jpg\" alt=\"\" width=\"300\" height=\"205\" srcset=\"https:\/\/www.upo.es\/patio-colorado\/wp-content\/uploads\/2021\/02\/the-crown-sevilla-k5qB-510x349@abc-300x205.jpg 300w, https:\/\/www.upo.es\/patio-colorado\/wp-content\/uploads\/2021\/02\/the-crown-sevilla-k5qB-510x349@abc.jpg 510w\" sizes=\"auto, (max-width: 300px) 100vw, 300px\" \/><figcaption id=\"caption-attachment-1589\" class=\"wp-caption-text\">El rodaje de la serie en el hotel Alfonso XIII (Sevilla), con los actores Ben Daniels y Helena Bonham Carter. Imagen de ABC de Sevilla<\/figcaption><\/figure>\n<figure id=\"attachment_1590\" aria-describedby=\"caption-attachment-1590\" style=\"width: 376px\" class=\"wp-caption aligncenter\"><img loading=\"lazy\" decoding=\"async\" class=\" wp-image-1590\" src=\"https:\/\/www.upo.es\/patio-colorado\/wp-content\/uploads\/2021\/02\/IMG_20210214_165816-300x143.jpg\" alt=\"\" width=\"376\" height=\"179\" srcset=\"https:\/\/www.upo.es\/patio-colorado\/wp-content\/uploads\/2021\/02\/IMG_20210214_165816-300x143.jpg 300w, https:\/\/www.upo.es\/patio-colorado\/wp-content\/uploads\/2021\/02\/IMG_20210214_165816-1024x487.jpg 1024w, https:\/\/www.upo.es\/patio-colorado\/wp-content\/uploads\/2021\/02\/IMG_20210214_165816-768x365.jpg 768w, https:\/\/www.upo.es\/patio-colorado\/wp-content\/uploads\/2021\/02\/IMG_20210214_165816-1536x730.jpg 1536w, https:\/\/www.upo.es\/patio-colorado\/wp-content\/uploads\/2021\/02\/IMG_20210214_165816.jpg 1559w\" sizes=\"auto, (max-width: 376px) 100vw, 376px\" \/><figcaption id=\"caption-attachment-1590\" class=\"wp-caption-text\">De izquierda a derecha, el rodaje de la serie en el Convento de Santo Domingo (Jerez) y en Almer\u00eda, en esta \u00faltima con los actores Josh O&#8217;Connor y Emma Corrin. Im\u00e1genes ABC de Sevilla<\/figcaption><\/figure>\n<p><strong><em>Black Mirror<\/em><\/strong><\/p>\n<p>Esta serie de suspense de la plataforma Netflix tambi\u00e9n se ha decantado por Andaluc\u00eda como una de sus sedes de rodaje para algunas de sus escenas, como se ve en el siguiente fotograma donde aparece la Casa del Desierto del Gorafe (Granada).<\/p>\n<figure id=\"attachment_1574\" aria-describedby=\"caption-attachment-1574\" style=\"width: 300px\" class=\"wp-caption aligncenter\"><img loading=\"lazy\" decoding=\"async\" class=\"size-medium wp-image-1574\" src=\"https:\/\/www.upo.es\/patio-colorado\/wp-content\/uploads\/2021\/02\/black-mirror-granada-k7mG-510x349@abc-300x205.jpg\" alt=\"\" width=\"300\" height=\"205\" srcset=\"https:\/\/www.upo.es\/patio-colorado\/wp-content\/uploads\/2021\/02\/black-mirror-granada-k7mG-510x349@abc-300x205.jpg 300w, https:\/\/www.upo.es\/patio-colorado\/wp-content\/uploads\/2021\/02\/black-mirror-granada-k7mG-510x349@abc.jpg 510w\" sizes=\"auto, (max-width: 300px) 100vw, 300px\" \/><figcaption id=\"caption-attachment-1574\" class=\"wp-caption-text\">Imagen extra\u00edda de ABC Andaluc\u00eda<\/figcaption><\/figure>\n<p><strong><em>La Casa de Papel<\/em><\/strong><\/p>\n<p>Sin duda, la serie espa\u00f1ola con m\u00e1s repercusi\u00f3n a nivel internacional de los \u00faltimos tiempos es esta producci\u00f3n de Atresmedia y Netflix, que tambi\u00e9n ha contado con nuestra comunidad aut\u00f3noma para ambientar algunas de sus escenas, como la presente en Cabo de Gata (Almer\u00eda).<\/p>\n<figure id=\"attachment_1575\" aria-describedby=\"caption-attachment-1575\" style=\"width: 300px\" class=\"wp-caption aligncenter\"><img loading=\"lazy\" decoding=\"async\" class=\"size-medium wp-image-1575\" src=\"https:\/\/www.upo.es\/patio-colorado\/wp-content\/uploads\/2021\/02\/unnamed-1-300x169.png\" alt=\"\" width=\"300\" height=\"169\" srcset=\"https:\/\/www.upo.es\/patio-colorado\/wp-content\/uploads\/2021\/02\/unnamed-1-300x169.png 300w, https:\/\/www.upo.es\/patio-colorado\/wp-content\/uploads\/2021\/02\/unnamed-1-1024x576.png 1024w, https:\/\/www.upo.es\/patio-colorado\/wp-content\/uploads\/2021\/02\/unnamed-1-768x432.png 768w, https:\/\/www.upo.es\/patio-colorado\/wp-content\/uploads\/2021\/02\/unnamed-1-1536x864.png 1536w, https:\/\/www.upo.es\/patio-colorado\/wp-content\/uploads\/2021\/02\/unnamed-1.png 1900w\" sizes=\"auto, (max-width: 300px) 100vw, 300px\" \/><figcaption id=\"caption-attachment-1575\" class=\"wp-caption-text\">\u00c1lvaro Morte (El Profesor) rodando en Cabo de Gata (fuente: La Voz de Almer\u00eda)<\/figcaption><\/figure>\n<p><strong><em>Veneno<\/em><\/strong><\/p>\n<p>Esta obra de los directores \u00ablos Javis\u00bb, basada en la vida de la mujer transexual Cristina \u00abLa Veneno\u00bb, ha sido una de las series m\u00e1s aclamadas en el pasado a\u00f1o y ha llegado a traspasar fronteras hasta los mism\u00edsimos Estados Unidos. Para dicha biograf\u00eda de este personaje tambi\u00e9n se llevaron a cabo rodajes en los mismos lugares que fueron esenciales para la vida de la misma, como Adra (Almer\u00eda), su localidad natal.<\/p>\n<figure id=\"attachment_1576\" aria-describedby=\"caption-attachment-1576\" style=\"width: 332px\" class=\"wp-caption aligncenter\"><img loading=\"lazy\" decoding=\"async\" class=\" wp-image-1576\" src=\"https:\/\/www.upo.es\/patio-colorado\/wp-content\/uploads\/2021\/02\/Sin-t\u00edtulo-300x141.jpg\" alt=\"\" width=\"332\" height=\"156\" srcset=\"https:\/\/www.upo.es\/patio-colorado\/wp-content\/uploads\/2021\/02\/Sin-t\u00edtulo-300x141.jpg 300w, https:\/\/www.upo.es\/patio-colorado\/wp-content\/uploads\/2021\/02\/Sin-t\u00edtulo-1024x481.jpg 1024w, https:\/\/www.upo.es\/patio-colorado\/wp-content\/uploads\/2021\/02\/Sin-t\u00edtulo-768x361.jpg 768w, https:\/\/www.upo.es\/patio-colorado\/wp-content\/uploads\/2021\/02\/Sin-t\u00edtulo.jpg 1359w\" sizes=\"auto, (max-width: 332px) 100vw, 332px\" \/><figcaption id=\"caption-attachment-1576\" class=\"wp-caption-text\">El equipo de <em>La Veneno<\/em> grabando en Adra (fuente: ATRESplayer Premium)<\/figcaption><\/figure>\n<p><strong><em>La Peste<\/em><\/strong><\/p>\n<p>Otra de las series de producci\u00f3n nacional m\u00e1s destacadas de los \u00faltimos a\u00f1os es <em>La Peste<\/em>, con una historia desarrollada en Sevilla durante el siglo XVI en torno a esta dura epidemia.<\/p>\n<figure id=\"attachment_1577\" aria-describedby=\"caption-attachment-1577\" style=\"width: 340px\" class=\"wp-caption aligncenter\"><img loading=\"lazy\" decoding=\"async\" class=\" wp-image-1577\" src=\"https:\/\/www.upo.es\/patio-colorado\/wp-content\/uploads\/2021\/02\/lapeste-carmona-sevilla-kuKG-620x349@abc-300x167.jpg\" alt=\"\" width=\"340\" height=\"189\" srcset=\"https:\/\/www.upo.es\/patio-colorado\/wp-content\/uploads\/2021\/02\/lapeste-carmona-sevilla-kuKG-620x349@abc-300x167.jpg 300w, https:\/\/www.upo.es\/patio-colorado\/wp-content\/uploads\/2021\/02\/lapeste-carmona-sevilla-kuKG-620x349@abc.jpg 620w\" sizes=\"auto, (max-width: 340px) 100vw, 340px\" \/><figcaption id=\"caption-attachment-1577\" class=\"wp-caption-text\">Fotograma de la serie, extra\u00eddo de ABC Sevilla<\/figcaption><\/figure>\n<p><strong><em>Isabel<\/em><\/strong><\/p>\n<p>Al igual que hicieron en el pasado las personas reales a las que interpretan, los Reyes Cat\u00f3licos ficticios tambi\u00e9n se desplazaron a Granada para cumplir con sus cometidos, en este caso televisivos.<\/p>\n<figure id=\"attachment_1578\" aria-describedby=\"caption-attachment-1578\" style=\"width: 323px\" class=\"wp-caption aligncenter\"><img loading=\"lazy\" decoding=\"async\" class=\" wp-image-1578\" src=\"https:\/\/www.upo.es\/patio-colorado\/wp-content\/uploads\/2021\/02\/fotonoticia_20130611150502_420-300x193.jpg\" alt=\"\" width=\"323\" height=\"208\" srcset=\"https:\/\/www.upo.es\/patio-colorado\/wp-content\/uploads\/2021\/02\/fotonoticia_20130611150502_420-300x193.jpg 300w, https:\/\/www.upo.es\/patio-colorado\/wp-content\/uploads\/2021\/02\/fotonoticia_20130611150502_420.jpg 420w\" sizes=\"auto, (max-width: 323px) 100vw, 323px\" \/><figcaption id=\"caption-attachment-1578\" class=\"wp-caption-text\">Rodolfo Sancho y Michelle Jenner en la Alhambra (imagen de Europa Press)<\/figcaption><\/figure>\n<p><strong><em>El Ministerio del Tiempo<\/em><\/strong><\/p>\n<p>Las aventuras de estos viajeros del tiempo les llevar\u00e1n a localizaciones andaluzas como las Calas de Roche de Conil de la Frontera (C\u00e1diz), en este caso para ambientar el territorio del antiguo Yucat\u00e1n.<\/p>\n<figure id=\"attachment_1579\" aria-describedby=\"caption-attachment-1579\" style=\"width: 337px\" class=\"wp-caption aligncenter\"><img loading=\"lazy\" decoding=\"async\" class=\" wp-image-1579\" src=\"https:\/\/www.upo.es\/patio-colorado\/wp-content\/uploads\/2021\/02\/dmkwendjwnjwn-300x197.jpg\" alt=\"\" width=\"337\" height=\"221\" srcset=\"https:\/\/www.upo.es\/patio-colorado\/wp-content\/uploads\/2021\/02\/dmkwendjwnjwn-300x197.jpg 300w, https:\/\/www.upo.es\/patio-colorado\/wp-content\/uploads\/2021\/02\/dmkwendjwnjwn.jpg 674w\" sizes=\"auto, (max-width: 337px) 100vw, 337px\" \/><figcaption id=\"caption-attachment-1579\" class=\"wp-caption-text\">Imagen de la grabaci\u00f3n de la serie extra\u00edda de Europa Press, donde se visualiza a los actores Hugo Silva y Nacho Fresneda en las mencionadas Calas de Roche<\/figcaption><\/figure>\n<p><strong><em>All\u00ed Abajo<\/em><\/strong><\/p>\n<p>Por razones obvias, una de las series que no pod\u00eda faltar en este listado es la comedia espa\u00f1ola <em>All\u00ed Abajo<\/em>, rodada en gran parte en la capital hispalense.<\/p>\n<figure id=\"attachment_1580\" aria-describedby=\"caption-attachment-1580\" style=\"width: 327px\" class=\"wp-caption aligncenter\"><img loading=\"lazy\" decoding=\"async\" class=\" wp-image-1580\" src=\"https:\/\/www.upo.es\/patio-colorado\/wp-content\/uploads\/2021\/02\/alliabajook-575x323-1-300x169.jpg\" alt=\"\" width=\"327\" height=\"184\" srcset=\"https:\/\/www.upo.es\/patio-colorado\/wp-content\/uploads\/2021\/02\/alliabajook-575x323-1-300x169.jpg 300w, https:\/\/www.upo.es\/patio-colorado\/wp-content\/uploads\/2021\/02\/alliabajook-575x323-1.jpg 575w\" sizes=\"auto, (max-width: 327px) 100vw, 327px\" \/><figcaption id=\"caption-attachment-1580\" class=\"wp-caption-text\">Fotograma de la serie, extra\u00eddo de Ideal.es. En la imagen, los actores \u00d3scar Terol, Gorka Aguinagalde e Iker Galartza interpretan una escena en el Palacio de Monsalves de la ciudad, adaptado a la ficci\u00f3n como sede de la Cl\u00ednica H\u00edspalis<\/figcaption><\/figure>\n<p>&nbsp;<\/p>\n","protected":false},"excerpt":{"rendered":"<p>En multitud de ocasiones, al visualizar una obra cinematogr\u00e1fica o de la peque\u00f1a pantalla nos percatamos de que los escenarios en los que se desarrolla la trama nos resultan bastante familiares, al ser espacios pertenecientes a nuestra bella comunidad aut\u00f3noma. Andaluc\u00eda es la sede de un sinf\u00edn de rodajes cada a\u00f1o, tanto de producciones a [&hellip;]<\/p>\n","protected":false},"author":50,"featured_media":1594,"comment_status":"open","ping_status":"open","sticky":false,"template":"","format":"standard","meta":{"_acf_changed":false,"_monsterinsights_skip_tracking":false,"_monsterinsights_sitenote_active":false,"_monsterinsights_sitenote_note":"","_monsterinsights_sitenote_category":0,"footnotes":""},"categories":[307,302,169,304,305,311,170,23,309,136,301],"tags":[55,99,64,28,197],"class_list":["post-1564","post","type-post","status-publish","format-standard","has-post-thumbnail","hentry","category-almeria","category-cadiz","category-cine-artes-audiovisuales","category-cordoba","category-granada","category-malaga","category-monumentos-y-turismo","category-patrimonio-vivo","category-provincias","category-reportajes","category-sevilla","tag-andalucia","tag-cultura","tag-patrimonio","tag-arte","tag-curiosidades"],"blocksy_meta":[],"acf":[],"jetpack_featured_media_url":"https:\/\/www.upo.es\/patio-colorado\/wp-content\/uploads\/2021\/02\/tres-escapadas-al-estilo-star-wars-para-el-fin-de-semana-del-estreno-de-los-ultimos-jedi-1.jpg","_links":{"self":[{"href":"https:\/\/www.upo.es\/patio-colorado\/wp-json\/wp\/v2\/posts\/1564","targetHints":{"allow":["GET"]}}],"collection":[{"href":"https:\/\/www.upo.es\/patio-colorado\/wp-json\/wp\/v2\/posts"}],"about":[{"href":"https:\/\/www.upo.es\/patio-colorado\/wp-json\/wp\/v2\/types\/post"}],"author":[{"embeddable":true,"href":"https:\/\/www.upo.es\/patio-colorado\/wp-json\/wp\/v2\/users\/50"}],"replies":[{"embeddable":true,"href":"https:\/\/www.upo.es\/patio-colorado\/wp-json\/wp\/v2\/comments?post=1564"}],"version-history":[{"count":1,"href":"https:\/\/www.upo.es\/patio-colorado\/wp-json\/wp\/v2\/posts\/1564\/revisions"}],"predecessor-version":[{"id":1592,"href":"https:\/\/www.upo.es\/patio-colorado\/wp-json\/wp\/v2\/posts\/1564\/revisions\/1592"}],"wp:featuredmedia":[{"embeddable":true,"href":"https:\/\/www.upo.es\/patio-colorado\/wp-json\/wp\/v2\/media\/1594"}],"wp:attachment":[{"href":"https:\/\/www.upo.es\/patio-colorado\/wp-json\/wp\/v2\/media?parent=1564"}],"wp:term":[{"taxonomy":"category","embeddable":true,"href":"https:\/\/www.upo.es\/patio-colorado\/wp-json\/wp\/v2\/categories?post=1564"},{"taxonomy":"post_tag","embeddable":true,"href":"https:\/\/www.upo.es\/patio-colorado\/wp-json\/wp\/v2\/tags?post=1564"}],"curies":[{"name":"wp","href":"https:\/\/api.w.org\/{rel}","templated":true}]}}