{"id":1603,"date":"2021-02-16T22:29:32","date_gmt":"2021-02-16T22:29:32","guid":{"rendered":"https:\/\/www.upo.es\/patio-colorado\/?p=1603"},"modified":"2021-02-16T22:45:26","modified_gmt":"2021-02-16T22:45:26","slug":"que-es-para-ti-andalucia-algunos-divulgadores-de-la-cultura-andaluza","status":"publish","type":"post","link":"https:\/\/www.upo.es\/patio-colorado\/2021\/02\/16\/que-es-para-ti-andalucia-algunos-divulgadores-de-la-cultura-andaluza\/","title":{"rendered":"\u00bfQu\u00e9 es para ti Andaluc\u00eda?: algunos divulgadores de la cultura andaluza"},"content":{"rendered":"<p>Como bien saben nuestros lectores, el Patio Colorao pretende recoger todas las artes (y todo el arte) que se llevan a cabo en Andaluc\u00eda como una forma de reivindicaci\u00f3n y visibilizaci\u00f3n del patrimonio. Por suerte, no somos el \u00fanico espacio dedicado a esta labor y como muestra, quer\u00edamos presentar algunas asociaciones afines, j\u00f3venes, preocupadas por la divulgaci\u00f3n del arte y la cultura en Andaluc\u00eda<\/p>\n<p>En primer lugar,\u00a0 ODRA, la Organizaci\u00f3n para la Defensa de la Riqueza Andaluza, es un proyecto joven que, al igual que el nuestro,\u00a0 surge en las aulas (ahora virtuales) de la Universidad Pablo Olavide. Quer\u00edamos destacar el siguiente v\u00eddeo, pues nos muestra la esencia de esta tierra, en voz de los que viven en ella y la valoran cada d\u00eda.<\/p>\n<p><iframe loading=\"lazy\" title=\"\u00bfQu\u00e9 es para ti Andaluc\u00eda?\" width=\"1600\" height=\"900\" src=\"https:\/\/www.youtube.com\/embed\/p48u3qQ_s-A?feature=oembed\" frameborder=\"0\" allow=\"accelerometer; autoplay; clipboard-write; encrypted-media; gyroscope; picture-in-picture; web-share\" referrerpolicy=\"strict-origin-when-cross-origin\" allowfullscreen><\/iframe><\/p>\n<p>&nbsp;<\/p>\n<p>Tambi\u00e9n nos gustar\u00eda hablar de secretOlivo, una revista de cultura andaluza contempor\u00e1nea.\u00a0 En su p\u00e1gina web\u00a0<a href=\"https:\/\/secretolivo.com\/\" target=\"_blank\" rel=\"noopener noreferrer\">secretOlivo<\/a> recogen producciones literarias, musicales, art\u00edsticas y audiovisuales de todo tipo.\u00a0 Adem\u00e1s de animaros a echar un vistazo a todo su contenido, quer\u00edamos compartir un art\u00edculo muy interesante sobre los mejores discos andaluces del pasado a\u00f1o 2020. Pulsando en el siguiente art\u00edculo, pod\u00e9is acceder a esta variada selecci\u00f3n de autores:<\/p>\n<blockquote class=\"wp-embedded-content\" data-secret=\"sMAqWH3PqZ\"><p><a href=\"https:\/\/secretolivo.com\/index.php\/2021\/01\/07\/los-mejores-discos-andaluces-de-2020\/\">Los mejores discos andaluces de 2020<\/a><\/p><\/blockquote>\n<p><iframe loading=\"lazy\" class=\"wp-embedded-content\" sandbox=\"allow-scripts\" security=\"restricted\" style=\"position: absolute; visibility: hidden;\" title=\"\u00abLos mejores discos andaluces de 2020\u00bb \u2014 secretOlivo\" src=\"https:\/\/secretolivo.com\/index.php\/2021\/01\/07\/los-mejores-discos-andaluces-de-2020\/embed\/#?secret=qHuUAs3VhI#?secret=sMAqWH3PqZ\" data-secret=\"sMAqWH3PqZ\" width=\"600\" height=\"338\" frameborder=\"0\" marginwidth=\"0\" marginheight=\"0\" scrolling=\"no\"><\/iframe><\/p>\n<p>Estas plataformas de difusi\u00f3n de la cultura andaluza nos motivan a pensar que se est\u00e1 produciendo un cambio y suponen un impulso hacia una sociedad m\u00e1s concienciada de su propia riqueza y patrimonio. Por ello, nos interesa mucho tu opini\u00f3n: \u00bfqu\u00e9 es para ti Andaluc\u00eda?<\/p>\n","protected":false},"excerpt":{"rendered":"<p>Como bien saben nuestros lectores, el Patio Colorao pretende recoger todas las artes (y todo el arte) que se llevan a cabo en Andaluc\u00eda como una forma de reivindicaci\u00f3n y visibilizaci\u00f3n del patrimonio. Por suerte, no somos el \u00fanico espacio dedicado a esta labor y como muestra, quer\u00edamos presentar algunas asociaciones afines, j\u00f3venes, preocupadas por [&hellip;]<\/p>\n","protected":false},"author":51,"featured_media":1611,"comment_status":"open","ping_status":"open","sticky":false,"template":"","format":"standard","meta":{"_acf_changed":false,"_monsterinsights_skip_tracking":false,"_monsterinsights_sitenote_active":false,"_monsterinsights_sitenote_note":"","_monsterinsights_sitenote_category":0,"footnotes":""},"categories":[35,186,23],"tags":[55,99,53,28,67],"class_list":["post-1603","post","type-post","status-publish","format-standard","has-post-thumbnail","hentry","category-fiestas-tradiciones","category-literatura-musica","category-patrimonio-vivo","tag-andalucia","tag-cultura","tag-musica","tag-arte","tag-dia-de-andalucia"],"blocksy_meta":[],"acf":[],"jetpack_featured_media_url":"https:\/\/www.upo.es\/patio-colorado\/wp-content\/uploads\/2021\/02\/BeFunky-collage2-scaled.jpg","_links":{"self":[{"href":"https:\/\/www.upo.es\/patio-colorado\/wp-json\/wp\/v2\/posts\/1603","targetHints":{"allow":["GET"]}}],"collection":[{"href":"https:\/\/www.upo.es\/patio-colorado\/wp-json\/wp\/v2\/posts"}],"about":[{"href":"https:\/\/www.upo.es\/patio-colorado\/wp-json\/wp\/v2\/types\/post"}],"author":[{"embeddable":true,"href":"https:\/\/www.upo.es\/patio-colorado\/wp-json\/wp\/v2\/users\/51"}],"replies":[{"embeddable":true,"href":"https:\/\/www.upo.es\/patio-colorado\/wp-json\/wp\/v2\/comments?post=1603"}],"version-history":[{"count":7,"href":"https:\/\/www.upo.es\/patio-colorado\/wp-json\/wp\/v2\/posts\/1603\/revisions"}],"predecessor-version":[{"id":1612,"href":"https:\/\/www.upo.es\/patio-colorado\/wp-json\/wp\/v2\/posts\/1603\/revisions\/1612"}],"wp:featuredmedia":[{"embeddable":true,"href":"https:\/\/www.upo.es\/patio-colorado\/wp-json\/wp\/v2\/media\/1611"}],"wp:attachment":[{"href":"https:\/\/www.upo.es\/patio-colorado\/wp-json\/wp\/v2\/media?parent=1603"}],"wp:term":[{"taxonomy":"category","embeddable":true,"href":"https:\/\/www.upo.es\/patio-colorado\/wp-json\/wp\/v2\/categories?post=1603"},{"taxonomy":"post_tag","embeddable":true,"href":"https:\/\/www.upo.es\/patio-colorado\/wp-json\/wp\/v2\/tags?post=1603"}],"curies":[{"name":"wp","href":"https:\/\/api.w.org\/{rel}","templated":true}]}}