{"id":1628,"date":"2021-02-17T15:05:34","date_gmt":"2021-02-17T15:05:34","guid":{"rendered":"https:\/\/www.upo.es\/patio-colorado\/?p=1628"},"modified":"2021-02-17T15:09:27","modified_gmt":"2021-02-17T15:09:27","slug":"sucedio-en-bailen","status":"publish","type":"post","link":"https:\/\/www.upo.es\/patio-colorado\/2021\/02\/17\/sucedio-en-bailen\/","title":{"rendered":"Sucedi\u00f3 en Bail\u00e9n&#8230;"},"content":{"rendered":"<p><span style=\"font-weight: 400\">Muchos de nosotros conoceremos la famosa Batalla de Bail\u00e9n en la que dicho pueblo jiennense sali\u00f3 victorioso ante las tropas del Emperador Napole\u00f3n Bonaparte. Pero, \u00bfcu\u00e1ntos de vosotros sab\u00e9is sobre la existencia de unas fiestas que conmemoran dicho acontecimiento? Repasemos un poco la historia y conozcamos un poco m\u00e1s acerca de una de las celebraciones m\u00e1s importantes de nuestra tierra.<\/span><\/p>\n<p><span style=\"font-weight: 400\">La jiennense ciudad de Bail\u00e9n celebra una de sus fiestas m\u00e1s caracter\u00edsticas entre los d\u00edas 17 y 22 de julio de cada a\u00f1o: la fiesta de la Batalla de Bail\u00e9n, hom\u00f3nima de este acontecimiento. Situ\u00e1ndonos en el tiempo al que nos referimos, nos encontramos con una Espa\u00f1a que est\u00e1 siendo invadida por los franceses debido a que el Emperador Napole\u00f3n Bonaparte, quien tuvo ayuda del monarca espa\u00f1ol Carlos IV, consigue pasar a la Pen\u00ednsula Ib\u00e9rica con el pretexto de conquistar Portugal. El General franc\u00e9s Junot, a la cabeza de las tropas napole\u00f3nicas, entr\u00f3 as\u00ed en Espa\u00f1a el 18 de octubre de 1807 y, m\u00e1s tarde, el General Murat, quien continuar\u00eda conquistando territorio espa\u00f1ol. Poco sospechaba el Emperador franc\u00e9s que el pueblo de Bail\u00e9n, y su batalla en cinco actos, ser\u00edan la horma de su zapato.<\/span><\/p>\n<p style=\"text-align: center\"><img loading=\"lazy\" decoding=\"async\" class=\"alignnone size-medium wp-image-1629\" src=\"https:\/\/www.upo.es\/patio-colorado\/wp-content\/uploads\/2021\/02\/390px-Batalla_de_Bailen-300x150.jpg\" alt=\"\" width=\"300\" height=\"150\" srcset=\"https:\/\/www.upo.es\/patio-colorado\/wp-content\/uploads\/2021\/02\/390px-Batalla_de_Bailen-300x150.jpg 300w, https:\/\/www.upo.es\/patio-colorado\/wp-content\/uploads\/2021\/02\/390px-Batalla_de_Bailen.jpg 390w\" sizes=\"auto, (max-width: 300px) 100vw, 300px\" \/><\/p>\n<p style=\"text-align: center\"><span style=\"font-weight: 400\">Cerca de la villa de Bail\u00e9n, Ja\u00e9n, 19 de julio de 1808.\u00a0<\/span><br \/>\n<span style=\"font-weight: 400\">Fuente: EcuRed<\/span><\/p>\n<p>&nbsp;<\/p>\n<p><span style=\"font-weight: 400\">Estos cinco combates dieron como resultado la victoria del Ej\u00e9rcito espa\u00f1ol, que estaba bajo las \u00f3rdenes del General J. de Casta\u00f1os y Aragorri, ante la rendici\u00f3n del franc\u00e9s, encabezado por el General Dupont, lo que se constata en las denominadas \u00abCapitulaciones de Bail\u00e9n\u00bb, firmadas por ambos generales, donde se establece la rendici\u00f3n de las tropas francesas y su retirada hacia Francia, adem\u00e1s del destino de los prisioneros de guerra.<\/span><\/p>\n<p><span style=\"font-weight: 400\">En la localidad bailenense se celebra desde el a\u00f1o 1817, durante la semana mencionada, una fiesta declarada Bien de Inter\u00e9s Tur\u00edstico Nacional de Andaluc\u00eda en 1999, que se desarrolla mediante actos c\u00edvico-militares como actividades culturales, gastron\u00f3micas, espect\u00e1culos, entre otros, cuyo m\u00e1ximo esplendor se centra en el d\u00eda 19, en conmemoraci\u00f3n del hecho hist\u00f3rico en el que los lugare\u00f1os recrean esta famosa contienda, as\u00ed como el d\u00eda 20 que es el d\u00eda de la Patrona, la Virgen de Zocueca que recorre las calles del pueblo luciendo la banda y la Gran Cruz de San Fernando, ofrendadas por el General Casta\u00f1os. De la misma manera, es preciso recalcar la asistencia de la Compa\u00f1\u00eda del Ej\u00e9rcito de Tierra de C\u00f3rdoba, los cuales desfilan y rinden honores a los ca\u00eddos en dicha batalla. Bail\u00e9n qued\u00f3, de esta forma, como referente espa\u00f1ol para otros pa\u00edses europeos en el \u00e1mbito de la guerra.<\/span><\/p>\n<p>&nbsp;<\/p>\n<p><img loading=\"lazy\" decoding=\"async\" class=\"size-medium wp-image-1630 aligncenter\" src=\"https:\/\/www.upo.es\/patio-colorado\/wp-content\/uploads\/2021\/02\/Mar\u00eda-Bellido-211x300.jpg\" alt=\"\" width=\"211\" height=\"300\" srcset=\"https:\/\/www.upo.es\/patio-colorado\/wp-content\/uploads\/2021\/02\/Mar\u00eda-Bellido-211x300.jpg 211w, https:\/\/www.upo.es\/patio-colorado\/wp-content\/uploads\/2021\/02\/Mar\u00eda-Bellido.jpg 338w\" sizes=\"auto, (max-width: 211px) 100vw, 211px\" \/><\/p>\n<p style=\"text-align: center\"><span style=\"font-weight: 400\">Cartel V Exposici\u00f3n Tem\u00e1tica \u201cMar\u00eda Bellido en la Batalla de Bail\u00e9n\u201d.\u00a0 <\/span><span style=\"font-weight: 400\">Fuente: Cultural Teodoro Reding<\/span><\/p>\n<p><span style=\"font-weight: 400\">Un aspecto importante a destacar es la presencia de una mujer: Mar\u00eda In\u00e9s Juliana Bellido Vallejo. Mar\u00eda, natural de la localidad de Porcuna (Ja\u00e9n), apodada la \u00abculiancha\u00bb por sus anchas caderas y olvidad<\/span>a por la historia como tantas otras, desafortunadamente, a sus 53 a\u00f1os con los que contaba en el momento de la batalla, fue la mayor responsable de nuestra victoria andaluza, por lo que se le ha dado el renombre de hero\u00edna legendaria de la Guerra de la Independencia Espa\u00f1ola, pues fue la encargada, junto a otras mujeres y numerosos ni\u00f1os, de llevar c\u00e1ntaros de agua a los soldados espa\u00f1oles ante la situaci\u00f3n de calor sofocante que se produce en dichas fechas en nuestra comunidad, y que fue causante de la asfixia de las tropas francesas que no estaban acostumbradas a temperaturas tan altas.<\/p>\n<p>&nbsp;<\/p>\n<p><img loading=\"lazy\" decoding=\"async\" class=\"wp-image-1631 aligncenter\" src=\"https:\/\/www.upo.es\/patio-colorado\/wp-content\/uploads\/2021\/02\/Escudo_de_Baile\u0301n-295x300.jpg\" alt=\"\" width=\"192\" height=\"195\" srcset=\"https:\/\/www.upo.es\/patio-colorado\/wp-content\/uploads\/2021\/02\/Escudo_de_Baile\u0301n-295x300.jpg 295w, https:\/\/www.upo.es\/patio-colorado\/wp-content\/uploads\/2021\/02\/Escudo_de_Baile\u0301n.jpg 557w\" sizes=\"auto, (max-width: 192px) 100vw, 192px\" \/><\/p>\n<p style=\"text-align: center\"><span style=\"font-weight: 400\">Escudo de la Ciudad de Bail\u00e9n. <\/span><span style=\"font-weight: 400\">Fuente: Historias de la Historia<\/span><\/p>\n<p>&nbsp;<\/p>\n<p><img loading=\"lazy\" decoding=\"async\" class=\"size-full wp-image-1632 aligncenter\" src=\"https:\/\/www.upo.es\/patio-colorado\/wp-content\/uploads\/2021\/02\/Alegoria-a-Espa\u00f1a-Victoriosa.-Museo-de-la-Batalla-de-Bail\u00e9n.jpg\" alt=\"Alegor\u00eda a la Espa\u00f1a Victoriosa (Bail\u00e9n) Fuente: Museo de la Batalla de Bail\u00e9n\" width=\"189\" height=\"267\" \/><\/p>\n<p style=\"text-align: center\"><span style=\"font-weight: 400\">Alegor\u00eda a la Espa\u00f1a Victoriosa (Bail\u00e9n). <\/span><span style=\"font-weight: 400\">Fuente: Museo de la Batalla de Bail\u00e9n<\/span><\/p>\n<p><span style=\"font-weight: 400\">A pesar de que la Historia la ha intentado ocultar, las \u00faltimas investigaciones han confirmado que realmente Mar\u00eda existi\u00f3 y los bailenenses tienen en el escudo de su pueblo un c\u00e1ntaro perforado y en la Plaza del General Casta\u00f1os una estatura romana de la Diosa Iberia o Hispania a modo de alegor\u00eda a la \u00abEspa\u00f1a Victoriosa\u00bb en la que ven la representaci\u00f3n de Mar\u00eda Bellido, una mujer sin miedo a colarse en la batalla para abastecer a su gente, un buen referente femenino y feminista para el pueblo, la comarca y Andaluc\u00eda.<\/span><\/p>\n<p><span style=\"font-weight: 400\">Bail\u00e9n nos lleva as\u00ed a nuestra Historia de hace 200 a\u00f1os.\u00a0<\/span><\/p>\n<p>&nbsp;<\/p>\n<p><span style=\"font-weight: 400\">Fuentes:<\/span><\/p>\n<p><span style=\"font-weight: 400\">\u201cEs Tradici\u00f3n. Los Festejos. 19 de Julio: Las Fiestas de Bail\u00e9n\u201d. Ayuntamiento de Bail\u00e9n. Recuperado de <\/span><a href=\"https:\/\/www.turismobailen.es\/es\/bailen-es\/es-tradicion#19-de-julio-las-fiestas-de-bail%C3%A9n\"><span style=\"font-weight: 400\">https:\/\/www.turismobailen.es\/es\/bailen-es\/es-tradicion#19-de-julio-las-fiestas-de-bail%C3%A9n<\/span><\/a><span style=\"font-weight: 400\">\u00a0<\/span><\/p>\n<p><span style=\"font-weight: 400\">\u201cMar\u00eda de Bellido. La valent\u00eda de una hero\u00edna\u201d. Ayuntamiento de Bail\u00e9n. Recuperado de <\/span><a href=\"https:\/\/www.turismobailen.es\/es\/artifices-de-la-victoria\/52-maria-de-bellido-la-valentia-de-una-heroina\"><span style=\"font-weight: 400\">https:\/\/www.turismobailen.es\/es\/artifices-de-la-victoria\/52-maria-de-bellido-la-valentia-de-una-heroina<\/span><\/a><span style=\"font-weight: 400\">\u00a0<\/span><\/p>\n<p><span style=\"font-weight: 400\">\u201cUna hist\u00f3rica batalla\u201d. Ayuntamiento de Bail\u00e9n. Recuperado de <\/span><a href=\"https:\/\/www.turismobailen.es\/es\/una-historica-batalla\"><span style=\"font-weight: 400\">https:\/\/www.turismobailen.es\/es\/una-historica-batalla<\/span><\/a><\/p>\n","protected":false},"excerpt":{"rendered":"<p>Muchos de nosotros conoceremos la famosa Batalla de Bail\u00e9n en la que dicho pueblo jiennense sali\u00f3 victorioso ante las tropas del Emperador Napole\u00f3n Bonaparte. Pero, \u00bfcu\u00e1ntos de vosotros sab\u00e9is sobre la existencia de unas fiestas que conmemoran dicho acontecimiento? Repasemos un poco la historia y conozcamos un poco m\u00e1s acerca de una de las celebraciones [&hellip;]<\/p>\n","protected":false},"author":49,"featured_media":1630,"comment_status":"open","ping_status":"open","sticky":false,"template":"","format":"standard","meta":{"_acf_changed":false,"_monsterinsights_skip_tracking":false,"_monsterinsights_sitenote_active":false,"_monsterinsights_sitenote_note":"","_monsterinsights_sitenote_category":0,"footnotes":""},"categories":[12,298,35,166,306],"tags":[],"class_list":["post-1628","post","type-post","status-publish","format-standard","has-post-thumbnail","hentry","category-eventos","category-feminismo","category-fiestas-tradiciones","category-historia-arqueologia","category-jaen"],"blocksy_meta":[],"acf":[],"jetpack_featured_media_url":"https:\/\/www.upo.es\/patio-colorado\/wp-content\/uploads\/2021\/02\/Mar\u00eda-Bellido.jpg","_links":{"self":[{"href":"https:\/\/www.upo.es\/patio-colorado\/wp-json\/wp\/v2\/posts\/1628","targetHints":{"allow":["GET"]}}],"collection":[{"href":"https:\/\/www.upo.es\/patio-colorado\/wp-json\/wp\/v2\/posts"}],"about":[{"href":"https:\/\/www.upo.es\/patio-colorado\/wp-json\/wp\/v2\/types\/post"}],"author":[{"embeddable":true,"href":"https:\/\/www.upo.es\/patio-colorado\/wp-json\/wp\/v2\/users\/49"}],"replies":[{"embeddable":true,"href":"https:\/\/www.upo.es\/patio-colorado\/wp-json\/wp\/v2\/comments?post=1628"}],"version-history":[{"count":2,"href":"https:\/\/www.upo.es\/patio-colorado\/wp-json\/wp\/v2\/posts\/1628\/revisions"}],"predecessor-version":[{"id":1634,"href":"https:\/\/www.upo.es\/patio-colorado\/wp-json\/wp\/v2\/posts\/1628\/revisions\/1634"}],"wp:featuredmedia":[{"embeddable":true,"href":"https:\/\/www.upo.es\/patio-colorado\/wp-json\/wp\/v2\/media\/1630"}],"wp:attachment":[{"href":"https:\/\/www.upo.es\/patio-colorado\/wp-json\/wp\/v2\/media?parent=1628"}],"wp:term":[{"taxonomy":"category","embeddable":true,"href":"https:\/\/www.upo.es\/patio-colorado\/wp-json\/wp\/v2\/categories?post=1628"},{"taxonomy":"post_tag","embeddable":true,"href":"https:\/\/www.upo.es\/patio-colorado\/wp-json\/wp\/v2\/tags?post=1628"}],"curies":[{"name":"wp","href":"https:\/\/api.w.org\/{rel}","templated":true}]}}