{"id":1637,"date":"2021-02-18T16:23:55","date_gmt":"2021-02-18T16:23:55","guid":{"rendered":"https:\/\/www.upo.es\/patio-colorado\/?p=1637"},"modified":"2021-02-18T16:23:55","modified_gmt":"2021-02-18T16:23:55","slug":"la-semana-santa-de-jerez-se-reinventa-luz-verde-a-una-exposicion-cofrade","status":"publish","type":"post","link":"https:\/\/www.upo.es\/patio-colorado\/2021\/02\/18\/la-semana-santa-de-jerez-se-reinventa-luz-verde-a-una-exposicion-cofrade\/","title":{"rendered":"La Semana Santa de Jerez se reinventa: luz verde a una exposici\u00f3n cofrade"},"content":{"rendered":"<p>La cancelaci\u00f3n de las procesiones de Semana Santa es un hecho que, desgraciadamente, tiene que volver a repetirse este a\u00f1o debido a las circunstancias sanitarias que estamos padeciendo. No obstante, esto no significa que esta semana de pasi\u00f3n desaparezca de nuestro calendario, sino que lleva a idear nuevas maneras de celebrarla cumpliendo con las medidas de seguridad y constituyendo, una vez m\u00e1s, una cultura segura y accesible para todos.<\/p>\n<p>En este caso, los habitantes de la localidad gaditana Jerez de la Frontera (y los de las poblaciones vecinas, si los confinamientos perimetrales lo permiten) est\u00e1n de enhorabuena, ya que el Ayuntamiento y la Uni\u00f3n de Hermandades han aprobado la celebraci\u00f3n de una exposici\u00f3n en la que se presentar\u00e1n al p\u00fablico gran cantidad de los enseres de las distintas cofrad\u00edas de la ciudad.<\/p>\n<p>Dicha exposici\u00f3n, bajo el nombre de \u00abCofrad\u00edas, la huella del tiempo en Jerez\u00bb, tendr\u00e1 lugar en los Claustros de Santo Domingo desde el d\u00eda 19 de marzo al 11 de abril.<\/p>\n<p>A continuaci\u00f3n dejamos un listado de las hermandades participantes y las respectivas aportaciones de sus ajuares confirmadas hasta el momento, extra\u00eddo de <a href=\"https:\/\/www.jerezcofrade.tv\/2021\/02\/07\/asi-sera-la-exposicion-cofradias-la-huella-del-tiempo-en-jerez\/\">JerezCofrade.TV<\/a>:<\/p>\n<p><strong>Hermandad de la Entrega (de la pedan\u00eda de Guadalcac\u00edn)<\/strong><\/p>\n<p>&#8211; Conjunto escult\u00f3rico del paso de misterio<\/p>\n<p><strong>Hermandad de la Borriquita<\/strong><br \/>\n&#8211; Delantera completa del paso de palio de Ntra. Sra. de la Estrella<br \/>\n&#8211; Saya bordada de Ntra. Sra. de la Estrella<br \/>\n&#8211; Corona de salida de Ntra. Sra. de la Estrella<br \/>\n&#8211; Cruz de gu\u00eda<br \/>\n&#8211; Im\u00e1genes secundarias del paso de misterio<\/p>\n<p><strong>Hermandad de Pasi\u00f3n<\/strong><br \/>\n&#8211; Conjunto escult\u00f3rico del paso de misterio<br \/>\n&#8211; Libro de Reglas<\/p>\n<p><strong>Hermandad del Perd\u00f3n<\/strong><br \/>\n&#8211; Cruz alzada<br \/>\n&#8211; Bander\u00edn de San Jos\u00e9<br \/>\n&#8211; Cartelas del paso del Stmo. Cristo del Perd\u00f3n<br \/>\n&#8211; Im\u00e1genes de los Padres de la Iglesia de las esquineras del paso del Stmo. Cristo del Perd\u00f3n<br \/>\n&#8211; Bambalina delantera del paso de palio de M\u00aa Stma. del Perpetuo Socorro<\/p>\n<p><strong>Hermandad de la Coronaci\u00f3n <\/strong><br \/>\n&#8211; Conjunto escult\u00f3rico del paso de misterio<br \/>\n&#8211; Cruz de gu\u00eda<br \/>\n&#8211; Bocinas del cortejo del paso de misterio<br \/>\n&#8211; Cl\u00e1mide bordada del Stmo. Cristo de la Coronaci\u00f3n de Espinas<br \/>\n&#8211; Corona de salida de M\u00aa Stma. de la Paz en su Mayor Aflicci\u00f3n<br \/>\n&#8211; Delantera completa del paso de palio de M\u00aa Stma. de la Paz en su Mayor Aflicci\u00f3n<\/p>\n<p><strong>Hermandad de la Paz de F\u00e1tima <\/strong><br \/>\n&#8211; Bander\u00edn de la Virgen de F\u00e1tima<br \/>\n&#8211; T\u00fanica de Ntro. Se\u00f1or Jes\u00fas de la Paz<br \/>\n&#8211; Candelabros de cola del paso de palio de M\u00aa Stma. Refugio de los Pecadores<br \/>\n&#8211; \u00c1ngeles mancebos del paso de misterio<\/p>\n<p><strong>Hermandad de la Candelaria <\/strong><br \/>\n&#8211; Saya de salida de M\u00aa Stma. de la Candelaria<br \/>\n&#8211; Colecci\u00f3n de pa\u00f1os de la Santa Mujer Ver\u00f3nica<br \/>\n&#8211; Delantera del paso de palio de M\u00aa Stma. de la Candelaria (bambalina, dos varales y respiradero)<\/p>\n<p><strong>Hermandad de la Salud de San Rafael <\/strong><br \/>\n&#8211; Cruz de gu\u00eda<\/p>\n<p><strong>Hermandad del Desconsuelo <\/strong><br \/>\n&#8211; Paso de palio de M\u00aa Stma. del Desconsuelo<\/p>\n<p><strong>Hermandad del Soberano Poder <\/strong><br \/>\n&#8211; Llamador del paso de misterio<br \/>\n&#8211; Cruz de gu\u00eda<br \/>\n&#8211; Bocinas del cortejo del paso de misterio<\/p>\n<p><strong>Hermandad de las Tres Ca\u00eddas <\/strong><br \/>\n&#8211; Cruz de gu\u00eda<br \/>\n&#8211; Frontal del paso de palio de M\u00aa Stma. de los Dolores<br \/>\n&#8211; Bander\u00edn de Ntra. Sra. de Bel\u00e9n<\/p>\n<p><strong>Hermandad de la Amargura <\/strong><br \/>\n&#8211; Cruz de gu\u00eda<br \/>\n&#8211; Bocinas del cortejo del paso de misterio<br \/>\n&#8211; Corona de salida de M\u00aa Stma. de la Amargura<br \/>\n&#8211; Saya de salida de M\u00aa Stma. de la Amargura<br \/>\n&#8211; Frontal del paso de palio de M\u00aa Stma. de la Amargura<\/p>\n<p><strong>Hermandad de las Cinco Llagas<\/strong><br \/>\n&#8211; Cruz de gu\u00eda<br \/>\n&#8211; Trasera completa del paso de palio de M\u00aa Stma. de la Esperanza (bambalina, manto y candelabros de cola)<\/p>\n<p><strong>Hermandad del Nazareno <\/strong><br \/>\n&#8211; T\u00fanico de las Avefr\u00edas de Ntro. Padre Jes\u00fas Nazareno<br \/>\n&#8211; Cruz de carey de Ntro. Padre Jes\u00fas Nazareno<br \/>\n&#8211; Trasera completa del paso de palio de Ntra. Madre y Sra. del Traspaso<br \/>\n&#8211; \u00c1ngeles del paso de palio de Ntra. Madre y Sra. del Traspaso<br \/>\n-Imagen de Marquillo<\/p>\n<p><strong>Hermandad de la Buena Muerte <\/strong><br \/>\n&#8211; Saya de salida de M\u00aa Stma. del Dulce Nombre<br \/>\n&#8211; Senatus<br \/>\n&#8211; Libro de Reglas<br \/>\n&#8211; Faroles de cola del paso de palio de M\u00aa Stma. del Dulce Nombre<\/p>\n<p><strong>Hermandad de la Yedra <\/strong><br \/>\n&#8211; Antiguo conjunto escult\u00f3rico del paso de misterio<\/p>\n<p><strong>Hermandad del Cristo de la Expiraci\u00f3n <\/strong><br \/>\n&#8211; Cruz de plata del Stmo. Cristo de la Expiraci\u00f3n<br \/>\n&#8211; Vela del Stmo. Cristo de la Expiraci\u00f3n<br \/>\n&#8211; Potencias y corona de espinas del Stmo. Cristo de la Expiraci\u00f3n<br \/>\n-T\u00fanica y mantol\u00edn de San Juan Evangelista<br \/>\n&#8211; Paso de palio de M\u00aa Stma. del Valle Coronada<br \/>\n&#8211; Simpecado<br \/>\n&#8211; Saya de M\u00aa Stma. del Valle Coronada<\/p>\n<p><strong>Hermandad de la Piedad <\/strong><br \/>\n&#8211; Paso de palio de Ntra. Sra. de la Piedad<\/p>\n<p>En definitiva, ni siquiera la pandemia podr\u00e1 frenar la ilusi\u00f3n y la pasi\u00f3n de los m\u00e1s <em>semanasanteros<\/em>.<\/p>\n<p>Imagen de portada extra\u00edda de Elmira.es<\/p>\n","protected":false},"excerpt":{"rendered":"<p>La cancelaci\u00f3n de las procesiones de Semana Santa es un hecho que, desgraciadamente, tiene que volver a repetirse este a\u00f1o debido a las circunstancias sanitarias que estamos padeciendo. No obstante, esto no significa que esta semana de pasi\u00f3n desaparezca de nuestro calendario, sino que lleva a idear nuevas maneras de celebrarla cumpliendo con las medidas [&hellip;]<\/p>\n","protected":false},"author":50,"featured_media":1638,"comment_status":"open","ping_status":"open","sticky":false,"template":"","format":"standard","meta":{"_acf_changed":false,"_monsterinsights_skip_tracking":false,"_monsterinsights_sitenote_active":false,"_monsterinsights_sitenote_note":"","_monsterinsights_sitenote_category":0,"footnotes":""},"categories":[45,302,46,12,35,166,170,23,44,167,309],"tags":[80,55,321,99,320,319,64,59,28,300,85,210],"class_list":["post-1637","post","type-post","status-publish","format-standard","has-post-thumbnail","hentry","category-boletin-colorao","category-cadiz","category-en-la-prensa","category-eventos","category-fiestas-tradiciones","category-historia-arqueologia","category-monumentos-y-turismo","category-patrimonio-vivo","category-patrimonio","category-pintura-escultura","category-provincias","tag-actualidad","tag-andalucia","tag-cofradia","tag-cultura","tag-jerez","tag-jerezcultura","tag-patrimonio","tag-semanasanta","tag-arte","tag-cadiz","tag-exposicion","tag-historia"],"blocksy_meta":[],"acf":[],"jetpack_featured_media_url":"https:\/\/www.upo.es\/patio-colorado\/wp-content\/uploads\/2021\/02\/elmira.es_.jpg","_links":{"self":[{"href":"https:\/\/www.upo.es\/patio-colorado\/wp-json\/wp\/v2\/posts\/1637","targetHints":{"allow":["GET"]}}],"collection":[{"href":"https:\/\/www.upo.es\/patio-colorado\/wp-json\/wp\/v2\/posts"}],"about":[{"href":"https:\/\/www.upo.es\/patio-colorado\/wp-json\/wp\/v2\/types\/post"}],"author":[{"embeddable":true,"href":"https:\/\/www.upo.es\/patio-colorado\/wp-json\/wp\/v2\/users\/50"}],"replies":[{"embeddable":true,"href":"https:\/\/www.upo.es\/patio-colorado\/wp-json\/wp\/v2\/comments?post=1637"}],"version-history":[{"count":3,"href":"https:\/\/www.upo.es\/patio-colorado\/wp-json\/wp\/v2\/posts\/1637\/revisions"}],"predecessor-version":[{"id":1641,"href":"https:\/\/www.upo.es\/patio-colorado\/wp-json\/wp\/v2\/posts\/1637\/revisions\/1641"}],"wp:featuredmedia":[{"embeddable":true,"href":"https:\/\/www.upo.es\/patio-colorado\/wp-json\/wp\/v2\/media\/1638"}],"wp:attachment":[{"href":"https:\/\/www.upo.es\/patio-colorado\/wp-json\/wp\/v2\/media?parent=1637"}],"wp:term":[{"taxonomy":"category","embeddable":true,"href":"https:\/\/www.upo.es\/patio-colorado\/wp-json\/wp\/v2\/categories?post=1637"},{"taxonomy":"post_tag","embeddable":true,"href":"https:\/\/www.upo.es\/patio-colorado\/wp-json\/wp\/v2\/tags?post=1637"}],"curies":[{"name":"wp","href":"https:\/\/api.w.org\/{rel}","templated":true}]}}