{"id":1643,"date":"2021-02-19T10:02:45","date_gmt":"2021-02-19T10:02:45","guid":{"rendered":"https:\/\/www.upo.es\/patio-colorado\/?p=1643"},"modified":"2021-02-19T10:02:45","modified_gmt":"2021-02-19T10:02:45","slug":"tesoro-de-joyeria-andalusi-en-el-museo-arqueologico-de-cordoba","status":"publish","type":"post","link":"https:\/\/www.upo.es\/patio-colorado\/2021\/02\/19\/tesoro-de-joyeria-andalusi-en-el-museo-arqueologico-de-cordoba\/","title":{"rendered":"Tesoro de joyer\u00eda andalus\u00ed en el Museo Arqueol\u00f3gico de C\u00f3rdoba"},"content":{"rendered":"<p>La consejera de Cultura y Patrimonio Hist\u00f3rico, Patricia del Pozo, ha presentado en el <a href=\"http:\/\/www.museosdeandalucia.es\/web\/museoarqueologicodecordoba\">Museo Arqueol\u00f3gico de C\u00f3rdoba<\/a> un <strong>tesoro de joyas andalus\u00edes<\/strong> del siglo XI. Este museo se configura como uno de los museos arqueol\u00f3gicos m\u00e1s importantes de Andaluc\u00eda. Situado en el antiguo palacio de los P\u00e1ez de Castillejo y en un nuevo edificio anexo, cuenta con piezas que abarcan desde la prehistoria hasta la Baja Edad Media. Se configura como un espacio extremadamente peculiar pues cuenta en el s\u00f3tano con restos arqueol\u00f3gicos del teatro romano de Colonia Patricia Corduba, uni\u00e9ndose en el museo piezas arqueol\u00f3gicas, un palacio del siglo XVI y un yacimiento arqueol\u00f3gico.<\/p>\n<p>Este espacio tan singular ser\u00e1 el encargado de albergar <strong>desde el 25 de febrero<\/strong> este tesoro compuesto por 98 piezas de oro, plata y plata sobredorada, 14 cuentas de piedras duras \u2012cuarzo y cristal de roca\u2012, 4 cuentas cil\u00edndricas de coral rosa, 31 cuentas cil\u00edndricas de pasta de vidrio y 476 alj\u00f3fares (perlas irregulares).<\/p>\n<p>El tesoro fue hallado hace un a\u00f1o en el t\u00e9rmino municipal de Baena en C\u00f3rdoba y desde esa fecha, las piezas del \u00ab<strong>Tesorillo de La Amarguilla<\/strong>\u00bb, que recibe este nombre en honor a la finca donde fue hallado, se han sometido a un proceso de restauraci\u00f3n. La intenci\u00f3n ha sido en todo momento la conseguir recuperar la integridad de las piezas, garantizar su estabilidad y permitir su exposici\u00f3n.<\/p>\n<p>A trav\u00e9s de una profundizaci\u00f3n en el estudio del hallazgo se ha situado cronol\u00f3gicamente a comienzos de siglo XI. Se piensa que las piezas fueron escondidas debido a la guerra civil que se sucedi\u00f3 a finales del Califato Omeya. El tesoro se configura como uno de los mejores de los 16 conocidos, debido a la calidad, la cantidad y el estado de conservaci\u00f3n. En una ciudad como C\u00f3rdoba, donde el sector joyero y platero se conforma como uno de los pilares econ\u00f3micos fundamentales, el tesoro cobra especial relevancia.<\/p>\n<p>Entre las piezas m\u00e1s destacables encontramos dos pares de ajorcas (aros de plata u oro), uno para las mu\u00f1ecas y otro que podr\u00eda ser para los tobillos o los brazos. Tambi\u00e9n destacan dos pares de arracadas de filigrana en oro (aro de metal, que se emplea como pendiente para las orejas). Por \u00faltimo, destaca otra arracada en cuyo interior se encuentra una estrella de seis puntas construidas con dos tri\u00e1ngulos. Esta pieza es especialmente excepcional pues hasta el momento no existe nada parecido ni entre los tesoros conocidos, ni entre las joyas dispersas. Esto convierte a la pieza en \u00fanica y a\u00f1ade un valor extraordinario al conjunto de la colecci\u00f3n. Esto son solo algunas de las piezas que pueden encontrarse en el tesoro.<\/p>\n<p><img loading=\"lazy\" decoding=\"async\" class=\"size-medium wp-image-1644 aligncenter\" src=\"https:\/\/www.upo.es\/patio-colorado\/wp-content\/uploads\/2021\/02\/df-300x169.jpg\" alt=\"\" width=\"300\" height=\"169\" srcset=\"https:\/\/www.upo.es\/patio-colorado\/wp-content\/uploads\/2021\/02\/df-300x169.jpg 300w, https:\/\/www.upo.es\/patio-colorado\/wp-content\/uploads\/2021\/02\/df-1024x576.jpg 1024w, https:\/\/www.upo.es\/patio-colorado\/wp-content\/uploads\/2021\/02\/df-768x432.jpg 768w, https:\/\/www.upo.es\/patio-colorado\/wp-content\/uploads\/2021\/02\/df.jpg 1200w\" sizes=\"auto, (max-width: 300px) 100vw, 300px\" \/><\/p>\n<p>En una ciudad como C\u00f3rdoba de gran valor hist\u00f3rico y art\u00edstico, este descubrimiento supone un legado sin igual para la ciudad y para nuestra comunidad. Esperemos que estos nuevos descubrimientos sirvan para llamar la atenci\u00f3n de los andaluces y para que la pr\u00f3xima vez que tengamos la oportunidad de visitar C\u00f3rdoba hagamos una peque\u00f1a parada en el Museo Arqueol\u00f3gico de la ciudad.<\/p>\n<hr \/>\n<p><strong>FUENTES<\/strong><\/p>\n<p>Cord\u00f3polis: <a href=\"https:\/\/cordopolis.eldiario.es\/cultura\/patrimonio\/tesorillo-amarguilla-600-joyas-siglo-xi-ver-arqueologico_1_7231737.html\">https:\/\/cordopolis.eldiario.es\/cultura\/patrimonio\/tesorillo<\/a><\/p>\n<p>Junta de Andaluc\u00eda: <a href=\"https:\/\/www.juntadeandalucia.es\/presidencia\/portavoz\/cultura\/158273\/ConsejeriadeCulturayPatrimonioHistorico\/PatriciadelPozo\/TesoroAmarguillaBaena\/MuseoArqueologicodeCordoba\/Joyasandalusies?fbclid=IwAR1P9-0DHFZvtDuyHUgFjbyQi--5oaYoWKgB07f0wcXq5OnTya50fJNUs-w\">https:\/\/www.juntadeandalucia.es\/presidencia\/portavoz\/cultura\/w<\/a><\/p>\n","protected":false},"excerpt":{"rendered":"<p>La consejera de Cultura y Patrimonio Hist\u00f3rico, Patricia del Pozo, ha presentado en el Museo Arqueol\u00f3gico de C\u00f3rdoba un tesoro de joyas andalus\u00edes del siglo XI. Este museo se configura como uno de los museos arqueol\u00f3gicos m\u00e1s importantes de Andaluc\u00eda. Situado en el antiguo palacio de los P\u00e1ez de Castillejo y en un nuevo edificio [&hellip;]<\/p>\n","protected":false},"author":53,"featured_media":1644,"comment_status":"open","ping_status":"open","sticky":false,"template":"","format":"standard","meta":{"_acf_changed":false,"_monsterinsights_skip_tracking":false,"_monsterinsights_sitenote_active":false,"_monsterinsights_sitenote_note":"","_monsterinsights_sitenote_category":0,"footnotes":""},"categories":[45,304,46,166,309],"tags":[],"class_list":["post-1643","post","type-post","status-publish","format-standard","has-post-thumbnail","hentry","category-boletin-colorao","category-cordoba","category-en-la-prensa","category-historia-arqueologia","category-provincias"],"blocksy_meta":[],"acf":[],"jetpack_featured_media_url":"https:\/\/www.upo.es\/patio-colorado\/wp-content\/uploads\/2021\/02\/df.jpg","_links":{"self":[{"href":"https:\/\/www.upo.es\/patio-colorado\/wp-json\/wp\/v2\/posts\/1643","targetHints":{"allow":["GET"]}}],"collection":[{"href":"https:\/\/www.upo.es\/patio-colorado\/wp-json\/wp\/v2\/posts"}],"about":[{"href":"https:\/\/www.upo.es\/patio-colorado\/wp-json\/wp\/v2\/types\/post"}],"author":[{"embeddable":true,"href":"https:\/\/www.upo.es\/patio-colorado\/wp-json\/wp\/v2\/users\/53"}],"replies":[{"embeddable":true,"href":"https:\/\/www.upo.es\/patio-colorado\/wp-json\/wp\/v2\/comments?post=1643"}],"version-history":[{"count":1,"href":"https:\/\/www.upo.es\/patio-colorado\/wp-json\/wp\/v2\/posts\/1643\/revisions"}],"predecessor-version":[{"id":1645,"href":"https:\/\/www.upo.es\/patio-colorado\/wp-json\/wp\/v2\/posts\/1643\/revisions\/1645"}],"wp:featuredmedia":[{"embeddable":true,"href":"https:\/\/www.upo.es\/patio-colorado\/wp-json\/wp\/v2\/media\/1644"}],"wp:attachment":[{"href":"https:\/\/www.upo.es\/patio-colorado\/wp-json\/wp\/v2\/media?parent=1643"}],"wp:term":[{"taxonomy":"category","embeddable":true,"href":"https:\/\/www.upo.es\/patio-colorado\/wp-json\/wp\/v2\/categories?post=1643"},{"taxonomy":"post_tag","embeddable":true,"href":"https:\/\/www.upo.es\/patio-colorado\/wp-json\/wp\/v2\/tags?post=1643"}],"curies":[{"name":"wp","href":"https:\/\/api.w.org\/{rel}","templated":true}]}}