{"id":1651,"date":"2021-02-26T12:51:24","date_gmt":"2021-02-26T12:51:24","guid":{"rendered":"https:\/\/www.upo.es\/patio-colorado\/?p=1651"},"modified":"2021-02-26T16:02:14","modified_gmt":"2021-02-26T16:02:14","slug":"el-flamenco-en-la-era-del-covid","status":"publish","type":"post","link":"https:\/\/www.upo.es\/patio-colorado\/2021\/02\/26\/el-flamenco-en-la-era-del-covid\/","title":{"rendered":"El Flamenco en la era del Covid"},"content":{"rendered":"\r\n<p>En esta ocasi\u00f3n tenemos el privilegio de entrevistar a Zaira Santos, una gran artista del flamenco que lleva toda una vida dedic\u00e1ndose en cuerpo y alma a esta disciplina. Emeritense de nacimiento, debut\u00f3 con s\u00f3lo 5 a\u00f1os en el Teatro Lope de Ayala en Badajoz y, examin\u00e1ndose a\u00f1os despu\u00e9s en el Conservatorio profesional de Extremadura, no ha dejado de demostrar su tes\u00f3n al estar siempre dispuesta a seguir ahondando en su pasi\u00f3n. Por este motivo se traslada as\u00ed a Sevilla, para seguir form\u00e1ndose como profesional del flamenco, as\u00ed es c\u00f3mo ha viajado por m\u00faltiples pa\u00edses como Jap\u00f3n y China, entre otros, ejerciendo como bailaora y como profesora de flamenco, adem\u00e1s de actuar en lugares tan emblem\u00e1ticos como el Teatro Romano de M\u00e9rida. En la actualidad trabaja en el Museo del Baile Flamenco de Cristina Hoyos en Sevilla, ofreciendo espect\u00e1culos flamencos variados. <br \/><br \/><strong>P. \u00bfQu\u00e9 lugar ocupa el flamenco en tu vida?<\/strong><br \/><br \/>R. Ha formado parte de mi vida desde que tengo uso de raz\u00f3n, me ha dado muchas alegr\u00edas y tambi\u00e9n muchos llantos. Sin embargo, son momentos \u00fanicos los que se viven en el escenario, el calor del p\u00fablico, un aplauso, un \u201cole\u201d bien dicho.. son inigualables. <br \/><br \/><strong>P. \u00bfEn qu\u00e9 momento de tu carrera te encontrabas cuando lleg\u00f3 la pandemia?<\/strong><br \/><br \/>R. \u00a1Me encontraba viviendo de lo que m\u00e1s me gusta! Creo que hoy en d\u00eda es muy dif\u00edcil presumir de ello y despu\u00e9s de lo que estamos viviendo, a\u00fan m\u00e1s. He viajado por medio mundo con grandes compa\u00f1\u00edas, pisando los mejores escenarios y ahora estaba trabajando sobre todo en tablaos flamencos donde m\u00e1s encuentro mi propia esencia. <br \/><br \/><strong>P. \u00bfC\u00f3mo os hab\u00e9is sentido los artistas?<\/strong><br \/><br \/>R. Personalmente me he dado cuenta de que hay que renovarse o morir. Hay muchos artistas flamencos que estamos utilizando la modalidad online para impartir clases, talleres e incluso espect\u00e1culos. Es muy dif\u00edcil transmitir la calidez que se respira en un escenario pero es una forma de mantenernos vivos, sin duda no ser\u00e1 un camino f\u00e1cil pero estoy segura de que conseguiremos resurgir.<br \/><br \/><strong>P. \u00bfCrees que deber\u00eda haber m\u00e1s visibilidad de vuestra situaci\u00f3n?<\/strong><br \/><br \/>R. S\u00ed, estamos muy olvidados. Esta situaci\u00f3n nos ha servido para ponernos de acuerdo (cosa que no era nada f\u00e1cil en el sector del flamenco) y crear sindicatos tanto de artistas como de tablaos flamencos para que se nos escuche y podamos luchar por nuestros derechos. <br \/><br \/><strong>P. \u00bfQu\u00e9 les dir\u00edas a las personas que se quieren dedicar a la profesi\u00f3n hoy en d\u00eda?<\/strong><br \/><br \/>R. Les dir\u00eda que no dejen de luchar por sus sue\u00f1os porque esto pasar\u00e1 alg\u00fan d\u00eda y nos har\u00e1 mucho m\u00e1s fuertes y conscientes de muchos aspectos. Hay que prepararse muy bien en todas las disciplinas que engloban al flamenco pero, sobre todo, no perder la esencia de ese baile callejero antiguo y puro, el flamenco nace, no se hace.<\/p>\r\n","protected":false},"excerpt":{"rendered":"<p>En esta ocasi\u00f3n tenemos el privilegio de entrevistar a Zaira Santos, una gran artista del flamenco que lleva toda una vida dedic\u00e1ndose en cuerpo y alma a esta disciplina. Emeritense de nacimiento, debut\u00f3 con s\u00f3lo 5 a\u00f1os en el Teatro Lope de Ayala en Badajoz y, examin\u00e1ndose a\u00f1os despu\u00e9s en el Conservatorio profesional de Extremadura, [&hellip;]<\/p>\n","protected":false},"author":57,"featured_media":1727,"comment_status":"open","ping_status":"open","sticky":false,"template":"","format":"standard","meta":{"_acf_changed":false,"_monsterinsights_skip_tracking":false,"_monsterinsights_sitenote_active":false,"_monsterinsights_sitenote_note":"","_monsterinsights_sitenote_category":0,"footnotes":""},"categories":[137,35],"tags":[118,53,64,28,31],"class_list":["post-1651","post","type-post","status-publish","format-standard","has-post-thumbnail","hentry","category-entrevistas","category-fiestas-tradiciones","tag-elartesequedaencasa","tag-musica","tag-patrimonio","tag-arte","tag-entrevista"],"blocksy_meta":[],"acf":[],"jetpack_featured_media_url":"https:\/\/www.upo.es\/patio-colorado\/wp-content\/uploads\/2021\/02\/thumbnail_foto3-1.jpg","_links":{"self":[{"href":"https:\/\/www.upo.es\/patio-colorado\/wp-json\/wp\/v2\/posts\/1651","targetHints":{"allow":["GET"]}}],"collection":[{"href":"https:\/\/www.upo.es\/patio-colorado\/wp-json\/wp\/v2\/posts"}],"about":[{"href":"https:\/\/www.upo.es\/patio-colorado\/wp-json\/wp\/v2\/types\/post"}],"author":[{"embeddable":true,"href":"https:\/\/www.upo.es\/patio-colorado\/wp-json\/wp\/v2\/users\/57"}],"replies":[{"embeddable":true,"href":"https:\/\/www.upo.es\/patio-colorado\/wp-json\/wp\/v2\/comments?post=1651"}],"version-history":[{"count":7,"href":"https:\/\/www.upo.es\/patio-colorado\/wp-json\/wp\/v2\/posts\/1651\/revisions"}],"predecessor-version":[{"id":1995,"href":"https:\/\/www.upo.es\/patio-colorado\/wp-json\/wp\/v2\/posts\/1651\/revisions\/1995"}],"wp:featuredmedia":[{"embeddable":true,"href":"https:\/\/www.upo.es\/patio-colorado\/wp-json\/wp\/v2\/media\/1727"}],"wp:attachment":[{"href":"https:\/\/www.upo.es\/patio-colorado\/wp-json\/wp\/v2\/media?parent=1651"}],"wp:term":[{"taxonomy":"category","embeddable":true,"href":"https:\/\/www.upo.es\/patio-colorado\/wp-json\/wp\/v2\/categories?post=1651"},{"taxonomy":"post_tag","embeddable":true,"href":"https:\/\/www.upo.es\/patio-colorado\/wp-json\/wp\/v2\/tags?post=1651"}],"curies":[{"name":"wp","href":"https:\/\/api.w.org\/{rel}","templated":true}]}}