{"id":1736,"date":"2021-02-27T10:24:00","date_gmt":"2021-02-27T10:24:00","guid":{"rendered":"https:\/\/www.upo.es\/patio-colorado\/?p=1736"},"modified":"2021-02-27T10:24:00","modified_gmt":"2021-02-27T10:24:00","slug":"andalucia-para-todos","status":"publish","type":"post","link":"https:\/\/www.upo.es\/patio-colorado\/2021\/02\/27\/andalucia-para-todos\/","title":{"rendered":"Andaluc\u00eda, para todos"},"content":{"rendered":"<p>Nos encontramos en un momento de la historia en el que la inclusi\u00f3n de los colectivos m\u00e1s discriminados es cada vez mayor, conseguida a trav\u00e9s de factores como aprobaciones de nuevas leyes de igualdad, cambios en la vida p\u00fablica y privada y, en definitiva, desarrollo en todos los \u00e1mbitos posibles. Sin embargo, la cantidad de estos grupos es tan elevada que es inevitable que queden cabos sueltos, al haber multitud de personas que, por cualquier motivo, siguen siendo excluidas constantemente de la sociedad y cuyas comunidades contin\u00faan a la espera de una mayor facilitaci\u00f3n de su d\u00eda a d\u00eda: nos referimos, en este caso, a las personas sordomudas, y tambi\u00e9n a aquellas que padecen una de estas dos discapacidades de manera aislada.<\/p>\n<p>As\u00ed pues, la forma de lograr la integraci\u00f3n de estas personas en nuestra sociedad es el aprendizaje extendido de la lengua de signos, en nuestro caso, obviamente, de la espa\u00f1ola. La ense\u00f1anza de la lengua de signos espa\u00f1ola (LSE) en las escuelas sigue siendo una asignatura pendiente, nunca mejor dicho, ya que raro es ver un centro escolar que oferte clases sobre esta, y m\u00e1s a\u00fan que las imparta de manera obligatoria para todo el alumnado. Habr\u00eda que esperar a la ense\u00f1anza superior, como los estudios universitarios, para ver la LSE instruida en las aulas, aunque exclusivamente en el caso de los alumnos que se hayan decantado voluntariamente por ella, que suelen ser un n\u00famero bastante reducido y, por lo general, solo se ofrece esta asignatura para el alumnado estudiante de grados de letras. No obstante, existen instituciones que, poco a poco, est\u00e1n procurando ir m\u00e1s all\u00e1 en este aspecto y dar cabida a cualquier tipo de alumnado en lecciones de LSE, organizando cursos abiertos a todo aquel o aquella con ganas de aprender esta maravillosa manera de comunicaci\u00f3n. Presentamos, por ejemplo, los cursos que lleva a cabo nuestra universidad, la Pablo de Olavide (Sevilla), con distintos niveles de ense\u00f1anza esta lengua:<\/p>\n<figure id=\"attachment_1740\" aria-describedby=\"caption-attachment-1740\" style=\"width: 212px\" class=\"wp-caption aligncenter\"><img loading=\"lazy\" decoding=\"async\" class=\"size-medium wp-image-1740\" src=\"https:\/\/www.upo.es\/patio-colorado\/wp-content\/uploads\/2021\/02\/unnamed-1-2-212x300.jpg\" alt=\"\" width=\"212\" height=\"300\" srcset=\"https:\/\/www.upo.es\/patio-colorado\/wp-content\/uploads\/2021\/02\/unnamed-1-2-212x300.jpg 212w, https:\/\/www.upo.es\/patio-colorado\/wp-content\/uploads\/2021\/02\/unnamed-1-2-724x1024.jpg 724w, https:\/\/www.upo.es\/patio-colorado\/wp-content\/uploads\/2021\/02\/unnamed-1-2-768x1086.jpg 768w, https:\/\/www.upo.es\/patio-colorado\/wp-content\/uploads\/2021\/02\/unnamed-1-2-1086x1536.jpg 1086w, https:\/\/www.upo.es\/patio-colorado\/wp-content\/uploads\/2021\/02\/unnamed-1-2.jpg 1131w\" sizes=\"auto, (max-width: 212px) 100vw, 212px\" \/><figcaption id=\"caption-attachment-1740\" class=\"wp-caption-text\">Fuente: Delegaci\u00f3n de Alumnos de la Facultad de Humanidades (Universidad Pablo de Olavide)<\/figcaption><\/figure>\n<p>Adem\u00e1s, el mundo audiovisual tambi\u00e9n debe modernizarse para conseguir que su informaci\u00f3n llegue a todas las personas, independientemente de sus mayores o menores posibilidades para captarla. Por ejemplo, nuestra cadena auton\u00f3mica por excelencia, Canal Sur, proporciona la opci\u00f3n de visualizar sus contenidos en la misma televisi\u00f3n con una int\u00e9rprete de lengua de signos situada en uno de los laterales, que va transmitiendo dicho contenido a la poblaci\u00f3n sorda.<\/p>\n<figure id=\"attachment_1742\" aria-describedby=\"caption-attachment-1742\" style=\"width: 369px\" class=\"wp-caption aligncenter\"><img loading=\"lazy\" decoding=\"async\" class=\" wp-image-1742\" src=\"https:\/\/www.upo.es\/patio-colorado\/wp-content\/uploads\/2021\/02\/despido-lenguaje-sordos-canalsur-644x362-1-300x169.jpg\" alt=\"\" width=\"369\" height=\"208\" srcset=\"https:\/\/www.upo.es\/patio-colorado\/wp-content\/uploads\/2021\/02\/despido-lenguaje-sordos-canalsur-644x362-1-300x169.jpg 300w, https:\/\/www.upo.es\/patio-colorado\/wp-content\/uploads\/2021\/02\/despido-lenguaje-sordos-canalsur-644x362-1.jpg 644w\" sizes=\"auto, (max-width: 369px) 100vw, 369px\" \/><figcaption id=\"caption-attachment-1742\" class=\"wp-caption-text\">Fuente: ABC de Sevilla<\/figcaption><\/figure>\n<p>Por todo esto, aqu\u00ed os presentamos un v\u00eddeo realizado por alumnos de la ya nombrada Universidad Pablo de Olavide en el que, de manera muy sencilla, explican c\u00f3mo se signan (es decir, c\u00f3mo se representan mediante las manos los distintos t\u00e9rminos de la lengua) tanto el nombre \u00abAndaluc\u00eda\u00bb como los de las diferentes provincias que la componen.<\/p>\n<p>\u00bfQu\u00e9 mejor manera de conmemorar la festividad de nuestra comunidad que a trav\u00e9s de una lengua m\u00e1s accesible para muchas personas?<\/p>\n<p><iframe loading=\"lazy\" title=\"Provincias de Andaluc\u00eda-LSE\" width=\"1600\" height=\"900\" src=\"https:\/\/www.youtube.com\/embed\/uprVXrBVtEU?feature=oembed\" frameborder=\"0\" allow=\"accelerometer; autoplay; clipboard-write; encrypted-media; gyroscope; picture-in-picture; web-share\" referrerpolicy=\"strict-origin-when-cross-origin\" allowfullscreen><\/iframe><\/p>\n<p>Imagen de portada de fundaci\u00f3naccesible.org<\/p>\n","protected":false},"excerpt":{"rendered":"<p>Nos encontramos en un momento de la historia en el que la inclusi\u00f3n de los colectivos m\u00e1s discriminados es cada vez mayor, conseguida a trav\u00e9s de factores como aprobaciones de nuevas leyes de igualdad, cambios en la vida p\u00fablica y privada y, en definitiva, desarrollo en todos los \u00e1mbitos posibles. Sin embargo, la cantidad de [&hellip;]<\/p>\n","protected":false},"author":50,"featured_media":1737,"comment_status":"open","ping_status":"open","sticky":false,"template":"","format":"standard","meta":{"_acf_changed":false,"_monsterinsights_skip_tracking":false,"_monsterinsights_sitenote_active":false,"_monsterinsights_sitenote_note":"","_monsterinsights_sitenote_category":0,"footnotes":""},"categories":[307,302,304,305,303,306,311,168,309,301],"tags":[],"class_list":["post-1736","post","type-post","status-publish","format-standard","has-post-thumbnail","hentry","category-almeria","category-cadiz","category-cordoba","category-granada","category-huelva","category-jaen","category-malaga","category-miscelanea","category-provincias","category-sevilla"],"blocksy_meta":[],"acf":[],"jetpack_featured_media_url":"https:\/\/www.upo.es\/patio-colorado\/wp-content\/uploads\/2021\/02\/cartel_lse_web-1-600x420-1.jpg","_links":{"self":[{"href":"https:\/\/www.upo.es\/patio-colorado\/wp-json\/wp\/v2\/posts\/1736","targetHints":{"allow":["GET"]}}],"collection":[{"href":"https:\/\/www.upo.es\/patio-colorado\/wp-json\/wp\/v2\/posts"}],"about":[{"href":"https:\/\/www.upo.es\/patio-colorado\/wp-json\/wp\/v2\/types\/post"}],"author":[{"embeddable":true,"href":"https:\/\/www.upo.es\/patio-colorado\/wp-json\/wp\/v2\/users\/50"}],"replies":[{"embeddable":true,"href":"https:\/\/www.upo.es\/patio-colorado\/wp-json\/wp\/v2\/comments?post=1736"}],"version-history":[{"count":5,"href":"https:\/\/www.upo.es\/patio-colorado\/wp-json\/wp\/v2\/posts\/1736\/revisions"}],"predecessor-version":[{"id":1749,"href":"https:\/\/www.upo.es\/patio-colorado\/wp-json\/wp\/v2\/posts\/1736\/revisions\/1749"}],"wp:featuredmedia":[{"embeddable":true,"href":"https:\/\/www.upo.es\/patio-colorado\/wp-json\/wp\/v2\/media\/1737"}],"wp:attachment":[{"href":"https:\/\/www.upo.es\/patio-colorado\/wp-json\/wp\/v2\/media?parent=1736"}],"wp:term":[{"taxonomy":"category","embeddable":true,"href":"https:\/\/www.upo.es\/patio-colorado\/wp-json\/wp\/v2\/categories?post=1736"},{"taxonomy":"post_tag","embeddable":true,"href":"https:\/\/www.upo.es\/patio-colorado\/wp-json\/wp\/v2\/tags?post=1736"}],"curies":[{"name":"wp","href":"https:\/\/api.w.org\/{rel}","templated":true}]}}