{"id":1745,"date":"2021-02-27T10:21:08","date_gmt":"2021-02-27T10:21:08","guid":{"rendered":"https:\/\/www.upo.es\/patio-colorado\/?p=1745"},"modified":"2021-02-27T10:21:08","modified_gmt":"2021-02-27T10:21:08","slug":"la-tierra-de-todos","status":"publish","type":"post","link":"https:\/\/www.upo.es\/patio-colorado\/2021\/02\/27\/la-tierra-de-todos\/","title":{"rendered":"La tierra de todos"},"content":{"rendered":"<p><strong>\u00bfDe d\u00f3nde eres?<\/strong><\/p>\n<p>Parece una pregunta sencilla de responder, aunque a algunos les resulte m\u00e1s f\u00e1cil que a otros. A Quan Zhou Wu, autora de <a href=\"https:\/\/gazpachoagridulce.tumblr.com\/\"><em>Gazpacho Agridulce<\/em> <\/a>o de su libro <em>Andaluchinas por el mundo, <\/em>esta pregunta le es muy f\u00e1cil de contestar, pero a algunas personas les cuesta asimilar su respuesta. En su p\u00e1gina web, ella se describe como \u00abchina de cara (a la vista est\u00e1) andaluza de coraz\u00f3n (y nacimiento)\u00bb. Entonces \u00bfpor qu\u00e9 hay gente a la que le cuesta aceptar que algunas personas digan \u00abyo soy andaluza\u00bb?<\/p>\n<figure id=\"attachment_1747\" aria-describedby=\"caption-attachment-1747\" style=\"width: 300px\" class=\"wp-caption alignnone\"><img loading=\"lazy\" decoding=\"async\" class=\"size-medium wp-image-1747\" src=\"https:\/\/www.upo.es\/patio-colorado\/wp-content\/uploads\/2021\/02\/Captura-300x227.png\" alt=\"\" width=\"300\" height=\"227\" srcset=\"https:\/\/www.upo.es\/patio-colorado\/wp-content\/uploads\/2021\/02\/Captura-300x227.png 300w, https:\/\/www.upo.es\/patio-colorado\/wp-content\/uploads\/2021\/02\/Captura-768x582.png 768w, https:\/\/www.upo.es\/patio-colorado\/wp-content\/uploads\/2021\/02\/Captura.png 899w\" sizes=\"auto, (max-width: 300px) 100vw, 300px\" \/><figcaption id=\"caption-attachment-1747\" class=\"wp-caption-text\">Autora: Quan Zhou Wu. En Gazpacho Agridulce.<\/figcaption><\/figure>\n<p><strong>\u00bfQu\u00e9 es ser de Andaluc\u00eda?<\/strong><\/p>\n<p>Para m\u00ed, ser andaluz es amar Andaluc\u00eda y sentirte perteneciente a esta tierra, independientemente de tus costumbres, tu raza, tu acento\u2026 Pero, como dijo Jack el Destripador, vamos por partes.<\/p>\n<p><strong>Empecemos por el acento.<\/strong><\/p>\n<p>No hay un solo acento andaluz, eso no existe, lo que s\u00ed existen son las hablas andaluzas que coinciden en algunas cosas y en otras difieren: cada una se habla de una forma y puede tener su propio vocabulario. Por eso, en algunos sitios se dice \u00abloh ojoh\u00bb, en otros \u00ablosojoh\u00bb, o \u00ablozojoh\u00bb \u2026 Mucho mejor que yo os lo podr\u00e1n explicar Lola Pons Rodr\u00edguez, catedr\u00e1tica en la Universidad de Sevilla y <strong>Marta Torres<\/strong>, profesora titular de la Universidad de Ja\u00e9n, ambas autoras de \u00abLas hablas andaluzas. Glosario de una realidad ling\u00fc\u00edstica\u00bb.<\/p>\n<p>Volviendo al acento, hay gente que tiene mucho, s\u00ed, y tambi\u00e9n los hay que tienen muy poco acento y eso no los hace menos andaluces ni significa que est\u00e9n rechazando su forma de hablar, simplemente, tienen poco acento. Hay gente que cuando sale de Andaluc\u00eda se impregna de otros acentos y parecen perder el suyo propio (es mi caso), pero ni lo hago conscientemente ni como rechazo a mi propia habla, simplemente se me pega el de los dem\u00e1s, pero sigo llamando cartera a lo que otros llaman mochila o botines a las zapatillas de deporte y no a las botas cortas. Sin embargo, yo digo estuche y no cartuchera, como s\u00ed lo hace mi amiga de Jerez. \u00bfQui\u00e9n entonces es m\u00e1s andaluza de todas estas posibilidades? Todas lo son, todas son igual de v\u00e1lidas.<\/p>\n<p><strong>En cuanto a la raza.<\/strong><\/p>\n<p>Si piensas que porque tu abuelo y tus padres sean andaluces tienes una especie de \u00abpura raza andaluza\u00bb, perm\u00edteme que me r\u00eda un poco. Andaluc\u00eda es una tierra que, por su localizaci\u00f3n geogr\u00e1fica, ha sido cuna de montones y montones de mezclas. Los fenicios, visigodos, romanos, \u00e1rabes, jud\u00edos, americanos y europeos que esperaban su turno para viajar o ven\u00edan de Am\u00e9rica al puerto de Sevilla, C\u00e1diz\u2026 Aqu\u00ed ha estado todo el mundo y es algo que no ha cambiado.<\/p>\n<p>Aqu\u00ed siempre ha venido gente, y los andaluces nos hemos ido a otros sitios y nos han acogido, buen ejemplo de esto est\u00e1 en los andaluces que se fueron a Catalu\u00f1a, muchos se sienten ya catalanes, se han criado all\u00ed y all\u00ed los han acogido. Si existe la <a href=\"https:\/\/www.rocio.com\/hermandad-de-bruselas-romeria-en-vilvoorde-belgica\/\">Romer\u00eda de Vilvoorde<\/a> en B\u00e9lgica \u00bfpor qu\u00e9 a nosotros nos tendr\u00eda que costar acoger a los dem\u00e1s? Al aprender de los dem\u00e1s nos enriquecemos nosotros mismos.<\/p>\n<p>En esta tierra de todos, hay andaluces de todos los colores y diversos or\u00edgenes, lo \u00fanico importante es que a la pregunta \u00ab\u00bfde d\u00f3nde eres?\u00bb, su respuesta sea, \u00absoy de Andaluc\u00eda\u00bb.<\/p>\n<p><strong>Y las costumbres\u2026<\/strong><\/p>\n<p>Andaluc\u00eda tiene una ampl\u00edsima cultura irreductible a solo unas pocas cosas. Os pongo algunos ejemplos, el 28F, en mi colegio se daban tostadas con aceite y az\u00facar, un desayuno que en mi casa era bastante habitual. Sin embargo, mis amigos desayunaban otras cosas y hay otras partes de Andaluc\u00eda donde se toma aceite y sal, hasta en eso nos diferenciamos. Yo me aprend\u00ed el himno de Andaluc\u00eda con la flauta dulce y sal\u00eda con banderas pintadas y pegadas en una pajita, estoy segura de que hay mucha gente a la que ni le suena esto. Yo ve\u00eda <em>Bandolero<\/em> en Canal Sur, otros amigos ni saben de lo que les hablo. Para m\u00ed las mayores fiestas son la Semana Santa y la Feria de Abril, para otros lo ser\u00e1 el Carnaval, la fiesta de los Patios, la Romer\u00eda de la Virgen del Mar, las Fiestas de Moros y Cristianos\u2026 \u00a1Ser\u00e1 por fiestas!<\/p>\n<p>Creo que la riqueza principal de Andaluc\u00eda es la variedad, la posibilidad de nutrirse de tan diferentes costumbres, h\u00e1bitos, ense\u00f1anzas, de descubrir tantas cosas nuevas apenas en la provincia vecina, de meternos unos con otros siempre de buenas, rodeando una cervecita (ya sea Cruzcampo o Alhambra, o un vasito de agua en mi caso). Para m\u00ed, formar parte de una comunidad tan completa y diversa es un orgullo, y me dar\u00eda cierta verg\u00fcenza que nos cerr\u00e1ramos a unas determinadas costumbres, sin avanzar, ni adquirir lo de nadie, dejando de sumar tantas y tantas cosas que podemos aprender y que podemos ense\u00f1ar. Yo estoy orgullosa de pertenecer a una Andaluc\u00eda abierta y llena de cultura, \u00bfy t\u00fa?<\/p>\n","protected":false},"excerpt":{"rendered":"<p>\u00bfDe d\u00f3nde eres? Parece una pregunta sencilla de responder, aunque a algunos les resulte m\u00e1s f\u00e1cil que a otros. A Quan Zhou Wu, autora de Gazpacho Agridulce o de su libro Andaluchinas por el mundo, esta pregunta le es muy f\u00e1cil de contestar, pero a algunas personas les cuesta asimilar su respuesta. En su p\u00e1gina [&hellip;]<\/p>\n","protected":false},"author":47,"featured_media":1746,"comment_status":"open","ping_status":"open","sticky":false,"template":"","format":"standard","meta":{"_acf_changed":false,"_monsterinsights_skip_tracking":false,"_monsterinsights_sitenote_active":false,"_monsterinsights_sitenote_note":"","_monsterinsights_sitenote_category":0,"footnotes":""},"categories":[171],"tags":[],"class_list":["post-1745","post","type-post","status-publish","format-standard","has-post-thumbnail","hentry","category-opinion"],"blocksy_meta":[],"acf":[],"jetpack_featured_media_url":"https:\/\/www.upo.es\/patio-colorado\/wp-content\/uploads\/2021\/02\/1200px-La_sevilla_del_sigloXVI.jpg","_links":{"self":[{"href":"https:\/\/www.upo.es\/patio-colorado\/wp-json\/wp\/v2\/posts\/1745","targetHints":{"allow":["GET"]}}],"collection":[{"href":"https:\/\/www.upo.es\/patio-colorado\/wp-json\/wp\/v2\/posts"}],"about":[{"href":"https:\/\/www.upo.es\/patio-colorado\/wp-json\/wp\/v2\/types\/post"}],"author":[{"embeddable":true,"href":"https:\/\/www.upo.es\/patio-colorado\/wp-json\/wp\/v2\/users\/47"}],"replies":[{"embeddable":true,"href":"https:\/\/www.upo.es\/patio-colorado\/wp-json\/wp\/v2\/comments?post=1745"}],"version-history":[{"count":1,"href":"https:\/\/www.upo.es\/patio-colorado\/wp-json\/wp\/v2\/posts\/1745\/revisions"}],"predecessor-version":[{"id":1750,"href":"https:\/\/www.upo.es\/patio-colorado\/wp-json\/wp\/v2\/posts\/1745\/revisions\/1750"}],"wp:featuredmedia":[{"embeddable":true,"href":"https:\/\/www.upo.es\/patio-colorado\/wp-json\/wp\/v2\/media\/1746"}],"wp:attachment":[{"href":"https:\/\/www.upo.es\/patio-colorado\/wp-json\/wp\/v2\/media?parent=1745"}],"wp:term":[{"taxonomy":"category","embeddable":true,"href":"https:\/\/www.upo.es\/patio-colorado\/wp-json\/wp\/v2\/categories?post=1745"},{"taxonomy":"post_tag","embeddable":true,"href":"https:\/\/www.upo.es\/patio-colorado\/wp-json\/wp\/v2\/tags?post=1745"}],"curies":[{"name":"wp","href":"https:\/\/api.w.org\/{rel}","templated":true}]}}