{"id":1771,"date":"2021-03-02T11:33:16","date_gmt":"2021-03-02T11:33:16","guid":{"rendered":"https:\/\/www.upo.es\/patio-colorado\/?p=1771"},"modified":"2021-03-02T11:33:16","modified_gmt":"2021-03-02T11:33:16","slug":"hercules-fundador-de-sevilla","status":"publish","type":"post","link":"https:\/\/www.upo.es\/patio-colorado\/2021\/03\/02\/hercules-fundador-de-sevilla\/","title":{"rendered":"H\u00e9rcules, fundador de Sevilla."},"content":{"rendered":"<figure id=\"attachment_1773\" aria-describedby=\"caption-attachment-1773\" style=\"width: 300px\" class=\"wp-caption alignright\"><img loading=\"lazy\" decoding=\"async\" class=\"size-medium wp-image-1773\" src=\"https:\/\/www.upo.es\/patio-colorado\/wp-content\/uploads\/2021\/03\/tumba-escondidad-sevilla-300x225.jpg\" alt=\"L\u00e1pida inscripci\u00f3n - Puerta de Jerez\" width=\"300\" height=\"225\" srcset=\"https:\/\/www.upo.es\/patio-colorado\/wp-content\/uploads\/2021\/03\/tumba-escondidad-sevilla-300x225.jpg 300w, https:\/\/www.upo.es\/patio-colorado\/wp-content\/uploads\/2021\/03\/tumba-escondidad-sevilla.jpg 640w\" sizes=\"auto, (max-width: 300px) 100vw, 300px\" \/><figcaption id=\"caption-attachment-1773\" class=\"wp-caption-text\">Fuente: viajerocurioso.blogspot.com.es<\/figcaption><\/figure>\n<p><strong>\u00abHERCVLES ME EDIFFICO\/ JVILIO CESAR ME CERCO\/ DE MVROS Y TORES ALTAS\/ EL REY SANCTO ME GANO\/ CON GARCI PEREZ \u00d0 VARGAS\u00bb<\/strong><\/p>\n<p><strong>\u00ab<em>H\u00e9rcules me edific\u00f3\/\u00a0Julio C\u00e9sar me cerc\u00f3<\/em><em>\/ de muros y torres altas,\/ y el rey santo me gan\u00f3\/ con Garc\u00edas P\u00e9rez de Vargas.\u00bb<\/em><\/strong><\/p>\n<p>Estos versos que encontramos en l\u00e1pida de la muralla de la Puerta de Jerez resumen la historia de Sevilla en tan s\u00f3lo unas pocas palabras que hacen alusi\u00f3n a los or\u00edgenes y formaci\u00f3n de la ciudad gracias al gran h\u00e9roe mitol\u00f3gico H\u00e9rcules.<\/p>\n<p>El descendiente de Juan de Mena y Pedro de Mena, el gran escritor Jos\u00e9 Mar\u00eda de Mena Calvo, excelent\u00edsimo catedr\u00e1tico subdirector del Conservatorio Superior de M\u00fasica y Arte Dram\u00e1tico de Sevilla, es tambi\u00e9n reconocido por haber sido el redactor jefe\u00a0 de la emisora de Radio Sevilla durante veinte a\u00f1os y habitual colaborador de los principales peri\u00f3dicos de Andaluc\u00eda, entre otros reconocimientos. Este se\u00f1alado autor es famoso por su obra <em>Tradiciones y Leyendas Sevillanas <\/em>de la que me servir\u00e9 para acercaros al mito de la fundaci\u00f3n de la maravillosa ciudad de Sevilla.<\/p>\n<p>Los historiadores coinciden en que la fundaci\u00f3n de esta ciudad es obra del h\u00e9roe mitol\u00f3gico H\u00e9rcules, pero como bien sabemos, este se trata de un h\u00e9roe de la mitolog\u00eda cl\u00e1sica, por lo tanto \u00bfC\u00f3mo podemos creer en esto? Hace 3000 a\u00f1os, hacia el a\u00f1o 1000 a.C., los primeros fenicios llegaron a la costa espa\u00f1ola a trav\u00e9s del Mar Mediterr\u00e1neo costeando el norte de \u00c1frica \u2013donde aprendieron la religi\u00f3n egipcia y fundaron la colonia de \u00ab<em>Kar-Tago\u00bb<\/em>, que recoge el significado de \u00ab<em>Ciudad Nueva<\/em>\u00bb\u2013 cerca de la actual T\u00fanez. Esto supuso el principio de un enorme progreso y desarrollo que desemboc\u00f3 en navegaciones que acercaron a los fenicios cada vez m\u00e1s al temido y desconocido Oc\u00e9ano Atl\u00e1ntico, donde se encontraba el impenetrable Estrecho de Gibraltar. Melkart, el navegante m\u00e1s valiente entre los fenicios, fue el \u00fanico que se atrevi\u00f3 a cruzar dicho estrecho con su barco por entre los dos promontorios del Pe\u00f1\u00f3n de Gibraltar y el Pe\u00f1\u00f3n de Calpe. A partir de entonces, Melkart sigui\u00f3 navegando hacia el Norte hasta toparse con la desembocadura de R\u00edo Guadalquivir, remont\u00e1ndolo hasta llegar al lugar que ocupa hoy Sevilla entre los dos brazos del r\u00edo. En dicho luchar, el intr\u00e9pido navegante fund\u00f3 una factor\u00eda comercial a la que le dio el nombre fenicio de \u00ab<em>Hispalis\u00bb<\/em> que viene a significar \u00abllanura junto a un r\u00edo\u00bb tal y como aclara Jos\u00e9 Mar\u00eda de Mena en su libro. Dicha factor\u00eda se ubicaba aproximadamente por la zona de la actual Plaza del Salvador, la Plaza de la Pescader\u00eda y la Cuesta del Rosario, donde hoy por hoy podemos ver los vestigios de la primera fundaci\u00f3n fenicia. Pero este no fue el \u00fanico logro de Melkart, pues tambi\u00e9n consigui\u00f3 apoderarse del monopolio de las pieles y cueros de Andaluc\u00eda a trav\u00e9s de tratados, incursiones y el sometimiento del rey turdetano Geri\u00f3n, a quien impuso \u2013tanto a \u00e9l como a su pueblo ind\u00edgena\u2013 la servidumbre comercial y el cambio de religi\u00f3n de la turdetana primitiva a la egipcia.<\/p>\n<p>Sobre estos datos hist\u00f3ricos versa la historia de la leyenda que se cre\u00f3 en base a la fundaci\u00f3n de la ciudad de Sevilla. Melkart fue declarado h\u00e9roe, dios y santo\u00a0 p\u00f3stumo tanto por los fenicios como por los egipcios cambi\u00e1ndose as\u00ed su nombre por el de Herakles o H\u00e9rcules, tal y como lo conoc\u00edan los latinos. Estos hechos fueron apropiados por los autores y poetas grecorromanos que crearon a partir de los sucesos reales de su vida las Leyendas o mitos de <em>Los doce trabajos de H\u00e9rcules<\/em>. De hecho, se\u00f1ala Jos\u00e9 Mar\u00eda de Mena en su libro que \u00abel haber roto las monta\u00f1as que un\u00edan \u00c1frica y Espa\u00f1a\u00bb significa simb\u00f3licamente el haber forzado el paso del Estrecho, derribando los mitos y temores, y convirtiendo en \u201cPlus Ultra\u201d lo que hasta entonces hab\u00eda sido \u00abNon plus Ultra\u00bb; y \u00abhaberse apoderado del mercado de cueros y pieles de toros, que enriqueci\u00f3 el comercio fenicio, se convierte en la leyenda de que \u00ablimpi\u00f3 los establos del rey Geri\u00f3n, y dom\u00e9stico a los toros feroces\u00bb\u00bb.<\/p>\n<p>En conclusi\u00f3n, todos los expertos reconocen al h\u00e9roe mitol\u00f3gico H\u00e9rcules como fundador de la capital de la regi\u00f3n andaluza, y es por ello que encontramos su figura e historia en lugares p\u00fablicos de Sevilla como la rematada estatua de H\u00e9rcules en una de las columnas del paseo de la Alameda sevillana que lleva su nombre (la Alameda de H\u00e9rcules), la estatua en el arquillo del Ayuntamiento, o los versos latinos que encontramos en la puerta de la muralla derribada en el siglo XIX, la puerta de Jerez.<\/p>\n<p>BIBLIOGRAF\u00cdA:<\/p>\n<p>Mena, J. M. D. (2018). <i>Tradiciones y leyendas sevillanas<\/i>. PLAZA &amp; JANES.<\/p>\n","protected":false},"excerpt":{"rendered":"<p>\u00abHERCVLES ME EDIFFICO\/ JVILIO CESAR ME CERCO\/ DE MVROS Y TORES ALTAS\/ EL REY SANCTO ME GANO\/ CON GARCI PEREZ \u00d0 VARGAS\u00bb \u00abH\u00e9rcules me edific\u00f3\/\u00a0Julio C\u00e9sar me cerc\u00f3\/ de muros y torres altas,\/ y el rey santo me gan\u00f3\/ con Garc\u00edas P\u00e9rez de Vargas.\u00bb Estos versos que encontramos en l\u00e1pida de la muralla de la [&hellip;]<\/p>\n","protected":false},"author":48,"featured_media":1772,"comment_status":"open","ping_status":"open","sticky":false,"template":"","format":"standard","meta":{"_acf_changed":false,"_monsterinsights_skip_tracking":false,"_monsterinsights_sitenote_active":false,"_monsterinsights_sitenote_note":"","_monsterinsights_sitenote_category":0,"footnotes":""},"categories":[309,301],"tags":[324,326,210,328,327,325,6],"class_list":["post-1771","post","type-post","status-publish","format-standard","has-post-thumbnail","hentry","category-provincias","category-sevilla","tag-fundacion","tag-hercules","tag-historia","tag-leyenda","tag-mitologia","tag-origenes","tag-sevilla"],"blocksy_meta":[],"acf":[],"jetpack_featured_media_url":"https:\/\/www.upo.es\/patio-colorado\/wp-content\/uploads\/2021\/03\/FS4-H\u00e9rcules-en-la-Alameda-y-l\u00e1pida-de-Puerta-de-Jerez.png","_links":{"self":[{"href":"https:\/\/www.upo.es\/patio-colorado\/wp-json\/wp\/v2\/posts\/1771","targetHints":{"allow":["GET"]}}],"collection":[{"href":"https:\/\/www.upo.es\/patio-colorado\/wp-json\/wp\/v2\/posts"}],"about":[{"href":"https:\/\/www.upo.es\/patio-colorado\/wp-json\/wp\/v2\/types\/post"}],"author":[{"embeddable":true,"href":"https:\/\/www.upo.es\/patio-colorado\/wp-json\/wp\/v2\/users\/48"}],"replies":[{"embeddable":true,"href":"https:\/\/www.upo.es\/patio-colorado\/wp-json\/wp\/v2\/comments?post=1771"}],"version-history":[{"count":1,"href":"https:\/\/www.upo.es\/patio-colorado\/wp-json\/wp\/v2\/posts\/1771\/revisions"}],"predecessor-version":[{"id":1774,"href":"https:\/\/www.upo.es\/patio-colorado\/wp-json\/wp\/v2\/posts\/1771\/revisions\/1774"}],"wp:featuredmedia":[{"embeddable":true,"href":"https:\/\/www.upo.es\/patio-colorado\/wp-json\/wp\/v2\/media\/1772"}],"wp:attachment":[{"href":"https:\/\/www.upo.es\/patio-colorado\/wp-json\/wp\/v2\/media?parent=1771"}],"wp:term":[{"taxonomy":"category","embeddable":true,"href":"https:\/\/www.upo.es\/patio-colorado\/wp-json\/wp\/v2\/categories?post=1771"},{"taxonomy":"post_tag","embeddable":true,"href":"https:\/\/www.upo.es\/patio-colorado\/wp-json\/wp\/v2\/tags?post=1771"}],"curies":[{"name":"wp","href":"https:\/\/api.w.org\/{rel}","templated":true}]}}