{"id":1833,"date":"2021-03-04T19:25:50","date_gmt":"2021-03-04T19:25:50","guid":{"rendered":"https:\/\/www.upo.es\/patio-colorado\/?p=1833"},"modified":"2021-03-04T19:29:19","modified_gmt":"2021-03-04T19:29:19","slug":"el-acercamiento-del-arte-en-redes-sociales","status":"publish","type":"post","link":"https:\/\/www.upo.es\/patio-colorado\/2021\/03\/04\/el-acercamiento-del-arte-en-redes-sociales\/","title":{"rendered":"El acercamiento del arte en redes sociales"},"content":{"rendered":"<p style=\"text-align: left\"><span style=\"font-weight: 400\">En pleno siglo XXI y con la situaci\u00f3n que nos ha tocado vivir, se est\u00e1n creando nuevos proyectos de acercamiento al arte por medio de las redes sociales. Este es el caso del Museo del Prado de Madrid quien se ha unido a las nuevas t\u00e9cnicas de acercamiento del arte y han comenzado a utilizar sus redes sociales para promocionar, de alguna manera, las exposiciones del museo. En este caso han utilizado varias que est\u00e1n en auge actualmente: Instagram, Facebook y Tik Tok.<\/span><\/p>\n<p style=\"text-align: left\"><span style=\"font-weight: 400\">La exposici\u00f3n ha comenzado el 1 de Marzo de 2021(de manera virtual) y se podr\u00e1 disfrutar desde el 2 de Marzo hasta el 4 de Julio de manera presencial en el Museo del Prado de Madrid. Se denomina \u201cPasiones Mitol\u00f3gicas\u201d\u00a0 y se presentan pinturas de Tiziano, Veronese, Alejandro Vergara, Rubens, Ribera, Pousssin, Van Dyck, Allori y Vel\u00e1zquez, seg\u00fan ha confirmado el comisario de dicha exposici\u00f3n, se compone de 29 cuadros(16 del Prado y 13 de otras instituciones) y est\u00e1 patrocinada por la Fundaci\u00f3n BBVA. En esta exposici\u00f3n se muestra la pasi\u00f3n que los artistas ten\u00edan por el amor entre dioses y mortales haciendo que, de manera irremediable, dominaran el transcurso de su vidas. Los artistas acudieron al germen de la mitolog\u00eda, tanto a Homero con La Il\u00edada y la Odisea como Ovidio y sus Metamorfosis escritos en \u00e9poca helena, como a Virgilio y su Eneida en \u00e9poca romana. Estos textos fueron el ideario mental que los artistas renacentistas y barrocos tuvieron en sus creaciones y que han sido veneradas durante el resto de la historia. As\u00ed es c\u00f3mo se busca la sensibilidad del visitante en busca del \u00e9xtasis y la abstracci\u00f3n del espectador por medio de la pintura, las obras son grandes joyas pict\u00f3ricas y centran su atenci\u00f3n en las escenas mitol\u00f3gicas basadas en la cultura europea con el conocimiento de las civilizaciones antiguas.<\/span><\/p>\n<p><img loading=\"lazy\" decoding=\"async\" class=\"alignnone wp-image-1838\" src=\"https:\/\/www.upo.es\/patio-colorado\/wp-content\/uploads\/2021\/03\/6RaptodeEuropaTiziano-U401951835029LaC-1027x900@abc-300x263.jpg\" alt=\"\" width=\"357\" height=\"313\" srcset=\"https:\/\/www.upo.es\/patio-colorado\/wp-content\/uploads\/2021\/03\/6RaptodeEuropaTiziano-U401951835029LaC-1027x900@abc-300x263.jpg 300w, https:\/\/www.upo.es\/patio-colorado\/wp-content\/uploads\/2021\/03\/6RaptodeEuropaTiziano-U401951835029LaC-1027x900@abc-1024x897.jpg 1024w, https:\/\/www.upo.es\/patio-colorado\/wp-content\/uploads\/2021\/03\/6RaptodeEuropaTiziano-U401951835029LaC-1027x900@abc-768x673.jpg 768w, https:\/\/www.upo.es\/patio-colorado\/wp-content\/uploads\/2021\/03\/6RaptodeEuropaTiziano-U401951835029LaC-1027x900@abc.jpg 1027w\" sizes=\"auto, (max-width: 357px) 100vw, 357px\" \/><\/p>\n<h4>El rapto de Europa. Tiziano. (1559-1562)<\/h4>\n<p><span style=\"font-weight: 400\">La composici\u00f3n se encuentra expuesta en distintas salas del museo y en sus paredes de color c\u00e1lido y oscuro, con la finalidad de crear una sensaci\u00f3n de congoja y de comodidad. En la exposici\u00f3n virtual, los representantes de la exposici\u00f3n, Miguel Falomir, comisario de la misma y director del museo, y Alejandro Vergara, jefe de Conservaci\u00f3n de Pintura Flamenca de la pinacoteca, van explicando de manera coloquial pero con gran cantidad de detalles, la historiograf\u00eda de las obras pict\u00f3ricas y los detalles de las mismas, asimismo el contexto hist\u00f3rico de los artistas y de sus creaciones.\u00a0\u00a0<\/span><\/p>\n<p><img loading=\"lazy\" decoding=\"async\" class=\"alignnone wp-image-1839\" src=\"https:\/\/www.upo.es\/patio-colorado\/wp-content\/uploads\/2021\/03\/8LashilanderasVelazquez-U401951835029LaC-1320x900@abc-300x205.jpg\" alt=\"\" width=\"362\" height=\"247\" srcset=\"https:\/\/www.upo.es\/patio-colorado\/wp-content\/uploads\/2021\/03\/8LashilanderasVelazquez-U401951835029LaC-1320x900@abc-300x205.jpg 300w, https:\/\/www.upo.es\/patio-colorado\/wp-content\/uploads\/2021\/03\/8LashilanderasVelazquez-U401951835029LaC-1320x900@abc-1024x698.jpg 1024w, https:\/\/www.upo.es\/patio-colorado\/wp-content\/uploads\/2021\/03\/8LashilanderasVelazquez-U401951835029LaC-1320x900@abc-768x524.jpg 768w, https:\/\/www.upo.es\/patio-colorado\/wp-content\/uploads\/2021\/03\/8LashilanderasVelazquez-U401951835029LaC-1320x900@abc.jpg 1320w\" sizes=\"auto, (max-width: 362px) 100vw, 362px\" \/><\/p>\n<h4>Las hilanderas. Vel\u00e1zquez. (1655-1660)<\/h4>\n<p><span style=\"font-weight: 400\">Este tipo de exposici\u00f3n virtual, no es \u00fanica en la actualidad, sin embargo en el Museo del Prado s\u00ed lo es, puesto que, adem\u00e1s de que no s\u00f3lo se muestran las obras, sino que tambi\u00e9n se hace una ruta con dos profesionales y responsables de la misma, ayudando tambi\u00e9n a que el entendimiento sea mucho m\u00e1s fruct\u00edfero. Hay una gran conexi\u00f3n entre la trasmisi\u00f3n en directo y los espectadores, puesto que pueden ir comentando lo que van considerando de la exposici\u00f3n y adem\u00e1s de plantear preguntas a los responsables de la ruta virtual que se est\u00e1 mostrando en el desarrollo de la exposici\u00f3n. Se podr\u00e1 observar en sus diversas redes sociales y disfrutarse sin l\u00edmite de veces puesto que permanecer\u00e1 de manera fija en sus contenidos. As\u00ed es c\u00f3mo el Museo del Prado toma ejemplos de otras exposiciones virtuales como por ejemplo las que aparecen en <\/span><a href=\"http:\/\/www.culturaydeporte.gob.es\/mtraje\/exposicion\/temporales\/historico\/2010\/mariano-fortuny.html\"><span style=\"font-weight: 400\">la Web del Ministerio de Cultura y Deportes de Espa\u00f1a,<\/span><\/a><span style=\"font-weight: 400\"> donde se pueden observar tanto la exposici\u00f3n como diversas entrevistas con los comisarios o dirigentes de las exposiciones, tambi\u00e9n recursos para exposiciones e incluso las que son itinerantes, en este lugar se pueden encontrar diversas herramientas relacionadas con el mundo del arte y de la cultura.<\/span><\/p>\n<p><span style=\"font-weight: 400\">Como hemos comentado con anterioridad, \u201cPasiones Mitol\u00f3gicas se podr\u00e1 disfrutar en el Museo del Prado de Madrid desde el 2 de Marzo hasta el 4 de Julio de 2021 adem\u00e1s de poder adquirir un cat\u00e1logo muy amplio de descripci\u00f3n de las obras llevado a cabo por las instituciones colaboradoras, ambos se pueden adquirir en la <\/span><a href=\"https:\/\/www.museodelprado.es\/actualidad\/exposicion\/pasiones-mitologicas-tiziano-veronese-allori\/0fe29f8e-c205-af98-9306-51b5b1f26675?_ga=2.2078897.1890236140.1614880466-37796792.1614880466\"><span style=\"font-weight: 400\">Web del museo<\/span><\/a><span style=\"font-weight: 400\"> o de manera presencial.<\/span><\/p>\n<p><img loading=\"lazy\" decoding=\"async\" class=\"alignnone wp-image-1841\" src=\"https:\/\/www.upo.es\/patio-colorado\/wp-content\/uploads\/2021\/03\/12LastresGraciasRubens-U401951835029Sl-738x900@abc-246x300.jpg\" alt=\"\" width=\"302\" height=\"368\" srcset=\"https:\/\/www.upo.es\/patio-colorado\/wp-content\/uploads\/2021\/03\/12LastresGraciasRubens-U401951835029Sl-738x900@abc-246x300.jpg 246w, https:\/\/www.upo.es\/patio-colorado\/wp-content\/uploads\/2021\/03\/12LastresGraciasRubens-U401951835029Sl-738x900@abc.jpg 738w\" sizes=\"auto, (max-width: 302px) 100vw, 302px\" \/><\/p>\n<h4 class=\"titulo-pie\">&#8216;Las tres Gracias&#8217;, Rubens. (1630-1635)<\/h4>\n","protected":false},"excerpt":{"rendered":"<p>En pleno siglo XXI y con la situaci\u00f3n que nos ha tocado vivir, se est\u00e1n creando nuevos proyectos de acercamiento al arte por medio de las redes sociales. Este es el caso del Museo del Prado de Madrid quien se ha unido a las nuevas t\u00e9cnicas de acercamiento del arte y han comenzado a utilizar [&hellip;]<\/p>\n","protected":false},"author":57,"featured_media":1834,"comment_status":"open","ping_status":"open","sticky":false,"template":"","format":"standard","meta":{"_acf_changed":false,"_monsterinsights_skip_tracking":false,"_monsterinsights_sitenote_active":false,"_monsterinsights_sitenote_note":"","_monsterinsights_sitenote_category":0,"footnotes":""},"categories":[45,12,167],"tags":[],"class_list":["post-1833","post","type-post","status-publish","format-standard","has-post-thumbnail","hentry","category-boletin-colorao","category-eventos","category-pintura-escultura"],"blocksy_meta":[],"acf":[],"jetpack_featured_media_url":"https:\/\/www.upo.es\/patio-colorado\/wp-content\/uploads\/2021\/03\/catalogo-pasiones-mitologicas-esp.jpg","_links":{"self":[{"href":"https:\/\/www.upo.es\/patio-colorado\/wp-json\/wp\/v2\/posts\/1833","targetHints":{"allow":["GET"]}}],"collection":[{"href":"https:\/\/www.upo.es\/patio-colorado\/wp-json\/wp\/v2\/posts"}],"about":[{"href":"https:\/\/www.upo.es\/patio-colorado\/wp-json\/wp\/v2\/types\/post"}],"author":[{"embeddable":true,"href":"https:\/\/www.upo.es\/patio-colorado\/wp-json\/wp\/v2\/users\/57"}],"replies":[{"embeddable":true,"href":"https:\/\/www.upo.es\/patio-colorado\/wp-json\/wp\/v2\/comments?post=1833"}],"version-history":[{"count":6,"href":"https:\/\/www.upo.es\/patio-colorado\/wp-json\/wp\/v2\/posts\/1833\/revisions"}],"predecessor-version":[{"id":1845,"href":"https:\/\/www.upo.es\/patio-colorado\/wp-json\/wp\/v2\/posts\/1833\/revisions\/1845"}],"wp:featuredmedia":[{"embeddable":true,"href":"https:\/\/www.upo.es\/patio-colorado\/wp-json\/wp\/v2\/media\/1834"}],"wp:attachment":[{"href":"https:\/\/www.upo.es\/patio-colorado\/wp-json\/wp\/v2\/media?parent=1833"}],"wp:term":[{"taxonomy":"category","embeddable":true,"href":"https:\/\/www.upo.es\/patio-colorado\/wp-json\/wp\/v2\/categories?post=1833"},{"taxonomy":"post_tag","embeddable":true,"href":"https:\/\/www.upo.es\/patio-colorado\/wp-json\/wp\/v2\/tags?post=1833"}],"curies":[{"name":"wp","href":"https:\/\/api.w.org\/{rel}","templated":true}]}}