{"id":1911,"date":"2021-03-11T16:31:42","date_gmt":"2021-03-11T16:31:42","guid":{"rendered":"https:\/\/www.upo.es\/patio-colorado\/?p=1911"},"modified":"2021-03-11T16:31:50","modified_gmt":"2021-03-11T16:31:50","slug":"la-historia-de-sevilla-a-traves-de-sus-lugares-olvidados","status":"publish","type":"post","link":"https:\/\/www.upo.es\/patio-colorado\/2021\/03\/11\/la-historia-de-sevilla-a-traves-de-sus-lugares-olvidados\/","title":{"rendered":"La historia de Sevilla a trav\u00e9s de sus lugares olvidados"},"content":{"rendered":"<blockquote>\n<p style=\"text-align: center\"><em>\u201cEn Sevilla y en el margen del Guadalquivir que conduce al convento de San Jer\u00f3nimo, hay, cerca del agua, una especie de remanso que fertiliza un valle en miniatura formado por el corte natural de la rivera que en aquel lugar es bien alta y forma un r\u00e1pido declive.\u201d<\/em><\/p>\n<\/blockquote>\n<p style=\"text-align: left\">As\u00ed describ\u00eda el famoso poeta B\u00e9cquer este lugar de encuentro y recreo cercano al Guadalquivir, conocido como \u201cel Blanquillo\u201d o \u201cPat\u00edn de las damas\u201d. Este lugar se encontraba en la actual zona de la Barqueta, debido a su disposici\u00f3n, siempre fue un lugar muy maltratado por las incesantes crecidas del rio, ya que era el punto mas exterior del meandro que se iniciaba en San Jer\u00f3nimo, adem\u00e1s de coincidir con su antiguo cauce.<\/p>\n<p style=\"text-align: left\">Se podr\u00eda decir que la historia de la ciudad ha transcurrido marcada por las crecidas que, con una regularidad irritantemente, inundaban la ciudad a\u00f1o tras a\u00f1o. La muralla almohade sirvi\u00f3 muchas veces de muro de contenci\u00f3n lo que no siempre daba resultado. En casos as\u00ed, la implacable fuerza del r\u00edo derribaba cualquier obst\u00e1culo y entraba en la ciudad como una tromba. Solo con la construcci\u00f3n de la d\u00e1rsena y el desv\u00edo y el soterramiento de los arroyos Tamargillo y Tagarete se pudo controlar la fuerza del Guadalquivir.<\/p>\n<figure id=\"attachment_1912\" aria-describedby=\"caption-attachment-1912\" style=\"width: 410px\" class=\"wp-caption aligncenter\"><img loading=\"lazy\" decoding=\"async\" class=\"wp-image-1912\" src=\"https:\/\/www.upo.es\/patio-colorado\/wp-content\/uploads\/2021\/03\/patin-de-las-damas-01-300x220.jpg\" alt=\"\" width=\"410\" height=\"301\" srcset=\"https:\/\/www.upo.es\/patio-colorado\/wp-content\/uploads\/2021\/03\/patin-de-las-damas-01-300x220.jpg 300w, https:\/\/www.upo.es\/patio-colorado\/wp-content\/uploads\/2021\/03\/patin-de-las-damas-01.jpg 400w\" sizes=\"auto, (max-width: 410px) 100vw, 410px\" \/><figcaption id=\"caption-attachment-1912\" class=\"wp-caption-text\">20 de marzo de 1892. La imagen muestra el puente de Triana inundado, el cual en condiciones normales dejar\u00eda ver entre cinco y seis metros de sus pilares.<\/figcaption><\/figure>\n<p><span style=\"color: #ff0000\">\u00bfQu\u00e9 era el \u201cPat\u00edn de las Damas\u201d?<\/span><\/p>\n<p>Era un espacio elevado de la muralla. En este lugar y con motivo de las obras de defensa que se realizaron en el \u00faltimo cuarto del siglo XVIII, se form\u00f3 una especie de paseo que estaba bordeado por un muro donde se establecieron algunos bancos. Fue el primer paseo llamado de las Delicias. A\u00f1os m\u00e1s tarde este nombre lo tom\u00f3 el Almaciguero creado por el Asistente Arjona que se ha denominado hasta nuestros d\u00edas Paseo de las Delicias.<\/p>\n<figure id=\"attachment_1914\" aria-describedby=\"caption-attachment-1914\" style=\"width: 410px\" class=\"wp-caption aligncenter\"><img loading=\"lazy\" decoding=\"async\" class=\"wp-image-1914 \" src=\"https:\/\/www.upo.es\/patio-colorado\/wp-content\/uploads\/2021\/03\/patin-de-las-damas-16-300x218.jpg\" alt=\"\" width=\"410\" height=\"298\" srcset=\"https:\/\/www.upo.es\/patio-colorado\/wp-content\/uploads\/2021\/03\/patin-de-las-damas-16-300x218.jpg 300w, https:\/\/www.upo.es\/patio-colorado\/wp-content\/uploads\/2021\/03\/patin-de-las-damas-16.jpg 640w\" sizes=\"auto, (max-width: 410px) 100vw, 410px\" \/><figcaption id=\"caption-attachment-1914\" class=\"wp-caption-text\">Puerta de la Almenilla o de la Barqueta. A la izquierda, en la muralla, se aprecian varias personas tomando el fresco en el Pat\u00edn de las Damas.<\/figcaption><\/figure>\n<p>Este espacio constituir\u00eda un espacio de recreo para la ciudadan\u00eda sevillana. El sitio del Pat\u00edn solucion\u00f3 de forma definitiva el peligro de colapso de la muralla, aunque como sabemos, las riadas siguieron hasta hace poco menos de 60 a\u00f1os. Sin embargo, poco se pudo disfrutar del lugar ya que en 1855 se aprob\u00f3 la construcci\u00f3n de la primera estaci\u00f3n de ferrocarril de Sevilla en Plaza de Armas. Estas obras liquidaron el viejo barrio de Los Humeros, y las v\u00edas, que corr\u00edan paralelas a la muralla en direcci\u00f3n norte, cambiaron para siempre el entorno de esa parte a extramuros de Sevilla. La puerta de la Almenilla fue la primera en caer v\u00edctima de las obras en 1858, y con ella el Pat\u00edn de las Damas que, seg\u00fan era costumbre, se llenaba de gente en las c\u00e1lidas noches de verano de Sevilla para pasar las veladas en plena diversi\u00f3n sintiendo el frescor del cercano r\u00edo. El terreno que ocupaban qued\u00f3 expedito para trazar la calle Torneo, que correr\u00eda paralela a las v\u00edas del ferrocarril hasta su traslado a la nueva estaci\u00f3n de Santa Justa en el 92.<\/p>\n<p><strong>Bibliograf\u00eda:<\/strong><\/p>\n<p>GARMENDIA, Jos\u00e9 Manuel. \u201cEl Pat\u00edn de las Damas: Un lugar olvidado\u201d.\u00a0<i>Laboratorio de Arte <\/i>1 (1988)<\/p>\n<p>GARMENDIA, Jos\u00e9 Manuel. \u00abEn torno al extramuros de Sevilla: El plano de 1836\u00bb. <em>Laboratorio de Arte<\/em> 12 (1999) 345 &#8211; 354<\/p>\n<p>RUIZ JIMENEZ, Juan. \u00abBailes estivales en El Blanquillo o Pat\u00edn de las damas\u00bb, <em>Paisajes Sonoros Hist\u00f3ricos<\/em>, 2016. ISSN: 2603-686X.\u00a0<a href=\"http:\/\/www.historicalsoundscapes.com\/evento\/528\/sevilla\/es\">http:\/\/www.historicalsoundscapes.com\/evento\/528\/sevilla\/es<\/a>.<\/p>\n","protected":false},"excerpt":{"rendered":"<p>\u201cEn Sevilla y en el margen del Guadalquivir que conduce al convento de San Jer\u00f3nimo, hay, cerca del agua, una especie de remanso que fertiliza un valle en miniatura formado por el corte natural de la rivera que en aquel lugar es bien alta y forma un r\u00e1pido declive.\u201d As\u00ed describ\u00eda el famoso poeta B\u00e9cquer [&hellip;]<\/p>\n","protected":false},"author":45,"featured_media":1919,"comment_status":"open","ping_status":"open","sticky":false,"template":"","format":"standard","meta":{"_acf_changed":false,"_monsterinsights_skip_tracking":false,"_monsterinsights_sitenote_active":false,"_monsterinsights_sitenote_note":"","_monsterinsights_sitenote_category":0,"footnotes":""},"categories":[166,44,309,301],"tags":[],"class_list":["post-1911","post","type-post","status-publish","format-standard","has-post-thumbnail","hentry","category-historia-arqueologia","category-patrimonio","category-provincias","category-sevilla"],"blocksy_meta":[],"acf":[],"jetpack_featured_media_url":"https:\/\/www.upo.es\/patio-colorado\/wp-content\/uploads\/2021\/03\/EUWzh85XgAAb_C_.jpg","_links":{"self":[{"href":"https:\/\/www.upo.es\/patio-colorado\/wp-json\/wp\/v2\/posts\/1911","targetHints":{"allow":["GET"]}}],"collection":[{"href":"https:\/\/www.upo.es\/patio-colorado\/wp-json\/wp\/v2\/posts"}],"about":[{"href":"https:\/\/www.upo.es\/patio-colorado\/wp-json\/wp\/v2\/types\/post"}],"author":[{"embeddable":true,"href":"https:\/\/www.upo.es\/patio-colorado\/wp-json\/wp\/v2\/users\/45"}],"replies":[{"embeddable":true,"href":"https:\/\/www.upo.es\/patio-colorado\/wp-json\/wp\/v2\/comments?post=1911"}],"version-history":[{"count":6,"href":"https:\/\/www.upo.es\/patio-colorado\/wp-json\/wp\/v2\/posts\/1911\/revisions"}],"predecessor-version":[{"id":1920,"href":"https:\/\/www.upo.es\/patio-colorado\/wp-json\/wp\/v2\/posts\/1911\/revisions\/1920"}],"wp:featuredmedia":[{"embeddable":true,"href":"https:\/\/www.upo.es\/patio-colorado\/wp-json\/wp\/v2\/media\/1919"}],"wp:attachment":[{"href":"https:\/\/www.upo.es\/patio-colorado\/wp-json\/wp\/v2\/media?parent=1911"}],"wp:term":[{"taxonomy":"category","embeddable":true,"href":"https:\/\/www.upo.es\/patio-colorado\/wp-json\/wp\/v2\/categories?post=1911"},{"taxonomy":"post_tag","embeddable":true,"href":"https:\/\/www.upo.es\/patio-colorado\/wp-json\/wp\/v2\/tags?post=1911"}],"curies":[{"name":"wp","href":"https:\/\/api.w.org\/{rel}","templated":true}]}}